{"id":36290,"date":"2020-10-05T21:30:59","date_gmt":"2020-10-05T21:30:59","guid":{"rendered":"https:\/\/jorgezanoni.com.br\/2019\/?p=36290"},"modified":"2020-10-05T21:30:59","modified_gmt":"2020-10-05T21:30:59","slug":"anglo-cid-realiza-acao-do-setembro-amarelo","status":"publish","type":"post","link":"https:\/\/jorgezanoni.com.br\/2019\/anglo-cid-realiza-acao-do-setembro-amarelo\/","title":{"rendered":"Anglo-CID realiza a\u00e7\u00e3o do Setembro Amarelo"},"content":{"rendered":"<p dir=\"ltr\" style=\"text-align: justify;\">Para encerrar o Setembro Amarelo, o Col\u00e9gio Anglo-CID realizou hoje, 2 de outubro, uma palestra on-line organizada pela psic\u00f3loga e neuropsic\u00f3loga M\u00e9rieli Guerra F\u00e1varo e ministrada pela m\u00e9dica psiquiatra Dra. Mariana Milanezi Gomes de Luca, com o tema da campanha deste ano que foi: \u00c9 preciso agir. O suic\u00eddio pode ser evitado!<\/p>\n<p dir=\"ltr\" style=\"text-align: justify;\">Puderam acompanhar a palestra via aplicativo Meet os alunos do 2\u00ba e 3\u00ba anos do ensino m\u00e9dio do col\u00e9gio.<\/p>\n<p dir=\"ltr\" style=\"text-align: justify;\">A m\u00e9dica Mariana destacou aos alunos a import\u00e2ncia de se amar, do autocuidado, de ter empatia e de buscar ajuda profissional se necess\u00e1rio.<\/p>\n<p dir=\"ltr\" style=\"text-align: justify;\">A psic\u00f3loga do Col\u00e9gio Anglo-CID aproveitou para mais uma vez se colocar \u00e0 disposi\u00e7\u00e3o dos alunos.<\/p>\n<p dir=\"ltr\" style=\"text-align: justify;\">M\u00e9rieli agradeceu \u00e0 dire\u00e7\u00e3o e \u00e0 coordena\u00e7\u00e3o do Col\u00e9gio Anglo-CID pelo apoio na realiza\u00e7\u00e3o do evento, com relatos de empatia, e \u00e0 Dra. Mariana pela acolhida ao convite feito.<\/p>\n<p dir=\"ltr\" style=\"text-align: justify;\">A diretora do Col\u00e9gio Anglo-CID Eul\u00e1lia Fava destacou que falar e informar sobre o suic\u00eddio \u00e9 muito importante, principalmente para o nosso alunado jovem, pois, como as pesquisas destacam, o maior aumento de suic\u00eddios no Brasil \u00e9 registrado entre os jovens de 15 a 25 anos. Por isso, nossa escola apoia esse trabalho de conscientiza\u00e7\u00e3o sobre a preven\u00e7\u00e3o do suic\u00eddio.<span id=\"gmail-docs-internal-guid-93b31121-7fff-1576-cc54-ee9b87284b92\"><\/span><\/p>\n<p dir=\"ltr\"><img loading=\"lazy\" decoding=\"async\" class=\"alignnone size-full wp-image-36291\" src=\"https:\/\/jorgezanoni.com.br\/2019\/wp-content\/uploads\/2020\/10\/cid.jpg\" alt=\"\" width=\"1280\" height=\"584\" srcset=\"https:\/\/jorgezanoni.com.br\/2019\/wp-content\/uploads\/2020\/10\/cid.jpg 1280w, https:\/\/jorgezanoni.com.br\/2019\/wp-content\/uploads\/2020\/10\/cid-300x137.jpg 300w, https:\/\/jorgezanoni.com.br\/2019\/wp-content\/uploads\/2020\/10\/cid-1024x467.jpg 1024w, https:\/\/jorgezanoni.com.br\/2019\/wp-content\/uploads\/2020\/10\/cid-768x350.jpg 768w, https:\/\/jorgezanoni.com.br\/2019\/wp-content\/uploads\/2020\/10\/cid-696x318.jpg 696w, https:\/\/jorgezanoni.com.br\/2019\/wp-content\/uploads\/2020\/10\/cid-1068x487.jpg 1068w, https:\/\/jorgezanoni.com.br\/2019\/wp-content\/uploads\/2020\/10\/cid-921x420.jpg 921w\" sizes=\"auto, (max-width: 1280px) 100vw, 1280px\" \/><\/p>\n<div class=\"gmail_signature\" dir=\"ltr\">\n<div dir=\"ltr\" style=\"text-align: justify;\">Carolina Colnago<br \/>\nAssistente de Comunica\u00e7\u00e3o<br \/>\nFunda\u00e7\u00e3o Dracenense de Educa\u00e7\u00e3o e Cultura<\/div>\n<\/div>\n","protected":false},"excerpt":{"rendered":"<p>Para encerrar o Setembro Amarelo, o Col\u00e9gio Anglo-CID realizou hoje, 2 de outubro, uma palestra on-line organizada pela psic\u00f3loga e neuropsic\u00f3loga M\u00e9rieli Guerra F\u00e1varo e ministrada pela m\u00e9dica psiquiatra Dra. Mariana Milanezi Gomes de Luca, com o tema da campanha deste ano que foi: \u00c9 preciso agir. O suic\u00eddio pode ser evitado! Puderam acompanhar a [&hellip;]<\/p>\n","protected":false},"author":1,"featured_media":36292,"comment_status":"closed","ping_status":"open","sticky":false,"template":"","format":"standard","meta":{"footnotes":""},"categories":[122],"tags":[],"class_list":["post-36290","post","type-post","status-publish","format-standard","has-post-thumbnail","hentry","category-saudeeducacaoeconcurso"],"_links":{"self":[{"href":"https:\/\/jorgezanoni.com.br\/2019\/wp-json\/wp\/v2\/posts\/36290","targetHints":{"allow":["GET"]}}],"collection":[{"href":"https:\/\/jorgezanoni.com.br\/2019\/wp-json\/wp\/v2\/posts"}],"about":[{"href":"https:\/\/jorgezanoni.com.br\/2019\/wp-json\/wp\/v2\/types\/post"}],"author":[{"embeddable":true,"href":"https:\/\/jorgezanoni.com.br\/2019\/wp-json\/wp\/v2\/users\/1"}],"replies":[{"embeddable":true,"href":"https:\/\/jorgezanoni.com.br\/2019\/wp-json\/wp\/v2\/comments?post=36290"}],"version-history":[{"count":0,"href":"https:\/\/jorgezanoni.com.br\/2019\/wp-json\/wp\/v2\/posts\/36290\/revisions"}],"wp:featuredmedia":[{"embeddable":true,"href":"https:\/\/jorgezanoni.com.br\/2019\/wp-json\/wp\/v2\/media\/36292"}],"wp:attachment":[{"href":"https:\/\/jorgezanoni.com.br\/2019\/wp-json\/wp\/v2\/media?parent=36290"}],"wp:term":[{"taxonomy":"category","embeddable":true,"href":"https:\/\/jorgezanoni.com.br\/2019\/wp-json\/wp\/v2\/categories?post=36290"},{"taxonomy":"post_tag","embeddable":true,"href":"https:\/\/jorgezanoni.com.br\/2019\/wp-json\/wp\/v2\/tags?post=36290"}],"curies":[{"name":"wp","href":"https:\/\/api.w.org\/{rel}","templated":true}]}}