{"id":36275,"date":"2020-10-05T15:54:39","date_gmt":"2020-10-05T15:54:39","guid":{"rendered":"https:\/\/jorgezanoni.com.br\/2019\/?p=36275"},"modified":"2020-10-05T15:54:39","modified_gmt":"2020-10-05T15:54:39","slug":"morre-o-sensei-eduardo-tomiyoshi","status":"publish","type":"post","link":"https:\/\/jorgezanoni.com.br\/2019\/morre-o-sensei-eduardo-tomiyoshi\/","title":{"rendered":"Morre o Sensei Eduardo Tomiyoshi"},"content":{"rendered":"<p style=\"text-align: justify;\">O esportista judoca dracenense Eduardo Hideo Tomiyoshi faleceu na manh\u00e3 desta segunda feira na Santa Casa de Dracena. Eduardo estava internado em tratamento, mas n\u00e3o resistiu vindo a \u00f3bito<\/p>\n<p style=\"text-align: justify;\">Hideo, como era conhecido no meio esportivo de Dracena, foi um dos grandes incentivadores do Jud\u00f4 e professor na Academia mantida pela ADEC. Muitos atletas de destaque da cidade come\u00e7aram com o sensei Hideo, sendo respons\u00e1vel por conquistas de muitas medalhas nos torneios oficiais da Federa\u00e7\u00e3o Paulista de Jud\u00f4, Jogos Regionais e Jogos Abertos do Interior.<\/p>\n<p style=\"text-align: justify;\">O esporte de Dracena perde um dos seus melhores t\u00e9cnicos e com certeza far\u00e1 muita no nobre esporte de origem japonesa.<\/p>\n<p style=\"text-align: justify;\">Em 2008 recebeu o t\u00edtulo de Cidad\u00e3o Honor\u00e1rio de Dracena.<\/p>\n","protected":false},"excerpt":{"rendered":"<p>O esportista judoca dracenense Eduardo Hideo Tomiyoshi faleceu na manh\u00e3 desta segunda feira na Santa Casa de Dracena. Eduardo estava internado em tratamento, mas n\u00e3o resistiu vindo a \u00f3bito Hideo, como era conhecido no meio esportivo de Dracena, foi um dos grandes incentivadores do Jud\u00f4 e professor na Academia mantida pela ADEC. Muitos atletas de [&hellip;]<\/p>\n","protected":false},"author":1,"featured_media":36276,"comment_status":"closed","ping_status":"open","sticky":false,"template":"","format":"standard","meta":{"footnotes":""},"categories":[178,110],"tags":[],"class_list":["post-36275","post","type-post","status-publish","format-standard","has-post-thumbnail","hentry","category-notadefalecimento","category-noticiasdestaque"],"_links":{"self":[{"href":"https:\/\/jorgezanoni.com.br\/2019\/wp-json\/wp\/v2\/posts\/36275","targetHints":{"allow":["GET"]}}],"collection":[{"href":"https:\/\/jorgezanoni.com.br\/2019\/wp-json\/wp\/v2\/posts"}],"about":[{"href":"https:\/\/jorgezanoni.com.br\/2019\/wp-json\/wp\/v2\/types\/post"}],"author":[{"embeddable":true,"href":"https:\/\/jorgezanoni.com.br\/2019\/wp-json\/wp\/v2\/users\/1"}],"replies":[{"embeddable":true,"href":"https:\/\/jorgezanoni.com.br\/2019\/wp-json\/wp\/v2\/comments?post=36275"}],"version-history":[{"count":0,"href":"https:\/\/jorgezanoni.com.br\/2019\/wp-json\/wp\/v2\/posts\/36275\/revisions"}],"wp:featuredmedia":[{"embeddable":true,"href":"https:\/\/jorgezanoni.com.br\/2019\/wp-json\/wp\/v2\/media\/36276"}],"wp:attachment":[{"href":"https:\/\/jorgezanoni.com.br\/2019\/wp-json\/wp\/v2\/media?parent=36275"}],"wp:term":[{"taxonomy":"category","embeddable":true,"href":"https:\/\/jorgezanoni.com.br\/2019\/wp-json\/wp\/v2\/categories?post=36275"},{"taxonomy":"post_tag","embeddable":true,"href":"https:\/\/jorgezanoni.com.br\/2019\/wp-json\/wp\/v2\/tags?post=36275"}],"curies":[{"name":"wp","href":"https:\/\/api.w.org\/{rel}","templated":true}]}}