{"id":36272,"date":"2020-10-05T15:44:18","date_gmt":"2020-10-05T15:44:18","guid":{"rendered":"https:\/\/jorgezanoni.com.br\/2019\/?p=36272"},"modified":"2020-10-05T15:44:18","modified_gmt":"2020-10-05T15:44:18","slug":"homem-e-encontrado-morto-em-cachoeira-entre-os-municipios-de-iepe-e-nantes","status":"publish","type":"post","link":"https:\/\/jorgezanoni.com.br\/2019\/homem-e-encontrado-morto-em-cachoeira-entre-os-municipios-de-iepe-e-nantes\/","title":{"rendered":"Homem \u00e9 encontrado morto em cachoeira entre os munic\u00edpios de Iep\u00ea e Nantes"},"content":{"rendered":"<h2 class=\"content-head__subtitle\" style=\"text-align: justify;\"><strong>Corpo de Bombeiros realizou o resgate neste domingo (4). V\u00edtima trabalhava no F\u00f3rum de Presidente Prudente e tamb\u00e9m era m\u00fasico.<\/strong><\/h2>\n<div class=\"mc-column content-text active-extra-styles \" data-block-type=\"unstyled\" data-block-weight=\"24\" data-block-id=\"2\">\n<p class=\"content-text__container \" style=\"text-align: justify;\" data-track-category=\"Link no Texto\" data-track-links=\"\">Um homem de 44 anos foi encontrado morto neste domingo (4) em uma cachoeira que fica localizada entre as cidades de\u00a0<a href=\"https:\/\/g1.globo.com\/sp\/presidente-prudente-regiao\/cidade\/iepe\/\">Iep\u00ea<\/a>\u00a0e\u00a0<a href=\"https:\/\/g1.globo.com\/sp\/presidente-prudente-regiao\/cidade\/nantes\/\">Nantes<\/a>.<\/p>\n<\/div>\n<div class=\"wall protected-content\">\n<div class=\"mc-column content-text active-extra-styles \" style=\"text-align: justify;\" data-block-type=\"unstyled\" data-block-weight=\"26\" data-block-id=\"3\">\n<p class=\"content-text__container \" data-track-category=\"Link no Texto\" data-track-links=\"\">De acordo com informa\u00e7\u00f5es do Corpo de Bombeiros, o corpo foi encontrado parcialmente submerso. O homem trabalhava no F\u00f3rum de Presidente Prudente e tamb\u00e9m era m\u00fasico.<\/p>\n<\/div>\n<div class=\"mc-column content-text active-extra-styles \" style=\"text-align: justify;\" data-block-type=\"unstyled\" data-block-weight=\"13\" data-block-id=\"4\">\n<p class=\"content-text__container \" data-track-category=\"Link no Texto\" data-track-links=\"\">Ainda conforme a corpora\u00e7\u00e3o, o local \u00e9 bastante frequentado aos fins de semana.<\/p>\n<\/div>\n<div class=\"mc-column content-text active-extra-styles \" style=\"text-align: justify;\" data-block-type=\"unstyled\" data-block-weight=\"55\" data-block-id=\"5\">\n<p class=\"content-text__container \" data-track-category=\"Link no Texto\" data-track-links=\"\">De acordo com informa\u00e7\u00f5es da Pol\u00edcia Civil ao\u00a0<strong>G1<\/strong>, a Pol\u00edcia Militar foi acionada devido \u00e0 localiza\u00e7\u00e3o de um corpo nas \u00e1guas do Rio Jaguaret\u00ea, mais precisamente em uma cachoeira localizada na altura do KM 122 da Rodovia Eduardo Gomes (SP-457). Bombeiros tamb\u00e9m estiveram no local e trabalharam na retirada do corpo da \u00e1gua.<\/p>\n<\/div>\n<div class=\"mc-column content-text active-extra-styles \" style=\"text-align: justify;\" data-block-type=\"unstyled\" data-block-weight=\"15\" data-block-id=\"6\">\n<p class=\"content-text__container \" data-track-category=\"Link no Texto\" data-track-links=\"\">Quando localizado, n\u00e3o havia no local qualquer objeto ou documento para identificar a v\u00edtima.<\/p>\n<\/div>\n<div class=\"mc-column content-text active-extra-styles \" style=\"text-align: justify;\" data-block-type=\"unstyled\" data-block-weight=\"41\" data-block-id=\"7\">\n<p class=\"content-text__container \" data-track-category=\"Link no Texto\" data-track-links=\"\">Ainda conforme informou aio\u00a0<strong>G1\u00a0<\/strong>a pol\u00edcia, o corpo foi levado ao Servi\u00e7o de Verifica\u00e7\u00e3o de \u00d3bito (SVO), no Hospital Regional de Presidente Prudente, onde no final da tarde deste domingo houve a identifica\u00e7\u00e3o. O irm\u00e3o da v\u00edtima fez o reconhecimento.<\/p>\n<\/div>\n<div class=\"mc-column content-text active-extra-styles \" style=\"text-align: justify;\" data-block-type=\"unstyled\" data-block-weight=\"11\" data-block-id=\"8\">\n<p class=\"content-text__container \" data-track-category=\"Link no Texto\" data-track-links=\"\">Um inqu\u00e9rito policial deve apurar as circunst\u00e2ncias da morte do m\u00fasico.<\/p>\n<\/div>\n<div class=\"mc-column content-text active-extra-styles \" style=\"text-align: justify;\" data-block-type=\"unstyled\" data-block-weight=\"19\" data-block-id=\"9\">\n<p class=\"content-text__container \" data-track-category=\"Link no Texto\" data-track-links=\"\">O sepultamento est\u00e1 previsto para as 13h45 desta segunda-feira (5) no Cemit\u00e9rio Municipal S\u00e3o Jo\u00e3o Batista, em Presidente Prudente.<\/p>\n<\/div>\n<div class=\"content-ads content-ads--reveal\" style=\"text-align: justify;\" data-block-type=\"ads\" data-block-id=\"10\">\n<div id=\"banner_materia2\" class=\"tag-manager-publicidade-container mc-has-reveal mc-has-ad-lazyload\" data-id=\"banner_materia2\"><\/div>\n<\/div>\n<div class=\"row medium-uncollapsed content-media content-photo\" data-block-type=\"backstage-photo\" data-block-id=\"11\">\n<div class=\"mc-column content-media__container\">\n<figure style=\"text-align: justify;\"><img decoding=\"async\" class=\"i-amphtml-fill-content i-amphtml-replaced-content\" src=\"https:\/\/s2.glbimg.com\/U-KbE_EBVt24DIhr-6un-jAWusg=\/0x0:838x1080\/984x0\/smart\/filters:strip_icc()\/i.s3.glbimg.com\/v1\/AUTH_59edd422c0c84a879bd37670ae4f538a\/internal_photos\/bs\/2020\/S\/L\/JAGKSnSTCqd12DGNN0kw\/untitled-2.jpg\" sizes=\"(max-width: 1366px) 648px, 100vw\" srcset=\"https:\/\/s2.glbimg.com\/_AeLsZGLooGqUkekFPIAZDAWdVo=\/0x0:838x1080\/1000x0\/smart\/filters:strip_icc()\/i.s3.glbimg.com\/v1\/AUTH_59edd422c0c84a879bd37670ae4f538a\/internal_photos\/bs\/2020\/S\/L\/JAGKSnSTCqd12DGNN0kw\/untitled-2.jpg 1000w, https:\/\/s2.glbimg.com\/U-KbE_EBVt24DIhr-6un-jAWusg=\/0x0:838x1080\/984x0\/smart\/filters:strip_icc()\/i.s3.glbimg.com\/v1\/AUTH_59edd422c0c84a879bd37670ae4f538a\/internal_photos\/bs\/2020\/S\/L\/JAGKSnSTCqd12DGNN0kw\/untitled-2.jpg 984w, https:\/\/s2.glbimg.com\/DysUyiBP3RbTqoP3q70uph1u5GE=\/0x0:838x1080\/640x0\/smart\/filters:strip_icc()\/i.s3.glbimg.com\/v1\/AUTH_59edd422c0c84a879bd37670ae4f538a\/internal_photos\/bs\/2020\/S\/L\/JAGKSnSTCqd12DGNN0kw\/untitled-2.jpg 640w, https:\/\/s2.glbimg.com\/M9gNsapwNzeKkr7ey4OuBAlPyaQ=\/0x0:838x1080\/600x0\/smart\/filters:strip_icc()\/i.s3.glbimg.com\/v1\/AUTH_59edd422c0c84a879bd37670ae4f538a\/internal_photos\/bs\/2020\/S\/L\/JAGKSnSTCqd12DGNN0kw\/untitled-2.jpg 600w\" alt=\"M\u00e1rcio Pereira foi encontrado morto em cachoeira \u2014 Foto: Reprodu\u00e7\u00e3o\/Facebook\" \/><\/figure>\n<p class=\"content-media__description \" style=\"text-align: justify;\">M\u00e1rcio Pereira foi encontrado morto em cachoeira \u2014 Foto: Reprodu\u00e7\u00e3o\/Facebook<\/p>\n<p style=\"text-align: justify;\">Fonte: G1<\/p>\n<\/div>\n<\/div>\n<\/div>\n","protected":false},"excerpt":{"rendered":"<p>Corpo de Bombeiros realizou o resgate neste domingo (4). V\u00edtima trabalhava no F\u00f3rum de Presidente Prudente e tamb\u00e9m era m\u00fasico. Um homem de 44 anos foi encontrado morto neste domingo (4) em uma cachoeira que fica localizada entre as cidades de\u00a0Iep\u00ea\u00a0e\u00a0Nantes. De acordo com informa\u00e7\u00f5es do Corpo de Bombeiros, o corpo foi encontrado parcialmente submerso. [&hellip;]<\/p>\n","protected":false},"author":1,"featured_media":36273,"comment_status":"closed","ping_status":"open","sticky":false,"template":"","format":"standard","meta":{"footnotes":""},"categories":[110,2],"tags":[],"class_list":["post-36272","post","type-post","status-publish","format-standard","has-post-thumbnail","hentry","category-noticiasdestaque","category-policial"],"_links":{"self":[{"href":"https:\/\/jorgezanoni.com.br\/2019\/wp-json\/wp\/v2\/posts\/36272","targetHints":{"allow":["GET"]}}],"collection":[{"href":"https:\/\/jorgezanoni.com.br\/2019\/wp-json\/wp\/v2\/posts"}],"about":[{"href":"https:\/\/jorgezanoni.com.br\/2019\/wp-json\/wp\/v2\/types\/post"}],"author":[{"embeddable":true,"href":"https:\/\/jorgezanoni.com.br\/2019\/wp-json\/wp\/v2\/users\/1"}],"replies":[{"embeddable":true,"href":"https:\/\/jorgezanoni.com.br\/2019\/wp-json\/wp\/v2\/comments?post=36272"}],"version-history":[{"count":0,"href":"https:\/\/jorgezanoni.com.br\/2019\/wp-json\/wp\/v2\/posts\/36272\/revisions"}],"wp:featuredmedia":[{"embeddable":true,"href":"https:\/\/jorgezanoni.com.br\/2019\/wp-json\/wp\/v2\/media\/36273"}],"wp:attachment":[{"href":"https:\/\/jorgezanoni.com.br\/2019\/wp-json\/wp\/v2\/media?parent=36272"}],"wp:term":[{"taxonomy":"category","embeddable":true,"href":"https:\/\/jorgezanoni.com.br\/2019\/wp-json\/wp\/v2\/categories?post=36272"},{"taxonomy":"post_tag","embeddable":true,"href":"https:\/\/jorgezanoni.com.br\/2019\/wp-json\/wp\/v2\/tags?post=36272"}],"curies":[{"name":"wp","href":"https:\/\/api.w.org\/{rel}","templated":true}]}}