{"id":36269,"date":"2020-10-05T15:32:54","date_gmt":"2020-10-05T15:32:54","guid":{"rendered":"https:\/\/jorgezanoni.com.br\/2019\/?p=36269"},"modified":"2020-10-05T15:32:54","modified_gmt":"2020-10-05T15:32:54","slug":"morre-31a-vitima-de-covid-19-na-santa-casa-de-dracena","status":"publish","type":"post","link":"https:\/\/jorgezanoni.com.br\/2019\/morre-31a-vitima-de-covid-19-na-santa-casa-de-dracena\/","title":{"rendered":"Morre 31\u00aa v\u00edtima de COVID-19 na Santa Casa de Dracena"},"content":{"rendered":"<p style=\"text-align: justify;\">Faleceu hoje (5) \u00e0s 07:00, um homem de 65 anos que estava internado na Santa Casa de Dracena desde o dia 30 de setembro.<\/p>\n<p style=\"text-align: justify;\">Ele havia testado Positivo para a COVID-19 e na manh\u00e3 desta segunda-feira, n\u00e3o resistiu e veio a \u00f3bito.<\/p>\n<p style=\"text-align: justify;\">Fonte: SCD<\/p>\n","protected":false},"excerpt":{"rendered":"<p>Faleceu hoje (5) \u00e0s 07:00, um homem de 65 anos que estava internado na Santa Casa de Dracena desde o dia 30 de setembro. Ele havia testado Positivo para a COVID-19 e na manh\u00e3 desta segunda-feira, n\u00e3o resistiu e veio a \u00f3bito. Fonte: SCD<\/p>\n","protected":false},"author":1,"featured_media":36270,"comment_status":"closed","ping_status":"open","sticky":false,"template":"","format":"standard","meta":{"footnotes":""},"categories":[178,110],"tags":[],"class_list":["post-36269","post","type-post","status-publish","format-standard","has-post-thumbnail","hentry","category-notadefalecimento","category-noticiasdestaque"],"_links":{"self":[{"href":"https:\/\/jorgezanoni.com.br\/2019\/wp-json\/wp\/v2\/posts\/36269","targetHints":{"allow":["GET"]}}],"collection":[{"href":"https:\/\/jorgezanoni.com.br\/2019\/wp-json\/wp\/v2\/posts"}],"about":[{"href":"https:\/\/jorgezanoni.com.br\/2019\/wp-json\/wp\/v2\/types\/post"}],"author":[{"embeddable":true,"href":"https:\/\/jorgezanoni.com.br\/2019\/wp-json\/wp\/v2\/users\/1"}],"replies":[{"embeddable":true,"href":"https:\/\/jorgezanoni.com.br\/2019\/wp-json\/wp\/v2\/comments?post=36269"}],"version-history":[{"count":0,"href":"https:\/\/jorgezanoni.com.br\/2019\/wp-json\/wp\/v2\/posts\/36269\/revisions"}],"wp:featuredmedia":[{"embeddable":true,"href":"https:\/\/jorgezanoni.com.br\/2019\/wp-json\/wp\/v2\/media\/36270"}],"wp:attachment":[{"href":"https:\/\/jorgezanoni.com.br\/2019\/wp-json\/wp\/v2\/media?parent=36269"}],"wp:term":[{"taxonomy":"category","embeddable":true,"href":"https:\/\/jorgezanoni.com.br\/2019\/wp-json\/wp\/v2\/categories?post=36269"},{"taxonomy":"post_tag","embeddable":true,"href":"https:\/\/jorgezanoni.com.br\/2019\/wp-json\/wp\/v2\/tags?post=36269"}],"curies":[{"name":"wp","href":"https:\/\/api.w.org\/{rel}","templated":true}]}}