{"id":36261,"date":"2020-10-05T11:56:34","date_gmt":"2020-10-05T11:56:34","guid":{"rendered":"https:\/\/jorgezanoni.com.br\/2019\/?p=36261"},"modified":"2020-10-05T11:56:34","modified_gmt":"2020-10-05T11:56:34","slug":"a-fe-e-sua-importancia-em-nossas-vidas-anuar-mamede","status":"publish","type":"post","link":"https:\/\/jorgezanoni.com.br\/2019\/a-fe-e-sua-importancia-em-nossas-vidas-anuar-mamede\/","title":{"rendered":"A F\u00e9 e sua import\u00e2ncia em nossas vidas (Anuar Mamede)"},"content":{"rendered":"<p style=\"text-align: justify;\"><strong>A F\u00c9 E SUA IMPORT\u00c2NCIA EM NOSSAS VIDAS\u00a0<\/strong><strong>\u00a0<\/strong><\/p>\n<p style=\"text-align: justify;\"><em>Sou Anuar Mamede, Psic\u00f3logo, Consultor e Palestrante. Semanalmente, tenho escrito meus artigos aqui para este importante site de not\u00edcias. A seguir, apresento a voc\u00ea o conte\u00fado desta semana:<\/em><em>\u00a0<\/em><\/p>\n<p style=\"text-align: justify;\"><em>No pr\u00f3ximo dia 12 de Outubro, teremos um feriado religioso nacional e dedicado \u00e0 <strong>F\u00e9<\/strong> das pessoas. Por este motivo, preparei esta reflex\u00e3o a respeito da F\u00e9 e sua import\u00e2ncia em nossas vidas. Desejo a voc\u00ea uma boa leitura. Que ela te traga inspira\u00e7\u00e3o, incentivo e motiva\u00e7\u00e3o para seguir em frente.<\/em><em>\u00a0<\/em><\/p>\n<p style=\"text-align: justify;\">Conta a est\u00f3ria que um dia, um passageiro desejando atravessar de barco de uma margem a outra de um rio, chegou perto do barqueiro e contratou os seus servi\u00e7os para alcan\u00e7ar seu objetivo. Ao entrar no barco e\u00a0 ao olhar para os dois remos, viu uma palavra escrita em cada um deles. Em um dos remos estava escrito <strong>F\u00e9<\/strong>, no outro remo estava escrito <strong>A\u00e7\u00e3o<\/strong>. Ent\u00e3o, ele perguntou ao barqueiro, do porque daquelas duas palavras ali escritas. O barqueiro pediu ao passageiro para aguardar e observar o que iria fazer. Pegou nos dois remos e come\u00e7ou a remar de forma sincronizada e harmonizada, com movimentos firmes e constantes. Sempre olhando para a outra margem do rio que era exatamente o objetivo de chegada desta travessia. E durante a travessia o passageiro escutou a explica\u00e7\u00e3o. O barqueiro, explicou a ele que se ele remasse somente com um dos remos, ou seja, o remo da <strong>F\u00e9<\/strong>, n\u00e3o sairiam do lugar e ficariam movimentando-se em c\u00edrculos certamente sem alcan\u00e7ar a outra margem do rio. Por outro lado, se remasse somente com o remo da <strong>A\u00e7\u00e3o <\/strong>, o mesmo ocorreria, e n\u00e3o alcan\u00e7ariam o objetivo principal. E a\u00ed finalizou a explica\u00e7\u00e3o dizendo, que na vida, precisamos colocar em pr\u00e1tica esta li\u00e7\u00e3o pois se vivermos a vida com \u00a0<strong>F\u00e9<\/strong>, e sem a <strong>A\u00e7\u00e3o<\/strong>, n\u00e3o chegaremos a lugar algum porque a <strong>A\u00e7\u00e3o<\/strong> precisa ser companheira insepar\u00e1vel da <strong>F\u00e9<\/strong> hoje e sempre. Da mesma forma seria viver sempre com <strong>A\u00e7\u00e3o<\/strong> porem sem a <strong>F\u00e9<\/strong>. No Livro dos Livros est\u00e1 escrito , \u201cajuda-te e o c\u00e9u te ajudar\u00e1\u201d.<\/p>\n<p style=\"text-align: justify;\">Quando se vive a vida com <strong>F\u00e9, <\/strong>vivemos com a certeza e a esperan\u00e7a de que em dado momento alcan\u00e7aremos aquilo que desejamos. Por outro lado viver a vida com <strong>F\u00e9<\/strong> mas sem a <strong>A\u00e7\u00e3o <\/strong>poder\u00e1 nos desgastar com a percep\u00e7\u00e3o de que os resultados n\u00e3o chegam. A <strong>A\u00e7\u00e3o<\/strong>, \u00e9 crucial para quem deseja realizar seus desejos e alcan\u00e7ar seus objetivos na vida. Durante as travessias da vida, poderemos encontrar correntezas e turbul\u00eancias que dificultar\u00e3o o alcance dos nossos objetivos. Mas \u00e9 crucial que n\u00e3o desistamos.<\/p>\n<p style=\"text-align: justify;\">Lembre-se sempre, quem tem <strong>F\u00e9<\/strong> tem cren\u00e7as, tem certeza e tamb\u00e9m tem\u00a0 convic\u00e7\u00f5es.<\/p>\n<p style=\"text-align: justify;\">A f\u00e9 fortalece o ser humano rumo aos seus objetivos sempre. Se voc\u00ea iniciar uma a\u00e7\u00e3o rumo a um objetivo com pouca ou nenhuma convic\u00e7\u00e3o, a possibilidade de fracassar \u00e9 enorme.<\/p>\n<p style=\"text-align: justify;\">Ent\u00e3o eu te pergunto, como anda a sua <strong>F\u00e9<\/strong>? Quais as suas convic\u00e7\u00f5es diante dos desafios da vida? Voc\u00ea tem atitude diante das\u00a0 coisas que deseja na vida? Sempre lembro aqui em meus artigos a import\u00e2ncia das tr\u00eas palavrinhas para o Sucesso quais sejam:<\/p>\n<p style=\"text-align: justify;\"><strong>Querer\/Planejar \/Agir<\/strong><\/p>\n<p style=\"text-align: justify;\">\u00c9 muito importante que saiba o que <strong>Quer<\/strong> e o que deseja da vida. Por outro lado, \u00e9 necess\u00e1rio que antes de ter a <strong>a\u00e7\u00e3o<\/strong>, que pare para fazer o seu <strong>Planejamento <\/strong>das a\u00e7\u00f5es para depois colocar a sua energia no <strong>Agir<\/strong>.<\/p>\n<p style=\"text-align: justify;\">Quem tem a <strong>F\u00e9<\/strong> tamb\u00e9m tem Deus ao seu lado pois a <strong>F\u00e9<\/strong> fortalece a conex\u00e3o humana com o transcendente.<\/p>\n<p style=\"text-align: justify;\">Ent\u00e3o, adquira o h\u00e1bito de sempre ao iniciar um novo dia, fazer as suas ora\u00e7\u00f5es dedicando ao criador seus pedidos e a sua gratid\u00e3o. Este h\u00e1bito, poder\u00e1 fazer a grande diferen\u00e7a na vida de quem tem sonhos e objetivos a realizar. Quem tem este h\u00e1bito, est\u00e1 conectado com o criador e assim, fortalecido para os desafios do dia a dia. Est\u00e1 cientificamente provado que pessoas que cuidam de sua espiritualidade, tem maior e melhor auto estima, s\u00e3o mais resilientes e como tais, superam com mais facilidade as dificuldades da vida, perdoam mais e assim, adoecem menos. praticam o bem e ao depararem-se com os necessitados, percebem o quanto s\u00e3o felizes e o quanto tem a agradecer pela vida que possuem.<\/p>\n<p style=\"text-align: justify;\">Neste momento que vivemos, de desafios e dificuldades impostos pela pandemia, tais conceitos e convic\u00e7\u00f5es, ser\u00e3o de grande valia em sua vida. Caso tenha gostado deste artigo, pe\u00e7o a voc\u00ea que compartilhe com seus contatos. Agrade\u00e7o muito por sua aten\u00e7\u00e3o. Se desejar comentar, fique a vontade, se sentir necessidade de conversar comigo, deixarei abaixo o meu contato. Sinta-se a vontade.<\/p>\n<p style=\"text-align: justify;\"><strong>\u00a0\u00a0\u00a0\u00a0\u00a0\u00a0\u00a0\u00a0\u00a0\u00a0\u00a0\u00a0\u00a0\u00a0\u00a0\u00a0\u00a0\u00a0\u00a0\u00a0\u00a0\u00a0\u00a0\u00a0\u00a0\u00a0\u00a0\u00a0\u00a0\u00a0\u00a0\u00a0\u00a0\u00a0 QUEM \u00c9 ANUAR MAMEDE?<\/strong><\/p>\n<p style=\"text-align: justify;\"><strong><em>Psic\u00f3logo, formado pela Universidade Estadual Paulista de Assis S.P. UNESP, P\u00f3s graduado em recursos humanos, Consultor e Palestrante. <\/em><\/strong><\/p>\n<p style=\"text-align: justify;\"><strong><em>\u00a0\u00a0\u00a0\u00a0\u00a0\u00a0\u00a0\u00a0\u00a0\u00a0\u00a0\u00a0\u00a0\u00a0\u00a0\u00a0\u00a0\u00a0\u00a0\u00a0\u00a0\u00a0\u00a0\u00a0\u00a0\u00a0\u00a0\u00a0\u00a0\u00a0\u00a0\u00a0\u00a0\u00a0\u00a0\u00a0\u00a0\u00a0\u00a0\u00a0\u00a0\u00a0\u00a0\u00a0\u00a0\u00a0 Facebook Anuar Mamede<\/em><\/strong><\/p>\n<p style=\"text-align: justify;\"><strong><em>\u00a0\u00a0\u00a0\u00a0\u00a0\u00a0\u00a0\u00a0\u00a0\u00a0\u00a0\u00a0\u00a0\u00a0\u00a0\u00a0\u00a0\u00a0\u00a0\u00a0\u00a0\u00a0\u00a0\u00a0\u00a0\u00a0\u00a0\u00a0\u00a0\u00a0\u00a0\u00a0\u00a0\u00a0\u00a0\u00a0\u00a0\u00a0\u00a0\u00a0\u00a0\u00a0\u00a0\u00a0\u00a0\u00a0\u00a0 Whatsapp 17 982243033<\/em><\/strong><\/p>\n<p style=\"text-align: justify;\"><strong><em>\u00a0\u00a0\u00a0\u00a0\u00a0\u00a0\u00a0\u00a0\u00a0\u00a0\u00a0\u00a0\u00a0\u00a0\u00a0\u00a0\u00a0\u00a0\u00a0\u00a0\u00a0\u00a0\u00a0\u00a0\u00a0\u00a0\u00a0\u00a0\u00a0\u00a0\u00a0\u00a0\u00a0\u00a0\u00a0\u00a0\u00a0\u00a0\u00a0\u00a0\u00a0\u00a0\u00a0 Email anc44@hotmail.com<\/em><\/strong><\/p>\n<p style=\"text-align: justify;\"><strong><em>\u00a0\u00a0\u00a0\u00a0\u00a0\u00a0\u00a0\u00a0\u00a0\u00a0\u00a0\u00a0\u00a0\u00a0\u00a0\u00a0\u00a0\u00a0\u00a0\u00a0\u00a0\u00a0\u00a0\u00a0\u00a0\u00a0\u00a0\u00a0\u00a0\u00a0\u00a0\u00a0\u00a0\u00a0\u00a0\u00a0\u00a0\u00a0\u00a0\u00a0\u00a0\u00a0\u00a0\u00a0\u00a0\u00a0\u00a0\u00a0\u00a0\u00a0\u00a0\u00a0\u00a0\u00a0\u00a0\u00a0\u00a0\u00a0 Instagram<\/em><\/strong><\/p>\n<p style=\"text-align: justify;\"><strong><em>\u00a0\u00a0\u00a0\u00a0\u00a0\u00a0\u00a0\u00a0\u00a0\u00a0\u00a0\u00a0\u00a0\u00a0\u00a0\u00a0\u00a0\u00a0\u00a0\u00a0\u00a0\u00a0\u00a0\u00a0\u00a0\u00a0\u00a0\u00a0\u00a0\u00a0\u00a0\u00a0\u00a0\u00a0\u00a0\u00a0\u00a0\u00a0\u00a0\u00a0\u00a0\u00a0\u00a0\u00a0\u00a0\u00a0\u00a0\u00a0\u00a0\u00a0\u00a0 Anuar_mamede<\/em><\/strong><\/p>\n<p style=\"text-align: justify;\"><strong><em>\u00a0\u00a0\u00a0\u00a0\u00a0\u00a0\u00a0\u00a0\u00a0\u00a0\u00a0\u00a0\u00a0\u00a0\u00a0\u00a0\u00a0\u00a0\u00a0\u00a0\u00a0\u00a0\u00a0\u00a0\u00a0\u00a0\u00a0\u00a0\u00a0\u00a0\u00a0\u00a0\u00a0\u00a0\u00a0\u00a0\u00a0\u00a0\u00a0\u00a0\u00a0\u00a0\u00a0\u00a0\u00a0\u00a0\u00a0\u00a0\u00a0\u00a0\u00a0\u00a0\u00a0\u00a0\u00a0\u00a0\u00a0\u00a0\u00a0\u00a0\u00a0\u00a0\u00a0\u00a0\u00a0\u00a0\u00a0\u00a0\u00a0\u00a0\u00a0\u00a0\u00a0\u00a0\u00a0\u00a0\u00a0\u00a0 E<\/em><\/strong><\/p>\n<p style=\"text-align: justify;\"><strong><em>\u00a0\u00a0\u00a0\u00a0\u00a0\u00a0\u00a0\u00a0\u00a0\u00a0\u00a0\u00a0\u00a0\u00a0\u00a0\u00a0\u00a0\u00a0\u00a0\u00a0\u00a0\u00a0\u00a0\u00a0\u00a0\u00a0\u00a0\u00a0\u00a0\u00a0\u00a0\u00a0\u00a0\u00a0\u00a0\u00a0\u00a0\u00a0\u00a0\u00a0 \u00a0\u00a0\u00a0\u00a0\u00a0\u00a0\u00a0\u00a0\u00a0\u00a0\u00a0\u00a0\u00a0anuarmamede<\/em><\/strong><\/p>\n<p style=\"text-align: justify;\"><strong><em><\/p>\n<p><\/em><\/strong><\/p>\n<p>&nbsp;<\/p>\n<p>&nbsp;<\/p>\n<p>&nbsp;<\/p>\n<p>&nbsp;<\/p>\n<p>&nbsp;<\/p>\n<p>&nbsp;<\/p>\n<p>&nbsp;<\/p>\n<p>&nbsp;<\/p>\n<p>&nbsp;<\/p>\n<p>&nbsp;<\/p>\n<p>&nbsp;<\/p>\n<p>&nbsp;<\/p>\n<p>&nbsp;<\/p>\n<p>&nbsp;<\/p>\n<p>&nbsp;<\/p>\n","protected":false},"excerpt":{"rendered":"<p>A F\u00c9 E SUA IMPORT\u00c2NCIA EM NOSSAS VIDAS\u00a0\u00a0 Sou Anuar Mamede, Psic\u00f3logo, Consultor e Palestrante. Semanalmente, tenho escrito meus artigos aqui para este importante site de not\u00edcias. A seguir, apresento a voc\u00ea o conte\u00fado desta semana:\u00a0 No pr\u00f3ximo dia 12 de Outubro, teremos um feriado religioso nacional e dedicado \u00e0 F\u00e9 das pessoas. Por este [&hellip;]<\/p>\n","protected":false},"author":1,"featured_media":36262,"comment_status":"closed","ping_status":"open","sticky":false,"template":"","format":"standard","meta":{"footnotes":""},"categories":[175],"tags":[],"class_list":["post-36261","post","type-post","status-publish","format-standard","has-post-thumbnail","hentry","category-artigos"],"_links":{"self":[{"href":"https:\/\/jorgezanoni.com.br\/2019\/wp-json\/wp\/v2\/posts\/36261","targetHints":{"allow":["GET"]}}],"collection":[{"href":"https:\/\/jorgezanoni.com.br\/2019\/wp-json\/wp\/v2\/posts"}],"about":[{"href":"https:\/\/jorgezanoni.com.br\/2019\/wp-json\/wp\/v2\/types\/post"}],"author":[{"embeddable":true,"href":"https:\/\/jorgezanoni.com.br\/2019\/wp-json\/wp\/v2\/users\/1"}],"replies":[{"embeddable":true,"href":"https:\/\/jorgezanoni.com.br\/2019\/wp-json\/wp\/v2\/comments?post=36261"}],"version-history":[{"count":0,"href":"https:\/\/jorgezanoni.com.br\/2019\/wp-json\/wp\/v2\/posts\/36261\/revisions"}],"wp:featuredmedia":[{"embeddable":true,"href":"https:\/\/jorgezanoni.com.br\/2019\/wp-json\/wp\/v2\/media\/36262"}],"wp:attachment":[{"href":"https:\/\/jorgezanoni.com.br\/2019\/wp-json\/wp\/v2\/media?parent=36261"}],"wp:term":[{"taxonomy":"category","embeddable":true,"href":"https:\/\/jorgezanoni.com.br\/2019\/wp-json\/wp\/v2\/categories?post=36261"},{"taxonomy":"post_tag","embeddable":true,"href":"https:\/\/jorgezanoni.com.br\/2019\/wp-json\/wp\/v2\/tags?post=36261"}],"curies":[{"name":"wp","href":"https:\/\/api.w.org\/{rel}","templated":true}]}}