{"id":36230,"date":"2020-10-05T00:30:41","date_gmt":"2020-10-05T00:30:41","guid":{"rendered":"https:\/\/jorgezanoni.com.br\/2019\/?p=36230"},"modified":"2020-10-05T00:30:41","modified_gmt":"2020-10-05T00:30:41","slug":"benedito-alves-da-costa-o-ditinho-completa-50-anos-de-servico-no-mesmo-banco","status":"publish","type":"post","link":"https:\/\/jorgezanoni.com.br\/2019\/benedito-alves-da-costa-o-ditinho-completa-50-anos-de-servico-no-mesmo-banco\/","title":{"rendered":"Benedito Alves da Costa, o Ditinho, completa 50 anos de servi\u00e7o no mesmo banco"},"content":{"rendered":"<p class=\"ydp1a3657f7MsoNormal\" style=\"text-align: justify;\">Esta quinta-feira, 1\u00ba de outubro, foi especial para Benedito Alves da Costa, conhecido como Ditinho, que completou 50 anos de servi\u00e7os como vigilante na mesma ag\u00eancia banc\u00e1ria. \u00c9 tanto tempo que o nome do banco foi incorporado ao apelido: Ditinho do Bradesco.<\/p>\n<p class=\"ydp1a3657f7MsoNormal\" style=\"text-align: justify;\">Ap\u00f3s o trabalho rotineiro do dia, Ditinho se reuniu com os colegas de trabalho e com a esposa Lourdes para comemorar a data, com direito a corte do bolo e cart\u00e3o entregue pelo gerente e funcion\u00e1rios do banco.<\/p>\n<p class=\"ydp1a3657f7MsoNormal\" style=\"text-align: justify;\">Tudo come\u00e7ou em 1\u00ba de outubro de 1970. Ao longo de 50 anos, Ditinho trabalhou em apenas duas empresas de seguran\u00e7a. A segunda o contratou quando tinha 70 anos de idade e ele n\u00e3o tem a ideia de parar de trabalhar. Ditinho lembra que trabalhou com 22 gerentes do Bradesco ao longo de sua carreira na \u00e1rea de seguran\u00e7a.<\/p>\n<p class=\"ydp1a3657f7MsoNormal\" style=\"text-align: justify;\">Em r\u00e1pidas palavras, Benedito Alves da Costa agradeceu aos colegas de trabalho do banco e da empresa de seguran\u00e7a, clientes da ag\u00eancia, amigos, esposa Lourdes, filhos Cl\u00e1udia e Fl\u00e1vio e demais familiares.<\/p>\n<p class=\"ydp1a3657f7MsoNormal\" style=\"text-align: justify;\">Ditinho \u00e9 aposentado desde 1993. Em mais de 32 anos de sua vida teve um conjunto musical para animar bailes e forr\u00f3s em Dracena e regi\u00e3o.<\/p>\n<div style=\"text-align: justify;\">Ditinho do Bradesco diz que faz quest\u00e3o de dividir sua alegria pela marca alcan\u00e7ada com todos os amigos dracenenses.<\/div>\n<div style=\"text-align: justify;\"><\/div>\n<div dir=\"ltr\" style=\"text-align: justify;\">Fonte: Bastidores da Not\u00edcia<\/div>\n<div dir=\"ltr\"><\/div>\n<div dir=\"ltr\" style=\"text-align: justify;\">NOTA: Quero aplaudir de p\u00e9 o amigo Ditinho, pois entrei no banco 4 dias ap\u00f3s ele, em 5 de outubro de 70 como office-boy (cont\u00ednuo), ficando por 5 anos, dos quais alguns meses em Cuiab\u00e1\/MT., saindo como chefe de servi\u00e7o. Aceite o meu abra\u00e7o e parab\u00e9ns pela brilhante carreira. JORGE ZANONI<\/div>\n<div dir=\"ltr\"><img loading=\"lazy\" decoding=\"async\" class=\"alignnone size-full wp-image-36232\" src=\"https:\/\/jorgezanoni.com.br\/2019\/wp-content\/uploads\/2020\/10\/Ditinho-2.jpg\" alt=\"\" width=\"1024\" height=\"527\" srcset=\"https:\/\/jorgezanoni.com.br\/2019\/wp-content\/uploads\/2020\/10\/Ditinho-2.jpg 1024w, https:\/\/jorgezanoni.com.br\/2019\/wp-content\/uploads\/2020\/10\/Ditinho-2-300x154.jpg 300w, https:\/\/jorgezanoni.com.br\/2019\/wp-content\/uploads\/2020\/10\/Ditinho-2-768x395.jpg 768w, https:\/\/jorgezanoni.com.br\/2019\/wp-content\/uploads\/2020\/10\/Ditinho-2-696x358.jpg 696w, https:\/\/jorgezanoni.com.br\/2019\/wp-content\/uploads\/2020\/10\/Ditinho-2-816x420.jpg 816w\" sizes=\"auto, (max-width: 1024px) 100vw, 1024px\" \/> <img loading=\"lazy\" decoding=\"async\" class=\"alignnone size-full wp-image-36233\" src=\"https:\/\/jorgezanoni.com.br\/2019\/wp-content\/uploads\/2020\/10\/Ditinho-3.jpg\" alt=\"\" width=\"1024\" height=\"595\" srcset=\"https:\/\/jorgezanoni.com.br\/2019\/wp-content\/uploads\/2020\/10\/Ditinho-3.jpg 1024w, https:\/\/jorgezanoni.com.br\/2019\/wp-content\/uploads\/2020\/10\/Ditinho-3-300x174.jpg 300w, https:\/\/jorgezanoni.com.br\/2019\/wp-content\/uploads\/2020\/10\/Ditinho-3-768x446.jpg 768w, https:\/\/jorgezanoni.com.br\/2019\/wp-content\/uploads\/2020\/10\/Ditinho-3-696x404.jpg 696w, https:\/\/jorgezanoni.com.br\/2019\/wp-content\/uploads\/2020\/10\/Ditinho-3-723x420.jpg 723w\" sizes=\"auto, (max-width: 1024px) 100vw, 1024px\" \/> <img loading=\"lazy\" decoding=\"async\" class=\"alignnone size-full wp-image-36234\" src=\"https:\/\/jorgezanoni.com.br\/2019\/wp-content\/uploads\/2020\/10\/Ditinho-4.jpg\" alt=\"\" width=\"888\" height=\"768\" srcset=\"https:\/\/jorgezanoni.com.br\/2019\/wp-content\/uploads\/2020\/10\/Ditinho-4.jpg 888w, https:\/\/jorgezanoni.com.br\/2019\/wp-content\/uploads\/2020\/10\/Ditinho-4-300x259.jpg 300w, https:\/\/jorgezanoni.com.br\/2019\/wp-content\/uploads\/2020\/10\/Ditinho-4-768x664.jpg 768w, https:\/\/jorgezanoni.com.br\/2019\/wp-content\/uploads\/2020\/10\/Ditinho-4-534x462.jpg 534w, https:\/\/jorgezanoni.com.br\/2019\/wp-content\/uploads\/2020\/10\/Ditinho-4-696x602.jpg 696w, https:\/\/jorgezanoni.com.br\/2019\/wp-content\/uploads\/2020\/10\/Ditinho-4-486x420.jpg 486w\" sizes=\"auto, (max-width: 888px) 100vw, 888px\" \/> <img loading=\"lazy\" decoding=\"async\" class=\"alignnone size-full wp-image-36235\" src=\"https:\/\/jorgezanoni.com.br\/2019\/wp-content\/uploads\/2020\/10\/dito5.jpg\" alt=\"\" width=\"296\" height=\"583\" srcset=\"https:\/\/jorgezanoni.com.br\/2019\/wp-content\/uploads\/2020\/10\/dito5.jpg 296w, https:\/\/jorgezanoni.com.br\/2019\/wp-content\/uploads\/2020\/10\/dito5-152x300.jpg 152w, https:\/\/jorgezanoni.com.br\/2019\/wp-content\/uploads\/2020\/10\/dito5-213x420.jpg 213w\" sizes=\"auto, (max-width: 296px) 100vw, 296px\" \/> <img loading=\"lazy\" decoding=\"async\" class=\"alignnone size-full wp-image-36236\" src=\"https:\/\/jorgezanoni.com.br\/2019\/wp-content\/uploads\/2020\/10\/dito6.jpg\" alt=\"\" width=\"320\" height=\"590\" srcset=\"https:\/\/jorgezanoni.com.br\/2019\/wp-content\/uploads\/2020\/10\/dito6.jpg 320w, https:\/\/jorgezanoni.com.br\/2019\/wp-content\/uploads\/2020\/10\/dito6-163x300.jpg 163w, https:\/\/jorgezanoni.com.br\/2019\/wp-content\/uploads\/2020\/10\/dito6-228x420.jpg 228w\" sizes=\"auto, (max-width: 320px) 100vw, 320px\" \/><\/div>\n","protected":false},"excerpt":{"rendered":"<p>Esta quinta-feira, 1\u00ba de outubro, foi especial para Benedito Alves da Costa, conhecido como Ditinho, que completou 50 anos de servi\u00e7os como vigilante na mesma ag\u00eancia banc\u00e1ria. \u00c9 tanto tempo que o nome do banco foi incorporado ao apelido: Ditinho do Bradesco. Ap\u00f3s o trabalho rotineiro do dia, Ditinho se reuniu com os colegas de [&hellip;]<\/p>\n","protected":false},"author":1,"featured_media":36232,"comment_status":"closed","ping_status":"open","sticky":false,"template":"","format":"standard","meta":{"footnotes":""},"categories":[114,110],"tags":[],"class_list":["post-36230","post","type-post","status-publish","format-standard","has-post-thumbnail","hentry","category-geralecomercio","category-noticiasdestaque"],"_links":{"self":[{"href":"https:\/\/jorgezanoni.com.br\/2019\/wp-json\/wp\/v2\/posts\/36230","targetHints":{"allow":["GET"]}}],"collection":[{"href":"https:\/\/jorgezanoni.com.br\/2019\/wp-json\/wp\/v2\/posts"}],"about":[{"href":"https:\/\/jorgezanoni.com.br\/2019\/wp-json\/wp\/v2\/types\/post"}],"author":[{"embeddable":true,"href":"https:\/\/jorgezanoni.com.br\/2019\/wp-json\/wp\/v2\/users\/1"}],"replies":[{"embeddable":true,"href":"https:\/\/jorgezanoni.com.br\/2019\/wp-json\/wp\/v2\/comments?post=36230"}],"version-history":[{"count":0,"href":"https:\/\/jorgezanoni.com.br\/2019\/wp-json\/wp\/v2\/posts\/36230\/revisions"}],"wp:featuredmedia":[{"embeddable":true,"href":"https:\/\/jorgezanoni.com.br\/2019\/wp-json\/wp\/v2\/media\/36232"}],"wp:attachment":[{"href":"https:\/\/jorgezanoni.com.br\/2019\/wp-json\/wp\/v2\/media?parent=36230"}],"wp:term":[{"taxonomy":"category","embeddable":true,"href":"https:\/\/jorgezanoni.com.br\/2019\/wp-json\/wp\/v2\/categories?post=36230"},{"taxonomy":"post_tag","embeddable":true,"href":"https:\/\/jorgezanoni.com.br\/2019\/wp-json\/wp\/v2\/tags?post=36230"}],"curies":[{"name":"wp","href":"https:\/\/api.w.org\/{rel}","templated":true}]}}