{"id":36223,"date":"2020-10-04T23:09:57","date_gmt":"2020-10-04T23:09:57","guid":{"rendered":"https:\/\/jorgezanoni.com.br\/2019\/?p=36223"},"modified":"2020-10-04T23:09:57","modified_gmt":"2020-10-04T23:09:57","slug":"ex-prefeito-pedretti-esclarece-sobre-pedido-de-impugnacao-apresentado-pelo-mpe","status":"publish","type":"post","link":"https:\/\/jorgezanoni.com.br\/2019\/ex-prefeito-pedretti-esclarece-sobre-pedido-de-impugnacao-apresentado-pelo-mpe\/","title":{"rendered":"Ex-Prefeito Pedretti esclarece sobre pedido de impugna\u00e7\u00e3o apresentado pelo MPE"},"content":{"rendered":"<p>&nbsp;<\/p>\n<p style=\"text-align: justify;\"><strong><u>Nota de esclarecimento<\/u><\/strong><\/p>\n<p style=\"text-align: justify;\">O Ex-Prefeito Jos\u00e9 Antonio Pedretti (Partido MDB), presta esclarecimentos sobre o pedido de impugna\u00e7\u00e3o de sua candidatura ao cargo de Prefeito, apresentado pelo Minist\u00e9rio P\u00fablico Eleitoral, que em s\u00edntese pede o indeferimento do registro, em raz\u00e3o de contas rejeitadas do Cons\u00f3rcio Intermunicipal de Sa\u00fade (Cisnap), apontadas pelo Tribunal de Contas do Estado, quando o mesmo exerceu o cargo de Prefeito de Dracena.<\/p>\n<p style=\"text-align: justify;\">O CISNAP \u00e9 um cons\u00f3rcio composto por 12 cidades da Regi\u00e3o, incluindo Dracena, sendo respons\u00e1vel pela realiza\u00e7\u00e3o de servi\u00e7os para a popula\u00e7\u00e3o dessas cidades, com o objetivo de atender as necessidades dos cidad\u00e3os, em especial na presta\u00e7\u00e3o de servi\u00e7os na \u00e1rea da sa\u00fade.<\/p>\n<p style=\"text-align: justify;\">Quanto aos apontamentos e levantamentos realizados pelo Tribunal de Contas, Pedretti ressalta que quando assumiu a Presid\u00eancia do Cons\u00f3rcio, havia algumas pend\u00eancias de gest\u00f5es anteriores e que foram regularizadas na sua gest\u00e3o, sendo certo afirmar que todos os esclarecimentos solicitados pelo Tribunal de Contas, foram prontamente atendidos e respeitados na sua gest\u00e3o.<\/p>\n<p style=\"text-align: justify;\">O parecer do Tribunal de Contas que considerou irregulares as contas do CISNAP na gest\u00e3o do Pedretti, n\u00e3o foi encaminhado para a C\u00e2mara Municipal de Vereadores de Dracena, que \u00e9 o \u00d3rg\u00e3o Municipal competente para analisar o parecer do TCE, bem como n\u00e3o houve a propositura de qualquer tipo de a\u00e7\u00e3o judicial contra Pedretti nesse sentido.<\/p>\n<p style=\"text-align: justify;\">Durante todo o seu mandato como Prefeito, nos anos de 2.013 a 2.016, todas as contas da Prefeitura foram aprovadas pela C\u00e2mara Municipal de Vereadores e pelo Tribunal de Contas do Estado, n\u00e3o havendo qualquer pend\u00eancia dos atos de administra\u00e7\u00e3o p\u00fablica nos per\u00edodos em que foi Prefeito de Dracena.<\/p>\n<p style=\"text-align: justify;\">Pedretti afirma ainda que sempre atuou com transpar\u00eancia e honestidade na sua vida p\u00fablica, e que o Cisnap tamb\u00e9m possui em seu quadro de apoiadores, os funcion\u00e1rios respons\u00e1veis pela administra\u00e7\u00e3o dos servi\u00e7os cont\u00e1beis, jur\u00eddicos e administrativos, em parceria com todos os Munic\u00edpios que comp\u00f5em o Cons\u00f3rcio.<\/p>\n<p style=\"text-align: justify;\">O candidato ressalta que est\u00e1 com a consci\u00eancia tranquila, pois sempre pautou pela honestidade de seus atos e que acredita na Justi\u00e7a, e vai apresentar a sua defesa no pedido feito pelo Minist\u00e9rio P\u00fablico Eleitoral, confiante que sua candidatura ser\u00e1 mantida, ressaltando que o Tribunal Superior Eleitoral (TSE) permite a realiza\u00e7\u00e3o da campanha eleitoral de candidatos sub judice, at\u00e9 que a decis\u00e3o final sobre o assunto seja conclu\u00edda pela Justi\u00e7a e assim, segue realizando sua campanha para o cargo de Prefeito, acreditando que ap\u00f3s a sua defesa ser analisada pela Justi\u00e7a, restar\u00e1 comprovado que n\u00e3o cometeu qualquer irregularidade que possa interferir no registro de sua candidatura.<\/p>\n<p style=\"text-align: justify;\"><strong><em>\u201cDurante toda a minha vida p\u00fablica sempre atuei com muita transpar\u00eancia e honestidade, agindo sempre como determina a legisla\u00e7\u00e3o, e nos per\u00edodos em que fui Presidente da C\u00e2mara de Vereadores e Prefeito, tive todas as minhas contas aprovadas pelo Tribunal de Contas do Estado e C\u00e2mara Municipal de Vereadores, n\u00e3o existindo qualquer tipo de conduta dolosa e ou que possa comprometer os princ\u00edpios b\u00e1sicos do bom Administrador P\u00fablico\u201d <\/em><\/strong>finaliza Pedretti.<strong><em>\u00a0<\/em><\/strong><\/p>\n<p style=\"text-align: justify;\">Dracena, 02\/10\/2.020 &#8211; Assessoria de Comunica\u00e7\u00e3o<\/p>\n<p style=\"text-align: justify;\">Ricardo Silva<\/p>\n<p style=\"text-align: justify;\">Mtb n\u00ba 56.381\/SP<\/p>\n","protected":false},"excerpt":{"rendered":"<p>&nbsp; Nota de esclarecimento O Ex-Prefeito Jos\u00e9 Antonio Pedretti (Partido MDB), presta esclarecimentos sobre o pedido de impugna\u00e7\u00e3o de sua candidatura ao cargo de Prefeito, apresentado pelo Minist\u00e9rio P\u00fablico Eleitoral, que em s\u00edntese pede o indeferimento do registro, em raz\u00e3o de contas rejeitadas do Cons\u00f3rcio Intermunicipal de Sa\u00fade (Cisnap), apontadas pelo Tribunal de Contas do [&hellip;]<\/p>\n","protected":false},"author":1,"featured_media":36224,"comment_status":"closed","ping_status":"open","sticky":false,"template":"","format":"standard","meta":{"footnotes":""},"categories":[110,116],"tags":[],"class_list":["post-36223","post","type-post","status-publish","format-standard","has-post-thumbnail","hentry","category-noticiasdestaque","category-politicaeeconomia"],"_links":{"self":[{"href":"https:\/\/jorgezanoni.com.br\/2019\/wp-json\/wp\/v2\/posts\/36223","targetHints":{"allow":["GET"]}}],"collection":[{"href":"https:\/\/jorgezanoni.com.br\/2019\/wp-json\/wp\/v2\/posts"}],"about":[{"href":"https:\/\/jorgezanoni.com.br\/2019\/wp-json\/wp\/v2\/types\/post"}],"author":[{"embeddable":true,"href":"https:\/\/jorgezanoni.com.br\/2019\/wp-json\/wp\/v2\/users\/1"}],"replies":[{"embeddable":true,"href":"https:\/\/jorgezanoni.com.br\/2019\/wp-json\/wp\/v2\/comments?post=36223"}],"version-history":[{"count":0,"href":"https:\/\/jorgezanoni.com.br\/2019\/wp-json\/wp\/v2\/posts\/36223\/revisions"}],"wp:featuredmedia":[{"embeddable":true,"href":"https:\/\/jorgezanoni.com.br\/2019\/wp-json\/wp\/v2\/media\/36224"}],"wp:attachment":[{"href":"https:\/\/jorgezanoni.com.br\/2019\/wp-json\/wp\/v2\/media?parent=36223"}],"wp:term":[{"taxonomy":"category","embeddable":true,"href":"https:\/\/jorgezanoni.com.br\/2019\/wp-json\/wp\/v2\/categories?post=36223"},{"taxonomy":"post_tag","embeddable":true,"href":"https:\/\/jorgezanoni.com.br\/2019\/wp-json\/wp\/v2\/tags?post=36223"}],"curies":[{"name":"wp","href":"https:\/\/api.w.org\/{rel}","templated":true}]}}