{"id":36201,"date":"2020-10-04T18:08:50","date_gmt":"2020-10-04T18:08:50","guid":{"rendered":"https:\/\/jorgezanoni.com.br\/2019\/?p=36201"},"modified":"2020-10-04T18:08:50","modified_gmt":"2020-10-04T18:08:50","slug":"policia-militar-tira-de-circulacao-duas-armas-de-fogo-e-prende-homem-por-porte-em-dracena","status":"publish","type":"post","link":"https:\/\/jorgezanoni.com.br\/2019\/policia-militar-tira-de-circulacao-duas-armas-de-fogo-e-prende-homem-por-porte-em-dracena\/","title":{"rendered":"Pol\u00edcia Militar tira de circula\u00e7\u00e3o duas armas de fogo e prende homem por porte em Dracena"},"content":{"rendered":"<p style=\"text-align: justify;\">COMBATE AO CRIME: POL\u00cdCIA MILITAR TIRA DE CIRCULA\u00c7\u00c3O DUAS ARMAS DE FOGO E PRENDE HOMEM POR PORTE\/POSSE DE ARMA DE FOGO EM DRACENA<\/p>\n<p style=\"text-align: justify;\">Rua Vin\u00edcius de Moraes \u00e0s 17h30min do 03 de outubro de 2020<\/p>\n<p style=\"text-align: justify;\">INDICIADO 01: Masculino, 29 anos\u00a0APREENS\u00c3O:<br \/>\n01 REV\u00d3LVER .38 SEM MARCA APARENTE, 01 REV\u00d3LVER .38 MARCA ROSSI e 11 MUNI\u00c7\u00d5ES INTACTAS.<\/p>\n<p style=\"text-align: justify;\">\nDURANTE PATRULHAMENTO DE FOR\u00c7A T\u00c1TICA PELO MUNIC\u00cdPIO DE DRACENA ABORDADO DOIS INDIV\u00cdDUOS, NO CARRO E NA CASA DE UM DELES ENCONTRADO DOIS REV\u00d3LVERES E MUNI\u00c7\u00d5ES. DADA VOZ DE PRIS\u00c3O ONDE O INDICIADO DE 29 ANOS FICOU PRESO A DISPOSI\u00c7\u00c3O DA JUSTI\u00c7A.<\/p>\n<p><img loading=\"lazy\" decoding=\"async\" class=\"alignnone size-full wp-image-36202\" src=\"https:\/\/jorgezanoni.com.br\/2019\/wp-content\/uploads\/2020\/10\/revolver-1.jpg\" alt=\"\" width=\"720\" height=\"1280\" srcset=\"https:\/\/jorgezanoni.com.br\/2019\/wp-content\/uploads\/2020\/10\/revolver-1.jpg 720w, https:\/\/jorgezanoni.com.br\/2019\/wp-content\/uploads\/2020\/10\/revolver-1-169x300.jpg 169w, https:\/\/jorgezanoni.com.br\/2019\/wp-content\/uploads\/2020\/10\/revolver-1-576x1024.jpg 576w, https:\/\/jorgezanoni.com.br\/2019\/wp-content\/uploads\/2020\/10\/revolver-1-696x1237.jpg 696w, https:\/\/jorgezanoni.com.br\/2019\/wp-content\/uploads\/2020\/10\/revolver-1-236x420.jpg 236w\" sizes=\"auto, (max-width: 720px) 100vw, 720px\" \/><\/p>\n<p>Fonte: Com. Social Pol\u00edcia Militar.<\/p>\n<p>&nbsp;<\/p>\n","protected":false},"excerpt":{"rendered":"<p>COMBATE AO CRIME: POL\u00cdCIA MILITAR TIRA DE CIRCULA\u00c7\u00c3O DUAS ARMAS DE FOGO E PRENDE HOMEM POR PORTE\/POSSE DE ARMA DE FOGO EM DRACENA Rua Vin\u00edcius de Moraes \u00e0s 17h30min do 03 de outubro de 2020 INDICIADO 01: Masculino, 29 anos\u00a0APREENS\u00c3O: 01 REV\u00d3LVER .38 SEM MARCA APARENTE, 01 REV\u00d3LVER .38 MARCA ROSSI e 11 MUNI\u00c7\u00d5ES INTACTAS. [&hellip;]<\/p>\n","protected":false},"author":1,"featured_media":36203,"comment_status":"closed","ping_status":"open","sticky":false,"template":"","format":"standard","meta":{"footnotes":""},"categories":[110,2],"tags":[],"class_list":["post-36201","post","type-post","status-publish","format-standard","has-post-thumbnail","hentry","category-noticiasdestaque","category-policial"],"_links":{"self":[{"href":"https:\/\/jorgezanoni.com.br\/2019\/wp-json\/wp\/v2\/posts\/36201","targetHints":{"allow":["GET"]}}],"collection":[{"href":"https:\/\/jorgezanoni.com.br\/2019\/wp-json\/wp\/v2\/posts"}],"about":[{"href":"https:\/\/jorgezanoni.com.br\/2019\/wp-json\/wp\/v2\/types\/post"}],"author":[{"embeddable":true,"href":"https:\/\/jorgezanoni.com.br\/2019\/wp-json\/wp\/v2\/users\/1"}],"replies":[{"embeddable":true,"href":"https:\/\/jorgezanoni.com.br\/2019\/wp-json\/wp\/v2\/comments?post=36201"}],"version-history":[{"count":0,"href":"https:\/\/jorgezanoni.com.br\/2019\/wp-json\/wp\/v2\/posts\/36201\/revisions"}],"wp:featuredmedia":[{"embeddable":true,"href":"https:\/\/jorgezanoni.com.br\/2019\/wp-json\/wp\/v2\/media\/36203"}],"wp:attachment":[{"href":"https:\/\/jorgezanoni.com.br\/2019\/wp-json\/wp\/v2\/media?parent=36201"}],"wp:term":[{"taxonomy":"category","embeddable":true,"href":"https:\/\/jorgezanoni.com.br\/2019\/wp-json\/wp\/v2\/categories?post=36201"},{"taxonomy":"post_tag","embeddable":true,"href":"https:\/\/jorgezanoni.com.br\/2019\/wp-json\/wp\/v2\/tags?post=36201"}],"curies":[{"name":"wp","href":"https:\/\/api.w.org\/{rel}","templated":true}]}}