{"id":36197,"date":"2020-10-04T17:35:02","date_gmt":"2020-10-04T17:35:02","guid":{"rendered":"https:\/\/jorgezanoni.com.br\/2019\/?p=36197"},"modified":"2020-10-04T17:36:10","modified_gmt":"2020-10-04T17:36:10","slug":"urubu-bate-em-transformador-deixa-regiao-sem-energia-e-fica-ferido","status":"publish","type":"post","link":"https:\/\/jorgezanoni.com.br\/2019\/urubu-bate-em-transformador-deixa-regiao-sem-energia-e-fica-ferido\/","title":{"rendered":"Urubu bate em transformador deixa regi\u00e3o sem energia e fica ferido"},"content":{"rendered":"<p>Um Urubu, bateu em um transformador no inicio da tarde deste domingo (4), causando interrup\u00e7\u00e3o de energia na Avenida Presidente Vargas em Dracena, imedia\u00e7\u00f5es do Posto Montreal.<\/p>\n<p>O animal ficou ferido e foi socorrido por populares e encaminhado a Pol\u00edcia Ambiental que tomar\u00e1 as provid\u00eancias para a recupera\u00e7\u00e3o do mesmo.<\/p>\n<div style=\"width: 696px;\" class=\"wp-video\"><video class=\"wp-video-shortcode\" id=\"video-36197-1\" width=\"696\" height=\"392\" preload=\"metadata\" controls=\"controls\"><source type=\"video\/mp4\" src=\"https:\/\/jorgezanoni.com.br\/2019\/wp-content\/uploads\/2020\/10\/WhatsApp-Video-2020-10-04-at-13.59.05.mp4?_=1\" \/><a href=\"https:\/\/jorgezanoni.com.br\/2019\/wp-content\/uploads\/2020\/10\/WhatsApp-Video-2020-10-04-at-13.59.05.mp4\">https:\/\/jorgezanoni.com.br\/2019\/wp-content\/uploads\/2020\/10\/WhatsApp-Video-2020-10-04-at-13.59.05.mp4<\/a><\/video><\/div>\n<p>Foto e V\u00eddeo de Internauta<\/p>\n<div class=\"cat-box-title\">\n<h1 style=\"text-align: justify;\">Urubu<\/h1>\n<\/div>\n<div class=\"resumo-secao\">\n<h3 class=\"post-sub-title\" style=\"text-align: justify;\">O urubu \u00e9 uma ave bastante conhecida por alimentar-se de organismos em decomposi\u00e7\u00e3o. Esse animal contribui, portanto, para a limpeza do meio ambiente.<\/h3>\n<div style=\"text-align: justify;\">\n<p>Os urubus s\u00e3o\u00a0<a href=\"https:\/\/mundoeducacao.uol.com.br\/biologia\/classe-aves.htm\">aves<\/a>\u00a0da\u00a0<strong>fam\u00edlia\u00a0<\/strong><strong>Cathartidae, mesma fam\u00edlia dos condores.<\/strong>\u00a0Esses\u00a0<a href=\"https:\/\/mundoeducacao.uol.com.br\/biologia\/animais.htm\">animais<\/a>\u00a0s\u00e3o conhecidos, principalmente, por seu h\u00e1bito alimentar, baseado, geralmente, na\u00a0<strong>ingest\u00e3o de carne em decomposi\u00e7\u00e3o<\/strong>. Em virtude de seu h\u00e1bito alimentar, os urubus destacam-se por seu papel na limpeza do ambiente, pois garantem a elimina\u00e7\u00e3o de carca\u00e7as de animais, diminuindo, assim, o risco de doen\u00e7as provenientes desses corpos em decomposi\u00e7\u00e3o.<\/p>\n<h2>\u2192\u00a0<strong>Caracter\u00edsticas dos urubus<\/strong><\/h2>\n<p><strong>Os urubus s\u00e3o aves de grande porte encontradas, exclusivamente, no continente americano.\u00a0<\/strong>No Brasil, \u00e9 poss\u00edvel encontrar cinco esp\u00e9cies desses animais: urubu-de-cabe\u00e7a-preta (<em>Coragyps atratus<\/em>), urubu-de-cabe\u00e7a-vermelha (<em>Cathartes aura<\/em>), urubu-de-cabe\u00e7a-amarela (<em>Cathartes burrovianus<\/em>), urubu-rei (<em>Sarcoramphus papa<\/em>) e urubu-da-mata (<em>Cathartes melambrotus<\/em>).<\/p>\n<p>Os urubus s\u00e3o aves que possuem\u00a0<strong>olfato e vis\u00e3o bem-desenvolvidos<\/strong>, caracter\u00edsticas que favorecem a busca de alimentos. Vale salientar que o olfato \u00e9 um dos sentidos menos desenvolvidos nas aves. Os urubus s\u00e3o, portanto, uma exce\u00e7\u00e3o.<\/p>\n<p><strong>Leia tamb\u00e9m<\/strong>:\u00a0<a href=\"https:\/\/mundoeducacao.uol.com.br\/biologia\/ararinha-azul.htm\">Ararinha-azul<\/a><\/p>\n<p>Esses animais destacam-se ainda por serem capazes de realizar\u00a0<strong><a href=\"https:\/\/mundoeducacao.uol.com.br\/biologia\/adaptacoes-das-aves-para-voo.htm\">voos<\/a>\u00a0planados por grandes \u00e1reas gastando pouca energia.<\/strong>\u00a0Isso ocorre porque essas aves fazem sua ascens\u00e3o nas correntes de ar quente que sobem do solo. Esse \u00e9 o principal motivo pelo qual esses animais evitam voar no per\u00edodo da manh\u00e3.<\/p>\n<p><a title=\"Urubu voando\" href=\"https:\/\/mundoeducacao.uol.com.br\/biologia\/urubu.htm#\"><img loading=\"lazy\" decoding=\"async\" src=\"https:\/\/static.mundoeducacao.uol.com.br\/mundoeducacao\/conteudo\/urubu-voando.jpg\" alt=\"O urubu gasta pouca energia durante seu voo.\" width=\"600\" height=\"402\" \/><\/a><br \/>\nO urubu gasta pouca energia durante seu voo.<\/p>\n<p>No que diz respeito \u00e0s caracter\u00edsticas morfol\u00f3gicas, esses animais destacam-se pela\u00a0<strong>pouca quantidade ou aus\u00eancia de penas na regi\u00e3o da cabe\u00e7a e do pesco\u00e7o.<\/strong>\u00a0Essa regi\u00e3o sem penas est\u00e1 relacionada com a alimenta\u00e7\u00e3o dessas aves. Como os urubus alimentam-se de carne em decomposi\u00e7\u00e3o, a cabe\u00e7a e o pesco\u00e7o ficam, frequentemente, sujos com os restos desse alimento. Como n\u00e3o h\u00e1 penas na regi\u00e3o da cabe\u00e7a e do pesco\u00e7o, torna-se mais f\u00e1cil a limpeza dessa \u00e1rea.<\/p>\n<p><strong>Os urubus s\u00e3o animais que n\u00e3o constroem ninhos.<\/strong>\u00a0Para colocar seus ovos, utilizam fendas em penhascos ou \u00e1rvores ocas. Nas grandes cidades, os urubus podem utilizar sacadas de pr\u00e9dios para colocar seus ovos. O per\u00edodo de incuba\u00e7\u00e3o dos ovos varia de 40 dias a 60 dias. Geralmente, o urubu coloca de dois a tr\u00eas ovos dependendo da esp\u00e9cie analisada.<\/p>\n<h2>\u2192\u00a0<strong>Tamanho dos urubus<\/strong><\/h2>\n<p>Os urubus s\u00e3o aves de grande porte que podem pesar de\u00a0<strong>1,5 quilos a 12 quilos.\u00a0<\/strong>Seu\u00a0<strong>tamanho tamb\u00e9m \u00e9 muito variado<\/strong>. O urubu-rei, por exemplo, \u00e9 o maior urubu do Brasil e apresenta de\u00a0<strong>71 cent\u00edmetros a 81 cent\u00edmetros de comprimento.\u00a0<\/strong>A envergadura de sua asa pode chegar a 1,8 metro. J\u00e1 o urubu-de-cabe\u00e7a-preta apresenta entre<strong>\u00a056 cent\u00edmetros e 66 cent\u00edmetros de comprimento.<\/strong><\/p>\n<h2>\u2192\u00a0<strong>Alimenta\u00e7\u00e3o dos urubus<\/strong><\/h2>\n<p><strong>A alimenta\u00e7\u00e3o dos urubus consiste, principalmente, na ingest\u00e3o de carca\u00e7as de animais<\/strong>\u00a0(carne em\u00a0<a href=\"https:\/\/mundoeducacao.uol.com.br\/biologia\/decomposicao.htm\">decomposi\u00e7\u00e3o<\/a>). Entretanto, vale salientar que, de maneira menos frequente, os urubus podem alimentar-se de alguns frutos ou de animais que estejam fracos.<\/p>\n<p><a title=\"Urubus alimentando-se\" href=\"https:\/\/mundoeducacao.uol.com.br\/biologia\/urubu.htm#\"><img loading=\"lazy\" decoding=\"async\" src=\"https:\/\/static.mundoeducacao.uol.com.br\/mundoeducacao\/conteudo\/urubu-se-alimentando.jpg\" alt=\"Os urubus alimentam-se, principalmente, de carca\u00e7as de animais em decomposi\u00e7\u00e3o.\" width=\"600\" height=\"400\" \/><\/a><br \/>\nOs urubus alimentam-se, principalmente, de carca\u00e7as de animais em decomposi\u00e7\u00e3o.<\/p>\n<p>Os urubus apresentam v\u00e1rias adapta\u00e7\u00f5es relacionadas com sua forma de alimenta\u00e7\u00e3o. Por apresentarem h\u00e1bitos carniceiros,\u00a0<strong>s\u00e3o animais com olfato altamente desenvolvido.\u00a0<\/strong>S\u00e3o capazes, por isso, de identificar alimentos at\u00e9 mesmo em regi\u00f5es de mata fechada. Al\u00e9m disso,\u00a0<strong>possuem vis\u00e3o bastante desenvolvida.<\/strong><\/p>\n<p>Por se alimentarem de animais em decomposi\u00e7\u00e3o, os urubus s\u00e3o bastante encontrados em cidades que apresentam problema de saneamento b\u00e1sico.\u00a0<strong>Eles s\u00e3o vistos em lix\u00f5es, matadouros e em locais em que h\u00e1 lixo disperso.<\/strong><\/p>\n<p><strong>Leia tamb\u00e9m:<\/strong>\u00a0<a href=\"https:\/\/mundoeducacao.uol.com.br\/biologia\/pombo-domestico.htm\">Pombo dom\u00e9stico<\/a><\/p>\n<h2>\u2192\u00a0<strong>Esp\u00e9cies de urubus<\/strong><\/h2>\n<p><a title=\"Urubu-de-cabe\u00e7a-amarela\" href=\"https:\/\/mundoeducacao.uol.com.br\/biologia\/urubu.htm#\"><img loading=\"lazy\" decoding=\"async\" src=\"https:\/\/static.mundoeducacao.uol.com.br\/mundoeducacao\/conteudo\/urubu-de-cabeca-amarela.jpg\" alt=\"O urubu-de-cabe\u00e7a-amarela \u00e9 uma das cinco esp\u00e9cies de urubus encontradas no Brasil.\" width=\"600\" height=\"400\" \/><\/a><br \/>\nO urubu-de-cabe\u00e7a-amarela \u00e9 uma das cinco esp\u00e9cies de urubus encontradas no Brasil.<\/p>\n<p><strong>No total, existem sete esp\u00e9cies de urubus no mundo, e cinco delas s\u00e3o encontradas no Brasil.<\/strong>\u00a0As esp\u00e9cies encontradas em nosso pa\u00eds s\u00e3o: urubu-de-cabe\u00e7a-preta (<em>Coragyps atratus<\/em>), urubu-de-cabe\u00e7a-vermelha (<em>Cathartes aura<\/em>), urubu-de-cabe\u00e7a-amarela (<em>Cathartes burrovianus<\/em>), urubu-rei (<em>Sarcoramphus papa<\/em>) e urubu-da-mata (<em>Cathartes melambrotus<\/em>).<\/p>\n<h3>\u2192\u00a0<strong>Urubu-de-cabe\u00e7a-vermelha<\/strong><\/h3>\n<p><a title=\"Urubu-de-cabe\u00e7a-vermelha\" href=\"https:\/\/mundoeducacao.uol.com.br\/biologia\/urubu.htm#\"><img loading=\"lazy\" decoding=\"async\" src=\"https:\/\/static.mundoeducacao.uol.com.br\/mundoeducacao\/conteudo\/urubu-de-cabeca-vermelha.jpg\" alt=\"O urubu-de-cabe\u00e7a-vermelha apresenta a cabe\u00e7a e o pesco\u00e7o com colora\u00e7\u00e3o avermelhada.\" width=\"600\" height=\"400\" \/><\/a><br \/>\nO urubu-de-cabe\u00e7a-vermelha apresenta a cabe\u00e7a e o pesco\u00e7o com colora\u00e7\u00e3o avermelhada.<\/p>\n<p>O urubu-de-cabe\u00e7a-vermelha, como o pr\u00f3prio nome indica, apresenta como caracter\u00edstica marcante a\u00a0<strong>pele da cabe\u00e7a e do pesco\u00e7o vermelha.<\/strong>\u00a0A plumagem dessa esp\u00e9cie \u00e9 predominantemente preta, sendo poss\u00edvel, durante o voo, observar penas de colora\u00e7\u00e3o cinza-escura nas asas.<\/p>\n<p>Esse urubu alimenta-se, predominante, de carca\u00e7as de animais mortos, podendo, algumas vezes, matar pequenos vertebrados. Destaca-se por sua grande capacidade olfativa, entretanto, apesar de localizar o alimento rapidamente, \u00e9, muitas vezes, retirado da carca\u00e7a por outras esp\u00e9cies.<\/p>\n<h3>\u2192\u00a0<strong>Urubu-de-cabe\u00e7a-preta<\/strong><\/h3>\n<p>O urubu-de-cabe\u00e7a-preta, tamb\u00e9m conhecido como corvo, urubu-comum, urubu-preto ou apit\u00e3,\u00a0<strong>\u00e9 a esp\u00e9cie mais observada nas cidades\u00a0<\/strong>e est\u00e1 distribu\u00eddo por todo o pa\u00eds. Assim como as outras esp\u00e9cies de urubus, alimenta-se de carca\u00e7as de animais mortos, mas destaca-se tamb\u00e9m por alimentar-se de lixo org\u00e2nico.\u00a0<strong>\u00c9, por isso, frequentemente visto em lix\u00f5es.<\/strong><\/p>\n<p>Esse urubu mede, em m\u00e9dia, 60 cent\u00edmetros, suas penas e a pele da regi\u00e3o da cabe\u00e7a e do pesco\u00e7o s\u00e3o pretas. Durante o voo, \u00e9 poss\u00edvel observar algumas penas brancas que ficam na ponta de suas asas. Essa caracter\u00edstica permite diferenciar o urubu-de-cabe\u00e7a-preta de outros urubus.<\/p>\n<h3>\u2192\u00a0<strong>Urubu-rei ou urubu-branco<\/strong><\/h3>\n<p><a title=\"Urubu-rei\" href=\"https:\/\/mundoeducacao.uol.com.br\/biologia\/urubu.htm#\"><img loading=\"lazy\" decoding=\"async\" src=\"https:\/\/static.mundoeducacao.uol.com.br\/mundoeducacao\/conteudo\/urubu-rei.jpg\" alt=\"O urubu-rei apresenta a cabe\u00e7a e o pesco\u00e7o coloridos e a plumagem branca.\" width=\"600\" height=\"400\" \/><\/a><br \/>\nO urubu-rei apresenta a cabe\u00e7a e o pesco\u00e7o coloridos e a plumagem branca.<\/p>\n<p>O urubu-rei, tamb\u00e9m conhecido como urubu-branco, corvo-branco, urubu-real, urubutinga, urubu-rubix\u00e1 ou iriburubix\u00e1,\u00a0<strong>\u00e9 o maior urubu brasileiro.<\/strong>\u00a0Mede entre 71 cent\u00edmetros e 81 cent\u00edmetros de comprimento e apresenta envergadura de asas que pode chegar a 180 cent\u00edmetros. Seu peso varia entre 3 quilos e 3,7 quilos. Ele \u00e9 encontrado desde o sul do M\u00e9xico at\u00e9 o norte da Argentina, incluindo o Brasil, e vive em florestas que apresentam clareiras, localizadas pr\u00f3ximas a pared\u00f5es e \u00e1reas montanhosas no Cerrado e na Caatinga.<\/p>\n<p><strong>Sua plumagem predominante \u00e9 branca, e sua cabe\u00e7a e pesco\u00e7o destacam-se por serem coloridos.<\/strong>\u00a0Esse urubu distingue-se das outras esp\u00e9cies por possuir um bico bem forte e curvado. Em raz\u00e3o desse bico, o urubu-rei recebe o t\u00edtulo de despeda\u00e7ador.<\/p>\n<p>O urubu-rei \u00e9 assim chamado por ter grande porte e por alimentar-se sempre primeiro que os outros urubus quando frequenta uma carni\u00e7a compartilhada. Isso acontece porque essa esp\u00e9cie, em decorr\u00eancia de seu bico refor\u00e7ado, consegue rasgar com maior agilidade carca\u00e7as de animais que servir\u00e3o de alimento.<\/p>\n<h2>\u2192\u00a0<strong>Curiosidades sobre urubus<\/strong><\/h2>\n<ul>\n<li>Os urubus s\u00e3o encontrados, exclusivamente, no continente americano.<\/li>\n<li>Os urubus apresentam o olfato muito desenvolvido. O urubu-de-cabe\u00e7a-vermelha, por exemplo, \u00e9 capaz de encontrar alimento escondido dentro de regi\u00f5es de mata fechada.<\/li>\n<li>A regi\u00e3o sem penas na cabe\u00e7a e no pesco\u00e7o evita ac\u00famulo de restos de alimento.<\/li>\n<li>Urubus n\u00e3o possuem siringe (\u00f3rg\u00e3o vocalizador das aves).<\/li>\n<li>Os urubus s\u00e3o animais que apresentam grande resist\u00eancia \u00e0s bact\u00e9rias encontradas em alimentos em decomposi\u00e7\u00e3o. Sendo assim, n\u00e3o ficam doentes em decorr\u00eancia desse tipo de alimenta\u00e7\u00e3o.<\/li>\n<li>Alguns urubus, ocasionalmente, ca\u00e7am.<\/li>\n<li>S\u00e3o frequentes os casos de colis\u00e3o entre urubus e aeronaves. Os urubus-de-cabe\u00e7a-preta s\u00e3o respons\u00e1veis por 25% desses acidentes.<\/li>\n<\/ul>\n<\/div>\n<div style=\"text-align: justify;\"><img decoding=\"async\" title=\"Urubu-de-cabe\u00e7a-preta\" src=\"https:\/\/static.mundoeducacao.uol.com.br\/mundoeducacao\/conteudo_legenda\/15a48fa8afb888ff7015bdd563056729.jpg\" alt=\"O urubu-de-cabe\u00e7a-preta \u00e9 o mais conhecido dos urubus brasileiros.\" \/><br \/>\nO urubu-de-cabe\u00e7a-preta \u00e9 o mais conhecido dos urubus brasileiros.<\/div>\n<div class=\"bottom-autores\" style=\"text-align: justify;\">Publicado por:\u00a0Vanessa Sardinha dos Santos<\/div>\n<div style=\"text-align: justify;\"><\/div>\n<div style=\"text-align: justify;\">Fonte: https:\/\/mundoeducacao.uol.com.br\/biologia\/urubu.htm<\/div>\n<\/div>\n","protected":false},"excerpt":{"rendered":"<p>Um Urubu, bateu em um transformador no inicio da tarde deste domingo (4), causando interrup\u00e7\u00e3o de energia na Avenida Presidente Vargas em Dracena, imedia\u00e7\u00f5es do Posto Montreal. O animal ficou ferido e foi socorrido por populares e encaminhado a Pol\u00edcia Ambiental que tomar\u00e1 as provid\u00eancias para a recupera\u00e7\u00e3o do mesmo. Foto e V\u00eddeo de Internauta [&hellip;]<\/p>\n","protected":false},"author":1,"featured_media":36199,"comment_status":"closed","ping_status":"open","sticky":false,"template":"","format":"video","meta":{"footnotes":""},"categories":[176,169],"tags":[],"class_list":["post-36197","post","type-post","status-publish","format-video","has-post-thumbnail","hentry","category-meioambienteeagricultura","category-videos","post_format-post-format-video"],"_links":{"self":[{"href":"https:\/\/jorgezanoni.com.br\/2019\/wp-json\/wp\/v2\/posts\/36197","targetHints":{"allow":["GET"]}}],"collection":[{"href":"https:\/\/jorgezanoni.com.br\/2019\/wp-json\/wp\/v2\/posts"}],"about":[{"href":"https:\/\/jorgezanoni.com.br\/2019\/wp-json\/wp\/v2\/types\/post"}],"author":[{"embeddable":true,"href":"https:\/\/jorgezanoni.com.br\/2019\/wp-json\/wp\/v2\/users\/1"}],"replies":[{"embeddable":true,"href":"https:\/\/jorgezanoni.com.br\/2019\/wp-json\/wp\/v2\/comments?post=36197"}],"version-history":[{"count":0,"href":"https:\/\/jorgezanoni.com.br\/2019\/wp-json\/wp\/v2\/posts\/36197\/revisions"}],"wp:featuredmedia":[{"embeddable":true,"href":"https:\/\/jorgezanoni.com.br\/2019\/wp-json\/wp\/v2\/media\/36199"}],"wp:attachment":[{"href":"https:\/\/jorgezanoni.com.br\/2019\/wp-json\/wp\/v2\/media?parent=36197"}],"wp:term":[{"taxonomy":"category","embeddable":true,"href":"https:\/\/jorgezanoni.com.br\/2019\/wp-json\/wp\/v2\/categories?post=36197"},{"taxonomy":"post_tag","embeddable":true,"href":"https:\/\/jorgezanoni.com.br\/2019\/wp-json\/wp\/v2\/tags?post=36197"}],"curies":[{"name":"wp","href":"https:\/\/api.w.org\/{rel}","templated":true}]}}