{"id":3614,"date":"2019-08-11T23:21:41","date_gmt":"2019-08-11T23:21:41","guid":{"rendered":"https:\/\/jorgezanoni.com.br\/2019\/?p=3614"},"modified":"2019-08-11T23:23:06","modified_gmt":"2019-08-11T23:23:06","slug":"dr-ricardo-sobhie-diaz-lancou-o-livro-historias-de-uma-luta-em-dracena","status":"publish","type":"post","link":"https:\/\/jorgezanoni.com.br\/2019\/dr-ricardo-sobhie-diaz-lancou-o-livro-historias-de-uma-luta-em-dracena\/","title":{"rendered":"Dr. Ricardo Sobhie Diaz lan\u00e7ou o livro &#8220;Hist\u00f3rias de uma luta&#8221; em Dracena"},"content":{"rendered":"<h3 class=\"post-title entry-title\" style=\"text-align: justify;\">Foi um sucesso o lan\u00e7amento do livro &#8220;Hist\u00f3rias de uma luta&#8221;, do m\u00e9dico dracenense Ricardo Sobhie Diaz, da Unifesp, na Casa do M\u00e9dico.<img loading=\"lazy\" decoding=\"async\" class=\"alignnone size-full wp-image-3616\" src=\"https:\/\/jorgezanoni.com.br\/2019\/wp-content\/uploads\/2019\/08\/Ricardo-1.jpg\" alt=\"\" width=\"640\" height=\"483\" srcset=\"https:\/\/jorgezanoni.com.br\/2019\/wp-content\/uploads\/2019\/08\/Ricardo-1.jpg 640w, https:\/\/jorgezanoni.com.br\/2019\/wp-content\/uploads\/2019\/08\/Ricardo-1-300x226.jpg 300w, https:\/\/jorgezanoni.com.br\/2019\/wp-content\/uploads\/2019\/08\/Ricardo-1-80x60.jpg 80w, https:\/\/jorgezanoni.com.br\/2019\/wp-content\/uploads\/2019\/08\/Ricardo-1-557x420.jpg 557w\" sizes=\"auto, (max-width: 640px) 100vw, 640px\" \/><\/h3>\n<h3 class=\"post-title entry-title\" style=\"text-align: justify;\">Ricardo falou sobre a hist\u00f3ria do HIV no mundo e as pesquisas que come\u00e7am a dar resultado para a cura de pacientes. No final autografou livros.<\/h3>\n<p><img loading=\"lazy\" decoding=\"async\" class=\"alignnone size-full wp-image-3617\" src=\"https:\/\/jorgezanoni.com.br\/2019\/wp-content\/uploads\/2019\/08\/Ricardo-2.jpg\" alt=\"\" width=\"640\" height=\"381\" srcset=\"https:\/\/jorgezanoni.com.br\/2019\/wp-content\/uploads\/2019\/08\/Ricardo-2.jpg 640w, https:\/\/jorgezanoni.com.br\/2019\/wp-content\/uploads\/2019\/08\/Ricardo-2-300x179.jpg 300w\" sizes=\"auto, (max-width: 640px) 100vw, 640px\" \/><\/p>\n<p><img loading=\"lazy\" decoding=\"async\" class=\"alignnone size-full wp-image-3618\" src=\"https:\/\/jorgezanoni.com.br\/2019\/wp-content\/uploads\/2019\/08\/Ricardo-3.jpg\" alt=\"\" width=\"640\" height=\"554\" srcset=\"https:\/\/jorgezanoni.com.br\/2019\/wp-content\/uploads\/2019\/08\/Ricardo-3.jpg 640w, https:\/\/jorgezanoni.com.br\/2019\/wp-content\/uploads\/2019\/08\/Ricardo-3-300x260.jpg 300w, https:\/\/jorgezanoni.com.br\/2019\/wp-content\/uploads\/2019\/08\/Ricardo-3-534x462.jpg 534w, https:\/\/jorgezanoni.com.br\/2019\/wp-content\/uploads\/2019\/08\/Ricardo-3-485x420.jpg 485w\" sizes=\"auto, (max-width: 640px) 100vw, 640px\" \/> <img loading=\"lazy\" decoding=\"async\" class=\"alignnone size-full wp-image-3619\" src=\"https:\/\/jorgezanoni.com.br\/2019\/wp-content\/uploads\/2019\/08\/Ricardo-4.jpg\" alt=\"\" width=\"640\" height=\"517\" srcset=\"https:\/\/jorgezanoni.com.br\/2019\/wp-content\/uploads\/2019\/08\/Ricardo-4.jpg 640w, https:\/\/jorgezanoni.com.br\/2019\/wp-content\/uploads\/2019\/08\/Ricardo-4-300x242.jpg 300w, https:\/\/jorgezanoni.com.br\/2019\/wp-content\/uploads\/2019\/08\/Ricardo-4-520x420.jpg 520w\" sizes=\"auto, (max-width: 640px) 100vw, 640px\" \/> <img loading=\"lazy\" decoding=\"async\" class=\"alignnone size-full wp-image-3620\" src=\"https:\/\/jorgezanoni.com.br\/2019\/wp-content\/uploads\/2019\/08\/Ricardo-5.jpg\" alt=\"\" width=\"640\" height=\"341\" srcset=\"https:\/\/jorgezanoni.com.br\/2019\/wp-content\/uploads\/2019\/08\/Ricardo-5.jpg 640w, https:\/\/jorgezanoni.com.br\/2019\/wp-content\/uploads\/2019\/08\/Ricardo-5-300x160.jpg 300w\" sizes=\"auto, (max-width: 640px) 100vw, 640px\" \/> <img loading=\"lazy\" decoding=\"async\" class=\"alignnone size-full wp-image-3621\" src=\"https:\/\/jorgezanoni.com.br\/2019\/wp-content\/uploads\/2019\/08\/Ricardo-6.jpg\" alt=\"\" width=\"640\" height=\"349\" srcset=\"https:\/\/jorgezanoni.com.br\/2019\/wp-content\/uploads\/2019\/08\/Ricardo-6.jpg 640w, https:\/\/jorgezanoni.com.br\/2019\/wp-content\/uploads\/2019\/08\/Ricardo-6-300x164.jpg 300w\" sizes=\"auto, (max-width: 640px) 100vw, 640px\" \/> <img loading=\"lazy\" decoding=\"async\" class=\"alignnone size-full wp-image-3622\" src=\"https:\/\/jorgezanoni.com.br\/2019\/wp-content\/uploads\/2019\/08\/Ricardo-7.jpg\" alt=\"\" width=\"640\" height=\"285\" srcset=\"https:\/\/jorgezanoni.com.br\/2019\/wp-content\/uploads\/2019\/08\/Ricardo-7.jpg 640w, https:\/\/jorgezanoni.com.br\/2019\/wp-content\/uploads\/2019\/08\/Ricardo-7-300x134.jpg 300w\" sizes=\"auto, (max-width: 640px) 100vw, 640px\" \/> <img loading=\"lazy\" decoding=\"async\" class=\"alignnone size-full wp-image-3623\" src=\"https:\/\/jorgezanoni.com.br\/2019\/wp-content\/uploads\/2019\/08\/Ricardo-8.jpg\" alt=\"\" width=\"640\" height=\"317\" srcset=\"https:\/\/jorgezanoni.com.br\/2019\/wp-content\/uploads\/2019\/08\/Ricardo-8.jpg 640w, https:\/\/jorgezanoni.com.br\/2019\/wp-content\/uploads\/2019\/08\/Ricardo-8-300x149.jpg 300w, https:\/\/jorgezanoni.com.br\/2019\/wp-content\/uploads\/2019\/08\/Ricardo-8-324x160.jpg 324w\" sizes=\"auto, (max-width: 640px) 100vw, 640px\" \/> <img loading=\"lazy\" decoding=\"async\" class=\"alignnone size-full wp-image-3624\" src=\"https:\/\/jorgezanoni.com.br\/2019\/wp-content\/uploads\/2019\/08\/Ricardo-10.jpg\" alt=\"\" width=\"524\" height=\"640\" srcset=\"https:\/\/jorgezanoni.com.br\/2019\/wp-content\/uploads\/2019\/08\/Ricardo-10.jpg 524w, https:\/\/jorgezanoni.com.br\/2019\/wp-content\/uploads\/2019\/08\/Ricardo-10-246x300.jpg 246w, https:\/\/jorgezanoni.com.br\/2019\/wp-content\/uploads\/2019\/08\/Ricardo-10-344x420.jpg 344w\" sizes=\"auto, (max-width: 524px) 100vw, 524px\" \/> <img loading=\"lazy\" decoding=\"async\" class=\"alignnone size-full wp-image-3625\" src=\"https:\/\/jorgezanoni.com.br\/2019\/wp-content\/uploads\/2019\/08\/Ricardo-11.jpg\" alt=\"\" width=\"537\" height=\"640\" srcset=\"https:\/\/jorgezanoni.com.br\/2019\/wp-content\/uploads\/2019\/08\/Ricardo-11.jpg 537w, https:\/\/jorgezanoni.com.br\/2019\/wp-content\/uploads\/2019\/08\/Ricardo-11-252x300.jpg 252w, https:\/\/jorgezanoni.com.br\/2019\/wp-content\/uploads\/2019\/08\/Ricardo-11-352x420.jpg 352w\" sizes=\"auto, (max-width: 537px) 100vw, 537px\" \/> <img loading=\"lazy\" decoding=\"async\" class=\"alignnone size-full wp-image-3626\" src=\"https:\/\/jorgezanoni.com.br\/2019\/wp-content\/uploads\/2019\/08\/Ricardo-14.jpg\" alt=\"\" width=\"577\" height=\"640\" srcset=\"https:\/\/jorgezanoni.com.br\/2019\/wp-content\/uploads\/2019\/08\/Ricardo-14.jpg 577w, https:\/\/jorgezanoni.com.br\/2019\/wp-content\/uploads\/2019\/08\/Ricardo-14-270x300.jpg 270w, https:\/\/jorgezanoni.com.br\/2019\/wp-content\/uploads\/2019\/08\/Ricardo-14-379x420.jpg 379w\" sizes=\"auto, (max-width: 577px) 100vw, 577px\" \/><\/p>\n<p>Fotos: Cl\u00e1udio Jos\u00e9\/Bastidores da Not\u00edcia<\/p>\n<p style=\"text-align: justify;\"><strong>Lan\u00e7amento do livro Hist\u00f3rias de Uma Luta que fala do v\u00edrus HIV.<\/strong><\/p>\n<p>De 1978 a 1980, nos Estados Unidos, nas cidades de Los Angeles e Nova Iorque, em um grupo de pacientes foi diagnosticada uma forma de pneumonia diferenciada e rara, assim como um tipo de c\u00e2ncer que at\u00e9 ent\u00e3o era considerado como incidente apenas em pessoas com idade mais avan\u00e7ada.<br \/>\nOcorreu que esta doen\u00e7a come\u00e7ou a se disseminar e aparecer tamb\u00e9m na \u00c1frica e no Haiti; caracterizando-se por atingir o sistema imune dos pacientes, enfraquecendo o organismo e os deixando extremamente debilitados, ocasionando infec\u00e7\u00f5es oportunistas.<br \/>\nOs grupos mais atingidos de pacientes nesta \u00e9poca eram os homens homossexuais ou bissexuais. Em 1980 foi diagnosticado o primeiro caso da doen\u00e7a no Brasil na cidade de S\u00e3o Paulo, sendo apenas classificado como tal ap\u00f3s a descoberta da mol\u00e9stia no mundo.<br \/>\nO Sistema de Vigil\u00e2ncia Epidemiol\u00f3gica do Minist\u00e9rio da Sa\u00fade considera que a doen\u00e7a foi diagnosticada pela primeira vez no Brasil no ano de 1982, por ter sido conceituada neste per\u00edodo.<br \/>\nDiante do conhecimento atual sobre o v\u00edrus e formas de transmiss\u00e3o da AIDS, considerando o per\u00edodo de incuba\u00e7\u00e3o do HIV, estima-se que o v\u00edrus tenha entrado no Brasil na d\u00e9cada de 70.<br \/>\nCom a propaga\u00e7\u00e3o no mundo as autoridades de sa\u00fade americana come\u00e7aram a dar aten\u00e7\u00e3o especial para esta nova doen\u00e7a at\u00e9 ent\u00e3o misteriosa para todos. Em 1980 n\u00e3o havia o conhecimento sobre os meios de transmiss\u00e3o nem mesmo que se tratava de um v\u00edrus.<br \/>\nEm 1982, a partir dos grupos de riscos mais acometidos pela doen\u00e7a a mesma foi temporariamente denominada de Doen\u00e7a dos 5H, ou seja, Homossexuais, Hemof\u00edlicos, Haitianos, Heroin\u00f4manos (denomina\u00e7\u00e3o das pessoas usu\u00e1rias de hero\u00edna injet\u00e1vel) e Hookers (palavra que em ingl\u00eas significa profissional do sexo). Delimitando os grupos de risco identificou-se que a transmiss\u00e3o da doen\u00e7a era feita por meio de contato sexual, exposi\u00e7\u00e3o ou transfus\u00e3o de sangue e derivados e pelo uso de drogas injet\u00e1veis com compartilhamento de seringas.<br \/>\nDiante desta situa\u00e7\u00e3o os cientistas americanos conceituaram a doen\u00e7a at\u00e9 ent\u00e3o desconhecida como Acquired Imnunodeficiency Syndrome (SIDA). A partir da\u00ed come\u00e7ou a ser mundialmente conhecida como AIDS, que na l\u00edngua portuguesa quer dizer: S\u00edndrome da Imunodefici\u00eancia Adquirida \u2013 SIDA.<br \/>\nEm 1982 o Center for Diseases Control and Prevention (CDC), dos EUA, realizou a primeira defini\u00e7\u00e3o de caso da AIDS a partir de achados cl\u00ednicos, epidemiol\u00f3gicos e imunol\u00f3gicos nas primeiras pessoas possivelmente acometidas pela doen\u00e7a.<br \/>\nNesta \u00e9poca n\u00e3o existia o teste anti-HIV, desta forma a defini\u00e7\u00e3o e diagn\u00f3stico da AIDS no paciente era feita por meio da ocorr\u00eancia de pelo menos uma de 13 doen\u00e7as que indicavam a exist\u00eancia da imunodefici\u00eancia celular subjacente.<br \/>\nEm 1983, no Brasil, foi diagnosticado o primeiro caso de AIDS em uma crian\u00e7a e em pessoas do sexo feminino. Os homossexuais usu\u00e1rios de drogas injet\u00e1veis eram considerados como difusores da doen\u00e7a para os grupos heterossexuais. Nesta mesma \u00e9poca houve o acometimento de profissionais da sa\u00fade diagnosticados com AIDS e iniciou a aten\u00e7\u00e3o para a origem viral da doen\u00e7a.<br \/>\nEm 1984 a equipe do Instituto Pasteur, na Fran\u00e7a, isola e caracteriza um retrov\u00edrus, considerado um v\u00edrus mutante que vive conforme o meio, como causador da AIDS. Perante esta descoberta foi poss\u00edvel validar a transmiss\u00e3o viral da AIDS; a Secretaria de Sa\u00fade do estado de S\u00e3o Paulo prop\u00f4s o primeiro Programa de Controle da AIDS no Brasil.<br \/>\nEm 1985 foi criada e fundada a primeira Organiza\u00e7\u00e3o n\u00e3o Governamental de luta contra a AIDS, a pioneira no Brasil e Am\u00e9rica Latina, definida como Grupo de Apoio \u00e0 Preven\u00e7\u00e3o \u00e0 AIDS (GAPA). Foi conclu\u00eddo que a AIDS \u00e9 a forma da doen\u00e7a ap\u00f3s a transmiss\u00e3o do v\u00edrus descrito como Human Immunodeficiency Virus (HIV) ou, em portugu\u00eas, V\u00edrus da Imunodefici\u00eancia Adquirida.<br \/>\nAinda em 1985 foi diagnosticado o primeiro caso de transmiss\u00e3o vertical da m\u00e3e portadora do v\u00edrus para o beb\u00ea. Inicia-se a disponibiliza\u00e7\u00e3o do teste anti-HIV para diagn\u00f3stico e diante da consider\u00e1vel expans\u00e3o da doen\u00e7a caracterizaram-se \u2013 ao inv\u00e9s de grupos de riscos \u2013 comportamentos de riscos para a transmiss\u00e3o do HIV.<br \/>\nEm 1986 o Minist\u00e9rio da Sa\u00fade do Brasil cria o primeiro Programa Nacional de DST e AIDS. Em 1987 foi lan\u00e7ado o primeiro Centro de Orienta\u00e7\u00e3o Sorol\u00f3gica (COAS), em Porto Alegre (RS).<br \/>\nNeste mesmo ano houve o in\u00edcio da utiliza\u00e7\u00e3o do AZT como medicamento de escolha para os portadores de HIV, pois foi considerado o medicamento que diminu\u00eda a carga viral dos portadores. A Organiza\u00e7\u00e3o das Na\u00e7\u00f5es Unidas (ONU) institui o dia primeiro de dezembro como dia Mundial de Luta contra a AIDS.<br \/>\nEm 1988 h\u00e1 a notifica\u00e7\u00e3o do primeiro caso do Brasil de HIV na popula\u00e7\u00e3o ind\u00edgena. Neste ano tamb\u00e9m foi criado o Sistema \u00danico de Sa\u00fade (SUS) e o Minist\u00e9rio da Sa\u00fade come\u00e7a a distribui\u00e7\u00e3o de medicamentos para tratamento de infec\u00e7\u00f5es oportunistas.<br \/>\nNo ano de 1991, praticamente 10 anos ap\u00f3s o descobrimento da AIDS, a ONU anuncia que existem no mundo 10 milh\u00f5es de pessoas infectadas pelo v\u00edrus HIV. Houve a inicia\u00e7\u00e3o da distribui\u00e7\u00e3o gratuita aos pacientes de medica\u00e7\u00f5es antirretrovirais, medicamentos que dificultam a multiplica\u00e7\u00e3o do v\u00edrus HIV no organismo.<br \/>\nEm 1992 inicia-se o estudo do tratamento medicamentoso de v\u00e1rias drogas combinadas contra o HIV e a presen\u00e7a das doen\u00e7as sexualmente transmiss\u00edveis como cofator para a transmiss\u00e3o do HIV, podendo aumentar em at\u00e9 18 vezes o risco de transmiss\u00e3o e aquisi\u00e7\u00e3o do HIV. O Minist\u00e9rio da Sa\u00fade inclui os procedimentos para tratamento da AIDS na tabela do SUS e inicia o cadastramento dos hospitais para tratamento dos pacientes com SIDA.<\/p>\n<p><img loading=\"lazy\" decoding=\"async\" class=\"alignnone size-full wp-image-3627\" src=\"https:\/\/jorgezanoni.com.br\/2019\/wp-content\/uploads\/2019\/08\/Germana1.jpg\" alt=\"\" width=\"768\" height=\"1024\" srcset=\"https:\/\/jorgezanoni.com.br\/2019\/wp-content\/uploads\/2019\/08\/Germana1.jpg 768w, https:\/\/jorgezanoni.com.br\/2019\/wp-content\/uploads\/2019\/08\/Germana1-225x300.jpg 225w, https:\/\/jorgezanoni.com.br\/2019\/wp-content\/uploads\/2019\/08\/Germana1-696x928.jpg 696w, https:\/\/jorgezanoni.com.br\/2019\/wp-content\/uploads\/2019\/08\/Germana1-315x420.jpg 315w\" sizes=\"auto, (max-width: 768px) 100vw, 768px\" \/> <img loading=\"lazy\" decoding=\"async\" class=\"alignnone size-full wp-image-3628\" src=\"https:\/\/jorgezanoni.com.br\/2019\/wp-content\/uploads\/2019\/08\/Germana2.jpg\" alt=\"\" width=\"768\" height=\"1024\" srcset=\"https:\/\/jorgezanoni.com.br\/2019\/wp-content\/uploads\/2019\/08\/Germana2.jpg 768w, https:\/\/jorgezanoni.com.br\/2019\/wp-content\/uploads\/2019\/08\/Germana2-225x300.jpg 225w, https:\/\/jorgezanoni.com.br\/2019\/wp-content\/uploads\/2019\/08\/Germana2-696x928.jpg 696w, https:\/\/jorgezanoni.com.br\/2019\/wp-content\/uploads\/2019\/08\/Germana2-315x420.jpg 315w\" sizes=\"auto, (max-width: 768px) 100vw, 768px\" \/> <img loading=\"lazy\" decoding=\"async\" class=\"alignnone size-full wp-image-3629\" src=\"https:\/\/jorgezanoni.com.br\/2019\/wp-content\/uploads\/2019\/08\/Germana3.jpg\" alt=\"\" width=\"675\" height=\"843\" srcset=\"https:\/\/jorgezanoni.com.br\/2019\/wp-content\/uploads\/2019\/08\/Germana3.jpg 675w, https:\/\/jorgezanoni.com.br\/2019\/wp-content\/uploads\/2019\/08\/Germana3-240x300.jpg 240w, https:\/\/jorgezanoni.com.br\/2019\/wp-content\/uploads\/2019\/08\/Germana3-336x420.jpg 336w\" sizes=\"auto, (max-width: 675px) 100vw, 675px\" \/> <img loading=\"lazy\" decoding=\"async\" class=\"alignnone size-full wp-image-3630\" src=\"https:\/\/jorgezanoni.com.br\/2019\/wp-content\/uploads\/2019\/08\/Germana4.jpg\" alt=\"\" width=\"715\" height=\"713\" srcset=\"https:\/\/jorgezanoni.com.br\/2019\/wp-content\/uploads\/2019\/08\/Germana4.jpg 715w, https:\/\/jorgezanoni.com.br\/2019\/wp-content\/uploads\/2019\/08\/Germana4-150x150.jpg 150w, https:\/\/jorgezanoni.com.br\/2019\/wp-content\/uploads\/2019\/08\/Germana4-300x300.jpg 300w, https:\/\/jorgezanoni.com.br\/2019\/wp-content\/uploads\/2019\/08\/Germana4-696x694.jpg 696w, https:\/\/jorgezanoni.com.br\/2019\/wp-content\/uploads\/2019\/08\/Germana4-421x420.jpg 421w\" sizes=\"auto, (max-width: 715px) 100vw, 715px\" \/><\/p>\n<p><img loading=\"lazy\" decoding=\"async\" class=\"alignnone size-full wp-image-3631\" src=\"https:\/\/jorgezanoni.com.br\/2019\/wp-content\/uploads\/2019\/08\/germana5.jpg\" alt=\"\" width=\"668\" height=\"601\" srcset=\"https:\/\/jorgezanoni.com.br\/2019\/wp-content\/uploads\/2019\/08\/germana5.jpg 668w, https:\/\/jorgezanoni.com.br\/2019\/wp-content\/uploads\/2019\/08\/germana5-300x270.jpg 300w, https:\/\/jorgezanoni.com.br\/2019\/wp-content\/uploads\/2019\/08\/germana5-467x420.jpg 467w\" sizes=\"auto, (max-width: 668px) 100vw, 668px\" \/><\/p>\n<p>A Dra. Germana Fernanda de Souza que \u00e9 m\u00e9dica Clinica e Infectologista, participando do lan\u00e7amento do livro. (Fotos arquivo pessoal)<\/p>\n<p>&nbsp;<\/p>\n<p>&nbsp;<\/p>\n<p>&nbsp;<\/p>\n","protected":false},"excerpt":{"rendered":"<p>Foi um sucesso o lan\u00e7amento do livro &#8220;Hist\u00f3rias de uma luta&#8221;, do m\u00e9dico dracenense Ricardo Sobhie Diaz, da Unifesp, na Casa do M\u00e9dico. Ricardo falou sobre a hist\u00f3ria do HIV no mundo e as pesquisas que come\u00e7am a dar resultado para a cura de pacientes. No final autografou livros. Fotos: Cl\u00e1udio Jos\u00e9\/Bastidores da Not\u00edcia Lan\u00e7amento [&hellip;]<\/p>\n","protected":false},"author":1,"featured_media":3618,"comment_status":"closed","ping_status":"open","sticky":false,"template":"","format":"standard","meta":{"footnotes":""},"categories":[110,122],"tags":[],"class_list":["post-3614","post","type-post","status-publish","format-standard","has-post-thumbnail","hentry","category-noticiasdestaque","category-saudeeducacaoeconcurso"],"_links":{"self":[{"href":"https:\/\/jorgezanoni.com.br\/2019\/wp-json\/wp\/v2\/posts\/3614","targetHints":{"allow":["GET"]}}],"collection":[{"href":"https:\/\/jorgezanoni.com.br\/2019\/wp-json\/wp\/v2\/posts"}],"about":[{"href":"https:\/\/jorgezanoni.com.br\/2019\/wp-json\/wp\/v2\/types\/post"}],"author":[{"embeddable":true,"href":"https:\/\/jorgezanoni.com.br\/2019\/wp-json\/wp\/v2\/users\/1"}],"replies":[{"embeddable":true,"href":"https:\/\/jorgezanoni.com.br\/2019\/wp-json\/wp\/v2\/comments?post=3614"}],"version-history":[{"count":0,"href":"https:\/\/jorgezanoni.com.br\/2019\/wp-json\/wp\/v2\/posts\/3614\/revisions"}],"wp:featuredmedia":[{"embeddable":true,"href":"https:\/\/jorgezanoni.com.br\/2019\/wp-json\/wp\/v2\/media\/3618"}],"wp:attachment":[{"href":"https:\/\/jorgezanoni.com.br\/2019\/wp-json\/wp\/v2\/media?parent=3614"}],"wp:term":[{"taxonomy":"category","embeddable":true,"href":"https:\/\/jorgezanoni.com.br\/2019\/wp-json\/wp\/v2\/categories?post=3614"},{"taxonomy":"post_tag","embeddable":true,"href":"https:\/\/jorgezanoni.com.br\/2019\/wp-json\/wp\/v2\/tags?post=3614"}],"curies":[{"name":"wp","href":"https:\/\/api.w.org\/{rel}","templated":true}]}}