{"id":36036,"date":"2020-10-01T14:04:40","date_gmt":"2020-10-01T14:04:40","guid":{"rendered":"https:\/\/jorgezanoni.com.br\/2019\/?p=36036"},"modified":"2020-10-01T14:04:40","modified_gmt":"2020-10-01T14:04:40","slug":"funcionario-de-usina-morre-ao-combater-queimada-em-canavial-no-interior-de-sp","status":"publish","type":"post","link":"https:\/\/jorgezanoni.com.br\/2019\/funcionario-de-usina-morre-ao-combater-queimada-em-canavial-no-interior-de-sp\/","title":{"rendered":"Funcion\u00e1rio de usina morre ao combater queimada em canavial no interior de SP"},"content":{"rendered":"<h2 class=\"content-head__subtitle\" style=\"text-align: justify;\"><strong>Operador de m\u00e1quina Arilson Souza morreu carbonizado ap\u00f3s ser cercado pelo fogo em usina em Itapura (SP).<\/strong><\/h2>\n<div class=\"mc-column content-text active-extra-styles \" data-block-type=\"unstyled\" data-block-weight=\"29\" data-block-id=\"2\">\n<p class=\"content-text__container \" data-track-category=\"Link no Texto\" data-track-links=\"\">O funcion\u00e1rio de uma usina de a\u00e7\u00facar e \u00e1lcool de Pereira Barreto (SP) morreu nesta quarta-feira (30) durante o combate a um inc\u00eandio em um canavial em Itapura (SP).<\/p>\n<\/div>\n<div class=\"wall protected-content\">\n<div class=\"mc-column content-text active-extra-styles \" data-block-type=\"unstyled\" data-block-weight=\"38\" data-block-id=\"3\">\n<p class=\"content-text__container \" data-track-category=\"Link no Texto\" data-track-links=\"\">De acordo com a pol\u00edcia, Arilson Souza trabalhava como operador de m\u00e1quinas e fazia parte da brigada de inc\u00eandio da usina. Por isso, ele estava ajudando no combate ao fogo num canavial, que atingiu v\u00e1rias fazendas na \u00e1rea.<\/p>\n<div class=\"mc-column content-text active-extra-styles \" data-block-type=\"unstyled\" data-block-weight=\"45\" data-block-id=\"5\">\n<p class=\"content-text__container \" data-track-category=\"Link no Texto\" data-track-links=\"\">Segundo a pol\u00edcia, ele estava em um trator e tentava fazer um aceiro \u2013 que \u00e9 um corte no terreno para o fogo n\u00e3o se alastrar. Mas as chamas atingiram o trator e o homem saiu correndo, mas teria sido cercado pelo fogo, morrendo carbonizado.<\/p>\n<\/div>\n<div class=\"content-ads content-ads--reveal\" data-block-type=\"ads\" data-block-id=\"6\">\n<div id=\"banner_materia2\" class=\"tag-manager-publicidade-container mc-has-reveal mc-has-ad-lazyload\" data-id=\"banner_materia2\"><\/div>\n<\/div>\n<div class=\"mc-column content-text active-extra-styles \" data-block-type=\"unstyled\" data-block-weight=\"22\" data-block-id=\"7\">\n<p class=\"content-text__container \" data-track-category=\"Link no Texto\" data-track-links=\"\">O inc\u00eandio come\u00e7ou por volta do meio-dia e foi totalmente controlado apenas \u00e0s 23h. Os bombeiros ainda calculam o tamanho da queimada.<\/p>\n<\/div>\n<div class=\"row medium-uncollapsed content-media content-photo\" data-block-type=\"backstage-photo\" data-block-id=\"8\">\n<div class=\"mc-column content-media__container\">\n<figure><img decoding=\"async\" class=\"i-amphtml-fill-content i-amphtml-replaced-content\" src=\"https:\/\/s2.glbimg.com\/V3Ih2lzJPLURDJ6WV48v9Iw34qs=\/0x0:959x962\/984x0\/smart\/filters:strip_icc()\/i.s3.glbimg.com\/v1\/AUTH_59edd422c0c84a879bd37670ae4f538a\/internal_photos\/bs\/2020\/4\/F\/uXlzZuT9asUTA29vpeXA\/arilson.jpeg\" sizes=\"(max-width: 1366px) 648px, 100vw\" srcset=\"https:\/\/s2.glbimg.com\/tGEXs59C8qzWF3s2YdZ4fEReKfo=\/0x0:959x962\/1000x0\/smart\/filters:strip_icc()\/i.s3.glbimg.com\/v1\/AUTH_59edd422c0c84a879bd37670ae4f538a\/internal_photos\/bs\/2020\/4\/F\/uXlzZuT9asUTA29vpeXA\/arilson.jpeg 1000w, https:\/\/s2.glbimg.com\/V3Ih2lzJPLURDJ6WV48v9Iw34qs=\/0x0:959x962\/984x0\/smart\/filters:strip_icc()\/i.s3.glbimg.com\/v1\/AUTH_59edd422c0c84a879bd37670ae4f538a\/internal_photos\/bs\/2020\/4\/F\/uXlzZuT9asUTA29vpeXA\/arilson.jpeg 984w, https:\/\/s2.glbimg.com\/8eBZW33LyKpZkJocROWH1H_jbtg=\/0x0:959x962\/640x0\/smart\/filters:strip_icc()\/i.s3.glbimg.com\/v1\/AUTH_59edd422c0c84a879bd37670ae4f538a\/internal_photos\/bs\/2020\/4\/F\/uXlzZuT9asUTA29vpeXA\/arilson.jpeg 640w, https:\/\/s2.glbimg.com\/DUBzX_nU6b0lsrjAulHJeSC9hkA=\/0x0:959x962\/600x0\/smart\/filters:strip_icc()\/i.s3.glbimg.com\/v1\/AUTH_59edd422c0c84a879bd37670ae4f538a\/internal_photos\/bs\/2020\/4\/F\/uXlzZuT9asUTA29vpeXA\/arilson.jpeg 600w\" alt=\"Arilson era operador de m\u00e1quina da usina e fazia parte da equipe brigadista \u2014 Foto: Arquivo Pessoal\" \/><\/figure>\n<p class=\"content-media__description \">Arilson era operador de m\u00e1quina da usina e fazia parte da equipe brigadista \u2014 Foto: Arquivo Pessoal<\/p>\n<\/div>\n<\/div>\n<div class=\"mc-column content-text active-extra-styles \" data-block-type=\"unstyled\" data-block-weight=\"38\" data-block-id=\"9\">\n<p class=\"content-text__container \" data-track-category=\"Link no Texto\" data-track-links=\"\">A Pol\u00edcia Civil abriu um inqu\u00e9rito para investigar as causas do inc\u00eandio e tamb\u00e9m a morte do homem. O corpo de Arilson foi levado para o Instituto M\u00e9dico Legal (IML) de Andradina e foi liberado para a fam\u00edlia.<\/p>\n<\/div>\n<div class=\"mc-column content-text active-extra-styles \" data-block-type=\"unstyled\" data-block-weight=\"41\" data-block-id=\"10\">\n<p class=\"content-text__container \" data-track-category=\"Link no Texto\" data-track-links=\"\">O corpo vai ser enterrado no cemit\u00e9rio municipal da cidade na manh\u00e3 desta quinta-feira (1\u00ba). Arilson deixa um filho de seis anos. Em uma rede social, a usina lamentou a morte do funcion\u00e1rio e disse que est\u00e1 prestando a assist\u00eancia necess\u00e1ria.<\/p>\n<\/div>\n<div class=\"row medium-uncollapsed content-media content-photo\" data-block-type=\"backstage-photo\" data-block-id=\"11\">\n<div class=\"mc-column content-media__container\">\n<figure><img decoding=\"async\" class=\"i-amphtml-fill-content i-amphtml-replaced-content\" src=\"https:\/\/s2.glbimg.com\/241ZDWtfGvaRStZAvFj4JWvQ7Is=\/0x0:1280x960\/984x0\/smart\/filters:strip_icc()\/i.s3.glbimg.com\/v1\/AUTH_59edd422c0c84a879bd37670ae4f538a\/internal_photos\/bs\/2020\/9\/y\/cOc726TSqO0V4WcsRN8w\/incendio-itapura.jpeg\" sizes=\"(max-width: 1366px) 648px, 100vw\" srcset=\"https:\/\/s2.glbimg.com\/XMblkZx-eFjflFTyJ1r3AchN1mI=\/0x0:1280x960\/1000x0\/smart\/filters:strip_icc()\/i.s3.glbimg.com\/v1\/AUTH_59edd422c0c84a879bd37670ae4f538a\/internal_photos\/bs\/2020\/9\/y\/cOc726TSqO0V4WcsRN8w\/incendio-itapura.jpeg 1000w, https:\/\/s2.glbimg.com\/241ZDWtfGvaRStZAvFj4JWvQ7Is=\/0x0:1280x960\/984x0\/smart\/filters:strip_icc()\/i.s3.glbimg.com\/v1\/AUTH_59edd422c0c84a879bd37670ae4f538a\/internal_photos\/bs\/2020\/9\/y\/cOc726TSqO0V4WcsRN8w\/incendio-itapura.jpeg 984w, https:\/\/s2.glbimg.com\/LHGxxmyhq0V5rq7KUH6HnnpLZNc=\/0x0:1280x960\/640x0\/smart\/filters:strip_icc()\/i.s3.glbimg.com\/v1\/AUTH_59edd422c0c84a879bd37670ae4f538a\/internal_photos\/bs\/2020\/9\/y\/cOc726TSqO0V4WcsRN8w\/incendio-itapura.jpeg 640w, https:\/\/s2.glbimg.com\/dhR1JuXo5_S2bNFgb4TM51RV6SY=\/0x0:1280x960\/600x0\/smart\/filters:strip_icc()\/i.s3.glbimg.com\/v1\/AUTH_59edd422c0c84a879bd37670ae4f538a\/internal_photos\/bs\/2020\/9\/y\/cOc726TSqO0V4WcsRN8w\/incendio-itapura.jpeg 600w\" alt=\"\u00c1rea que pegou fogo na regi\u00e3o de Itapura e funcion\u00e1rio de usina morreu \u2014 Foto: Rafael Honorato\/TV TEM\" \/><\/figure>\n<p class=\"content-media__description \">\u00c1rea que pegou fogo na regi\u00e3o de Itapura e funcion\u00e1rio de usina morreu \u2014 Foto: Rafael Honorato\/TV TEM<\/p>\n<p>Fonte: G1<\/p>\n<p><img loading=\"lazy\" decoding=\"async\" class=\"alignnone size-full wp-image-36037\" src=\"https:\/\/jorgezanoni.com.br\/2019\/wp-content\/uploads\/2020\/10\/fogo.jpeg\" alt=\"\" width=\"984\" height=\"738\" srcset=\"https:\/\/jorgezanoni.com.br\/2019\/wp-content\/uploads\/2020\/10\/fogo.jpeg 984w, https:\/\/jorgezanoni.com.br\/2019\/wp-content\/uploads\/2020\/10\/fogo-300x225.jpeg 300w, https:\/\/jorgezanoni.com.br\/2019\/wp-content\/uploads\/2020\/10\/fogo-768x576.jpeg 768w, https:\/\/jorgezanoni.com.br\/2019\/wp-content\/uploads\/2020\/10\/fogo-80x60.jpeg 80w, https:\/\/jorgezanoni.com.br\/2019\/wp-content\/uploads\/2020\/10\/fogo-265x198.jpeg 265w, https:\/\/jorgezanoni.com.br\/2019\/wp-content\/uploads\/2020\/10\/fogo-696x522.jpeg 696w, https:\/\/jorgezanoni.com.br\/2019\/wp-content\/uploads\/2020\/10\/fogo-560x420.jpeg 560w\" sizes=\"auto, (max-width: 984px) 100vw, 984px\" \/> <img loading=\"lazy\" decoding=\"async\" class=\"alignnone size-full wp-image-36038\" src=\"https:\/\/jorgezanoni.com.br\/2019\/wp-content\/uploads\/2020\/10\/fogo1.jpg\" alt=\"\" width=\"720\" height=\"530\" srcset=\"https:\/\/jorgezanoni.com.br\/2019\/wp-content\/uploads\/2020\/10\/fogo1.jpg 720w, https:\/\/jorgezanoni.com.br\/2019\/wp-content\/uploads\/2020\/10\/fogo1-300x221.jpg 300w, https:\/\/jorgezanoni.com.br\/2019\/wp-content\/uploads\/2020\/10\/fogo1-80x60.jpg 80w, https:\/\/jorgezanoni.com.br\/2019\/wp-content\/uploads\/2020\/10\/fogo1-696x512.jpg 696w, https:\/\/jorgezanoni.com.br\/2019\/wp-content\/uploads\/2020\/10\/fogo1-571x420.jpg 571w\" sizes=\"auto, (max-width: 720px) 100vw, 720px\" \/> <img loading=\"lazy\" decoding=\"async\" class=\"alignnone size-full wp-image-36039\" src=\"https:\/\/jorgezanoni.com.br\/2019\/wp-content\/uploads\/2020\/10\/fogo2.jpg\" alt=\"\" width=\"720\" height=\"540\" srcset=\"https:\/\/jorgezanoni.com.br\/2019\/wp-content\/uploads\/2020\/10\/fogo2.jpg 720w, https:\/\/jorgezanoni.com.br\/2019\/wp-content\/uploads\/2020\/10\/fogo2-300x225.jpg 300w, https:\/\/jorgezanoni.com.br\/2019\/wp-content\/uploads\/2020\/10\/fogo2-80x60.jpg 80w, https:\/\/jorgezanoni.com.br\/2019\/wp-content\/uploads\/2020\/10\/fogo2-265x198.jpg 265w, https:\/\/jorgezanoni.com.br\/2019\/wp-content\/uploads\/2020\/10\/fogo2-696x522.jpg 696w, https:\/\/jorgezanoni.com.br\/2019\/wp-content\/uploads\/2020\/10\/fogo2-560x420.jpg 560w\" sizes=\"auto, (max-width: 720px) 100vw, 720px\" \/> <img loading=\"lazy\" decoding=\"async\" class=\"alignnone size-full wp-image-36040\" src=\"https:\/\/jorgezanoni.com.br\/2019\/wp-content\/uploads\/2020\/10\/fogo3.jpg\" alt=\"\" width=\"720\" height=\"405\" srcset=\"https:\/\/jorgezanoni.com.br\/2019\/wp-content\/uploads\/2020\/10\/fogo3.jpg 720w, https:\/\/jorgezanoni.com.br\/2019\/wp-content\/uploads\/2020\/10\/fogo3-300x169.jpg 300w, https:\/\/jorgezanoni.com.br\/2019\/wp-content\/uploads\/2020\/10\/fogo3-696x392.jpg 696w\" sizes=\"auto, (max-width: 720px) 100vw, 720px\" \/> <img loading=\"lazy\" decoding=\"async\" class=\"alignnone size-full wp-image-36041\" src=\"https:\/\/jorgezanoni.com.br\/2019\/wp-content\/uploads\/2020\/10\/fogo4.jpg\" alt=\"\" width=\"720\" height=\"540\" srcset=\"https:\/\/jorgezanoni.com.br\/2019\/wp-content\/uploads\/2020\/10\/fogo4.jpg 720w, https:\/\/jorgezanoni.com.br\/2019\/wp-content\/uploads\/2020\/10\/fogo4-300x225.jpg 300w, https:\/\/jorgezanoni.com.br\/2019\/wp-content\/uploads\/2020\/10\/fogo4-80x60.jpg 80w, https:\/\/jorgezanoni.com.br\/2019\/wp-content\/uploads\/2020\/10\/fogo4-265x198.jpg 265w, https:\/\/jorgezanoni.com.br\/2019\/wp-content\/uploads\/2020\/10\/fogo4-696x522.jpg 696w, https:\/\/jorgezanoni.com.br\/2019\/wp-content\/uploads\/2020\/10\/fogo4-560x420.jpg 560w\" sizes=\"auto, (max-width: 720px) 100vw, 720px\" \/> <img loading=\"lazy\" decoding=\"async\" class=\"alignnone size-full wp-image-36042\" src=\"https:\/\/jorgezanoni.com.br\/2019\/wp-content\/uploads\/2020\/10\/fogo5.jpg\" alt=\"\" width=\"720\" height=\"405\" srcset=\"https:\/\/jorgezanoni.com.br\/2019\/wp-content\/uploads\/2020\/10\/fogo5.jpg 720w, https:\/\/jorgezanoni.com.br\/2019\/wp-content\/uploads\/2020\/10\/fogo5-300x169.jpg 300w, https:\/\/jorgezanoni.com.br\/2019\/wp-content\/uploads\/2020\/10\/fogo5-696x392.jpg 696w\" sizes=\"auto, (max-width: 720px) 100vw, 720px\" \/>Fotos de Internauta<\/p>\n<\/div>\n<\/div>\n<p data-track-category=\"Link no Texto\" data-track-links=\"\">\n<\/div>\n<\/div>\n","protected":false},"excerpt":{"rendered":"<p>Operador de m\u00e1quina Arilson Souza morreu carbonizado ap\u00f3s ser cercado pelo fogo em usina em Itapura (SP). O funcion\u00e1rio de uma usina de a\u00e7\u00facar e \u00e1lcool de Pereira Barreto (SP) morreu nesta quarta-feira (30) durante o combate a um inc\u00eandio em um canavial em Itapura (SP). De acordo com a pol\u00edcia, Arilson Souza trabalhava como [&hellip;]<\/p>\n","protected":false},"author":1,"featured_media":36037,"comment_status":"closed","ping_status":"open","sticky":false,"template":"","format":"standard","meta":{"footnotes":""},"categories":[110,2],"tags":[],"class_list":["post-36036","post","type-post","status-publish","format-standard","has-post-thumbnail","hentry","category-noticiasdestaque","category-policial"],"_links":{"self":[{"href":"https:\/\/jorgezanoni.com.br\/2019\/wp-json\/wp\/v2\/posts\/36036","targetHints":{"allow":["GET"]}}],"collection":[{"href":"https:\/\/jorgezanoni.com.br\/2019\/wp-json\/wp\/v2\/posts"}],"about":[{"href":"https:\/\/jorgezanoni.com.br\/2019\/wp-json\/wp\/v2\/types\/post"}],"author":[{"embeddable":true,"href":"https:\/\/jorgezanoni.com.br\/2019\/wp-json\/wp\/v2\/users\/1"}],"replies":[{"embeddable":true,"href":"https:\/\/jorgezanoni.com.br\/2019\/wp-json\/wp\/v2\/comments?post=36036"}],"version-history":[{"count":0,"href":"https:\/\/jorgezanoni.com.br\/2019\/wp-json\/wp\/v2\/posts\/36036\/revisions"}],"wp:featuredmedia":[{"embeddable":true,"href":"https:\/\/jorgezanoni.com.br\/2019\/wp-json\/wp\/v2\/media\/36037"}],"wp:attachment":[{"href":"https:\/\/jorgezanoni.com.br\/2019\/wp-json\/wp\/v2\/media?parent=36036"}],"wp:term":[{"taxonomy":"category","embeddable":true,"href":"https:\/\/jorgezanoni.com.br\/2019\/wp-json\/wp\/v2\/categories?post=36036"},{"taxonomy":"post_tag","embeddable":true,"href":"https:\/\/jorgezanoni.com.br\/2019\/wp-json\/wp\/v2\/tags?post=36036"}],"curies":[{"name":"wp","href":"https:\/\/api.w.org\/{rel}","templated":true}]}}