{"id":35971,"date":"2020-09-30T23:08:54","date_gmt":"2020-09-30T23:08:54","guid":{"rendered":"https:\/\/jorgezanoni.com.br\/2019\/?p=35971"},"modified":"2020-09-30T23:08:54","modified_gmt":"2020-09-30T23:08:54","slug":"policia-militar-aborda-menor-em-praca-publica-de-dracena-portando-entorpecente","status":"publish","type":"post","link":"https:\/\/jorgezanoni.com.br\/2019\/policia-militar-aborda-menor-em-praca-publica-de-dracena-portando-entorpecente\/","title":{"rendered":"Pol\u00edcia Militar aborda menor em pra\u00e7a p\u00fablica de Dracena portando entorpecente"},"content":{"rendered":"<p style=\"text-align: justify;\">Na noite desta ter\u00e7a-feira (29), por volta das 20h, ap\u00f3s o Copom informar que indiv\u00edduos estariam fazendo a venda e uso de entorpecente em pra\u00e7a p\u00fablica (Escola Ot\u00edlia) pelo munic\u00edpio de Dracena, os Policiais Militares foram at\u00e9 o local e realizaram a abordagem, sendo que com o menor de idade (16 anos) foi localizado em sua cintura uma por\u00e7\u00e3o de entorpecente (maconha). Diante do fato foi dada voz de apreens\u00e3o ao menor que ap\u00f3s ser ouvida, foi liberado ao respons\u00e1vel.<\/p>\n<p><a class=\"oajrlxb2 g5ia77u1 qu0x051f esr5mh6w e9989ue4 r7d6kgcz rq0escxv nhd2j8a9 nc684nl6 p7hjln8o kvgmc6g5 cxmmr5t8 oygrvhab hcukyx3x jb3vyjys rz4wbd8a qt6c0cv9 a8nywdso i1ao9s8h esuyzwwr f1sip0of lzcic4wl oo9gr5id gpro0wi8 lrazzd5p\" tabindex=\"0\" role=\"link\" href=\"https:\/\/www.facebook.com\/hashtag\/25bpmi?__eep__=6&amp;__tn__=*NK*F\">#25BPMI<\/a><br \/>\n<a class=\"oajrlxb2 g5ia77u1 qu0x051f esr5mh6w e9989ue4 r7d6kgcz rq0escxv nhd2j8a9 nc684nl6 p7hjln8o kvgmc6g5 cxmmr5t8 oygrvhab hcukyx3x jb3vyjys rz4wbd8a qt6c0cv9 a8nywdso i1ao9s8h esuyzwwr f1sip0of lzcic4wl oo9gr5id gpro0wi8 lrazzd5p\" tabindex=\"0\" role=\"link\" href=\"https:\/\/www.facebook.com\/hashtag\/policiamilitarsp?__eep__=6&amp;__tn__=*NK*F\">#POLICIAMILITARSP<\/a><br \/>\n<a class=\"oajrlxb2 g5ia77u1 qu0x051f esr5mh6w e9989ue4 r7d6kgcz rq0escxv nhd2j8a9 nc684nl6 p7hjln8o kvgmc6g5 cxmmr5t8 oygrvhab hcukyx3x jb3vyjys rz4wbd8a qt6c0cv9 a8nywdso i1ao9s8h esuyzwwr f1sip0of lzcic4wl oo9gr5id gpro0wi8 lrazzd5p\" tabindex=\"0\" role=\"link\" href=\"https:\/\/www.facebook.com\/hashtag\/afor%C3%A7ap%C3%BAblicades%C3%A3opaulo?__eep__=6&amp;__tn__=*NK*F\">#AFOR\u00c7AP\u00daBLICADES\u00c3OPAULO<\/a><br \/>\nCOMUNICA\u00c7\u00c3O SOCIAL DO 25\u00ba BPM\/I e regi\u00e3o<\/p>\n<div class=\"oajrlxb2 g5ia77u1 qu0x051f esr5mh6w e9989ue4 r7d6kgcz rq0escxv nhd2j8a9 nc684nl6 p7hjln8o kvgmc6g5 cxmmr5t8 oygrvhab hcukyx3x jb3vyjys rz4wbd8a qt6c0cv9 a8nywdso i1ao9s8h esuyzwwr f1sip0of lzcic4wl oo9gr5id gpro0wi8 lrazzd5p\" style=\"text-align: justify;\" tabindex=\"0\" role=\"button\"><\/div>\n","protected":false},"excerpt":{"rendered":"<p>Na noite desta ter\u00e7a-feira (29), por volta das 20h, ap\u00f3s o Copom informar que indiv\u00edduos estariam fazendo a venda e uso de entorpecente em pra\u00e7a p\u00fablica (Escola Ot\u00edlia) pelo munic\u00edpio de Dracena, os Policiais Militares foram at\u00e9 o local e realizaram a abordagem, sendo que com o menor de idade (16 anos) foi localizado em [&hellip;]<\/p>\n","protected":false},"author":1,"featured_media":35972,"comment_status":"closed","ping_status":"open","sticky":false,"template":"","format":"standard","meta":{"footnotes":""},"categories":[110,2],"tags":[],"class_list":["post-35971","post","type-post","status-publish","format-standard","has-post-thumbnail","hentry","category-noticiasdestaque","category-policial"],"_links":{"self":[{"href":"https:\/\/jorgezanoni.com.br\/2019\/wp-json\/wp\/v2\/posts\/35971","targetHints":{"allow":["GET"]}}],"collection":[{"href":"https:\/\/jorgezanoni.com.br\/2019\/wp-json\/wp\/v2\/posts"}],"about":[{"href":"https:\/\/jorgezanoni.com.br\/2019\/wp-json\/wp\/v2\/types\/post"}],"author":[{"embeddable":true,"href":"https:\/\/jorgezanoni.com.br\/2019\/wp-json\/wp\/v2\/users\/1"}],"replies":[{"embeddable":true,"href":"https:\/\/jorgezanoni.com.br\/2019\/wp-json\/wp\/v2\/comments?post=35971"}],"version-history":[{"count":0,"href":"https:\/\/jorgezanoni.com.br\/2019\/wp-json\/wp\/v2\/posts\/35971\/revisions"}],"wp:featuredmedia":[{"embeddable":true,"href":"https:\/\/jorgezanoni.com.br\/2019\/wp-json\/wp\/v2\/media\/35972"}],"wp:attachment":[{"href":"https:\/\/jorgezanoni.com.br\/2019\/wp-json\/wp\/v2\/media?parent=35971"}],"wp:term":[{"taxonomy":"category","embeddable":true,"href":"https:\/\/jorgezanoni.com.br\/2019\/wp-json\/wp\/v2\/categories?post=35971"},{"taxonomy":"post_tag","embeddable":true,"href":"https:\/\/jorgezanoni.com.br\/2019\/wp-json\/wp\/v2\/tags?post=35971"}],"curies":[{"name":"wp","href":"https:\/\/api.w.org\/{rel}","templated":true}]}}