{"id":35963,"date":"2020-09-30T22:37:33","date_gmt":"2020-09-30T22:37:33","guid":{"rendered":"https:\/\/jorgezanoni.com.br\/2019\/?p=35963"},"modified":"2020-09-30T22:37:33","modified_gmt":"2020-09-30T22:37:33","slug":"dracenense-esta-entre-os-selecionados-para-renomada-academia-literaria-de-minas-gerais","status":"publish","type":"post","link":"https:\/\/jorgezanoni.com.br\/2019\/dracenense-esta-entre-os-selecionados-para-renomada-academia-literaria-de-minas-gerais\/","title":{"rendered":"Dracenense est\u00e1 entre os selecionados para renomada academia liter\u00e1ria de Minas Gerais"},"content":{"rendered":"<p style=\"text-align: justify;\">Eduardo Antoniassi Oliveira, psic\u00f3logo e escritor de Dracena, teve seu poema &#8220;Soneto das L\u00e1grimas Preciosas&#8221;, selecionado para compor a Antologia Nacional de Poesias da Academia Montes-Clarense de Letras, uma das mais renomadas academias liter\u00e1rias de Minas Gerais.<br \/>\nO livro conta com uma sele\u00e7\u00e3o das melhores poesias nacionais com o tema &#8220;Poesias em tempo de COVID-19&#8221;.<br \/>\nO morador de Dracena se diz feliz com a conquista, e exalta a satisfa\u00e7\u00e3o de poder levar o nome da cidade de Dracena a uma publica\u00e7\u00e3o de reconhecimento nacional.<\/p>\n<p><img loading=\"lazy\" decoding=\"async\" class=\"alignnone size-full wp-image-35965\" src=\"https:\/\/jorgezanoni.com.br\/2019\/wp-content\/uploads\/2020\/09\/edu1.jpg\" alt=\"\" width=\"960\" height=\"1280\" srcset=\"https:\/\/jorgezanoni.com.br\/2019\/wp-content\/uploads\/2020\/09\/edu1.jpg 960w, https:\/\/jorgezanoni.com.br\/2019\/wp-content\/uploads\/2020\/09\/edu1-225x300.jpg 225w, https:\/\/jorgezanoni.com.br\/2019\/wp-content\/uploads\/2020\/09\/edu1-768x1024.jpg 768w, https:\/\/jorgezanoni.com.br\/2019\/wp-content\/uploads\/2020\/09\/edu1-696x928.jpg 696w, https:\/\/jorgezanoni.com.br\/2019\/wp-content\/uploads\/2020\/09\/edu1-315x420.jpg 315w\" sizes=\"auto, (max-width: 960px) 100vw, 960px\" \/><\/p>\n","protected":false},"excerpt":{"rendered":"<p>Eduardo Antoniassi Oliveira, psic\u00f3logo e escritor de Dracena, teve seu poema &#8220;Soneto das L\u00e1grimas Preciosas&#8221;, selecionado para compor a Antologia Nacional de Poesias da Academia Montes-Clarense de Letras, uma das mais renomadas academias liter\u00e1rias de Minas Gerais. O livro conta com uma sele\u00e7\u00e3o das melhores poesias nacionais com o tema &#8220;Poesias em tempo de COVID-19&#8221;. [&hellip;]<\/p>\n","protected":false},"author":1,"featured_media":35964,"comment_status":"closed","ping_status":"open","sticky":false,"template":"","format":"standard","meta":{"footnotes":""},"categories":[111],"tags":[],"class_list":["post-35963","post","type-post","status-publish","format-standard","has-post-thumbnail","hentry","category-esporteecultura"],"_links":{"self":[{"href":"https:\/\/jorgezanoni.com.br\/2019\/wp-json\/wp\/v2\/posts\/35963","targetHints":{"allow":["GET"]}}],"collection":[{"href":"https:\/\/jorgezanoni.com.br\/2019\/wp-json\/wp\/v2\/posts"}],"about":[{"href":"https:\/\/jorgezanoni.com.br\/2019\/wp-json\/wp\/v2\/types\/post"}],"author":[{"embeddable":true,"href":"https:\/\/jorgezanoni.com.br\/2019\/wp-json\/wp\/v2\/users\/1"}],"replies":[{"embeddable":true,"href":"https:\/\/jorgezanoni.com.br\/2019\/wp-json\/wp\/v2\/comments?post=35963"}],"version-history":[{"count":0,"href":"https:\/\/jorgezanoni.com.br\/2019\/wp-json\/wp\/v2\/posts\/35963\/revisions"}],"wp:featuredmedia":[{"embeddable":true,"href":"https:\/\/jorgezanoni.com.br\/2019\/wp-json\/wp\/v2\/media\/35964"}],"wp:attachment":[{"href":"https:\/\/jorgezanoni.com.br\/2019\/wp-json\/wp\/v2\/media?parent=35963"}],"wp:term":[{"taxonomy":"category","embeddable":true,"href":"https:\/\/jorgezanoni.com.br\/2019\/wp-json\/wp\/v2\/categories?post=35963"},{"taxonomy":"post_tag","embeddable":true,"href":"https:\/\/jorgezanoni.com.br\/2019\/wp-json\/wp\/v2\/tags?post=35963"}],"curies":[{"name":"wp","href":"https:\/\/api.w.org\/{rel}","templated":true}]}}