{"id":3595,"date":"2019-08-11T20:24:27","date_gmt":"2019-08-11T20:24:27","guid":{"rendered":"https:\/\/jorgezanoni.com.br\/2019\/?p=3595"},"modified":"2019-08-11T20:24:27","modified_gmt":"2019-08-11T20:24:27","slug":"cruzeiro-anuncia-a-contratacao-de-rogerio-ceni","status":"publish","type":"post","link":"https:\/\/jorgezanoni.com.br\/2019\/cruzeiro-anuncia-a-contratacao-de-rogerio-ceni\/","title":{"rendered":"Cruzeiro anuncia a contrata\u00e7\u00e3o de Rog\u00e9rio Ceni"},"content":{"rendered":"<p style=\"text-align: justify;\"><strong>Treinador assina com a Raposa at\u00e9 o fim de 2020; Ceni desembarca em Belo Horizonte nesta segunda-feira<\/strong><\/p>\n<div class=\"mc-column content-text active-extra-styles active-capital-letter\" data-block-type=\"unstyled\" data-block-weight=\"74\" data-block-id=\"2\">\n<p class=\"content-text__container theme-color-primary-first-letter\" style=\"text-align: justify;\" data-track-category=\"Link no Texto\" data-track-links=\"\">O Cruzeiro levou menos de quatro dias para anunciar o nome do novo t\u00e9cnico: Rog\u00e9rio Ceni, que assina com o clube at\u00e9 o fim de 2020. O ex-treinador do Fortaleza, de 46 anos, vai conduzir a equipe mineira na caminhada de recupera\u00e7\u00e3o no Campeonato Brasileiro e no desafio de buscar a classifica\u00e7\u00e3o \u00e0 final da Copa do Brasil, diante do Internacional, ap\u00f3s derrota por 1 a 0, no confronto de ida em Belo Horizonte.<\/p>\n<\/div>\n<div class=\"wall protected-content\">\n<div class=\"mc-column content-text active-extra-styles \" style=\"text-align: justify;\" data-block-type=\"unstyled\" data-block-weight=\"5\" data-block-id=\"3\">\n<p class=\"content-text__container \" data-track-category=\"Link no Texto\" data-track-links=\"\"><a href=\"https:\/\/globoesporte.globo.com\/futebol\/times\/cruzeiro\/\"><strong>Leia mais not\u00edcias do Cruzeiro<\/strong><\/a><\/p>\n<\/div>\n<div class=\"mc-column content-text active-extra-styles \" data-block-type=\"unstyled\" data-block-weight=\"60\" data-block-id=\"4\">\n<p class=\"content-text__container \" style=\"text-align: justify;\" data-track-category=\"Link no Texto\" data-track-links=\"\"><a href=\"https:\/\/globoesporte.globo.com\/ce\/futebol\/noticia\/fortaleza-oficializa-saida-de-rogerio-ceni-que-esta-a-caminho-do-cruzeiro.ghtml\"><strong>Ceni, que estava trabalhando em Fortaleza desde o fim de 2017<\/strong><\/a>, entrou na pauta do clube ap\u00f3s a sa\u00edda de Mano Menezes, que deixou o cargo por causa do mau momento vivido pelo clube mineiro. Nas \u00faltimas 18 partidas, sob o comando do ex-treinador, o Cruzeiro conseguiu apenas uma vit\u00f3ria e passou a figurar na zona de rebaixamento do Brasileir\u00e3o.<\/p>\n<p data-track-category=\"Link no Texto\" data-track-links=\"\"><img loading=\"lazy\" decoding=\"async\" class=\"alignnone size-full wp-image-3596\" src=\"https:\/\/jorgezanoni.com.br\/2019\/wp-content\/uploads\/2019\/08\/ceni.jpg\" alt=\"\" width=\"1600\" height=\"983\" srcset=\"https:\/\/jorgezanoni.com.br\/2019\/wp-content\/uploads\/2019\/08\/ceni.jpg 1600w, https:\/\/jorgezanoni.com.br\/2019\/wp-content\/uploads\/2019\/08\/ceni-300x184.jpg 300w, https:\/\/jorgezanoni.com.br\/2019\/wp-content\/uploads\/2019\/08\/ceni-768x472.jpg 768w, https:\/\/jorgezanoni.com.br\/2019\/wp-content\/uploads\/2019\/08\/ceni-1024x629.jpg 1024w, https:\/\/jorgezanoni.com.br\/2019\/wp-content\/uploads\/2019\/08\/ceni-356x220.jpg 356w, https:\/\/jorgezanoni.com.br\/2019\/wp-content\/uploads\/2019\/08\/ceni-696x428.jpg 696w, https:\/\/jorgezanoni.com.br\/2019\/wp-content\/uploads\/2019\/08\/ceni-1068x656.jpg 1068w, https:\/\/jorgezanoni.com.br\/2019\/wp-content\/uploads\/2019\/08\/ceni-684x420.jpg 684w\" sizes=\"auto, (max-width: 1600px) 100vw, 1600px\" \/><\/p>\n<div class=\"row medium-uncollapsed content-media content-photo\" data-block-type=\"backstage-photo\" data-block-id=\"5\">\n<div class=\"mc-column content-media__container\">\n<p class=\"content-media__description \" style=\"text-align: justify;\">Rog\u00e9rio Ceni, ex-t\u00e9cnico do Fortaleza, \u00e9 o novo treinador do Cruzeiro \u2014 Foto: Di\u00e1rio do Nordeste<\/p>\n<\/div>\n<\/div>\n<div class=\"mc-column content-text active-extra-styles \" style=\"text-align: justify;\" data-block-type=\"unstyled\" data-block-weight=\"71\" data-block-id=\"6\">\n<p class=\"content-text__container \" data-track-category=\"Link no Texto\" data-track-links=\"\"><a href=\"https:\/\/globoesporte.globo.com\/mg\/futebol\/noticia\/cruzeiro-encaminha-acordo-com-rogerio-ceni-e-espera-oficializar-treinador-nas-proximas-horas.ghtml\"><strong>O acerto entre as partes foi feito diretamente com o novo treinador e conclu\u00eddo na noite de s\u00e1bado, de acordo com a c\u00fapula da Raposa.<\/strong><\/a>Segundo a assessoria cruzeirense, o t\u00e9cnico desembarca em Belo Horizonte na tarde de segunda-feira, em hor\u00e1rio a ser confirmado. Com Rog\u00e9rio Ceni, tamb\u00e9m chegam \u00e0 Toca da Raposa o franc\u00eas Charles Hembert, auxiliar t\u00e9cnico, e Nilson Sim\u00f5es, tamb\u00e9m auxiliar t\u00e9cnico. Tamb\u00e9m vem Danilo Augusto, preparador f\u00edsico.<\/p>\n<\/div>\n<div class=\"content-ads content-ads--reveal\" style=\"text-align: justify;\" data-block-type=\"ads\" data-block-id=\"7\"><\/div>\n<div class=\"mc-column content-text active-extra-styles \" data-block-type=\"unstyled\" data-block-weight=\"36\" data-block-id=\"8\">\n<p class=\"content-text__container \" style=\"text-align: justify;\" data-track-category=\"Link no Texto\" data-track-links=\"\">Eles substituem Sidnei Lobo e James Freitas, auxiliares t\u00e9cnicos de Mano Menezes, e tamb\u00e9m Eduardo Silva, preparador f\u00edsica. A multa rescis\u00f3ria de Rog\u00e9rio Ceni, segundo apurou a reportagem, gira em torno de R$ 1 milh\u00e3o.<\/p>\n<div class=\"mc-column content-text active-extra-styles\" data-block-type=\"raw\" data-block-weight=\"3\" data-block-id=\"10\">\n<div class=\"content-intertitle\">\n<h2 style=\"text-align: justify;\">Ceni como treinador<\/h2>\n<\/div>\n<\/div>\n<div class=\"mc-column content-text active-extra-styles \" style=\"text-align: justify;\" data-block-type=\"unstyled\" data-block-weight=\"65\" data-block-id=\"11\">\n<p class=\"content-text__container \" data-track-category=\"Link no Texto\" data-track-links=\"\">Em 2015, com 1.214 jogos pelo S\u00e3o Paulo e 129 gols, Rog\u00e9rio deixou a posi\u00e7\u00e3o de goleiro para iniciar a carreira de t\u00e9cnico. Como treinador, Rog\u00e9rio ganhou a primeira oportunidade tamb\u00e9m no clube do Morumbi, em 2016. O desempenho irregular acarretou na demiss\u00e3o dele do cargo em julho de 2017, tendo comandado o time em 37 partidas, sendo 14 vit\u00f3rias, 13 empates e dez derrotas.<\/p>\n<\/div>\n<div class=\"mc-column content-text active-extra-styles \" style=\"text-align: justify;\" data-block-type=\"unstyled\" data-block-weight=\"65\" data-block-id=\"12\">\n<p class=\"content-text__container \" data-track-category=\"Link no Texto\" data-track-links=\"\">Ainda em 2017, Ceni foi contratado pelo Fortaleza, assumindo apenas no in\u00edcio de 2018. A passagem pelo clube cearense foi vitoriosa. Ceni conquistou o acesso \u00e0 S\u00e9rie A e o t\u00edtulo de Campe\u00e3o da S\u00e9rie B, com duas rodadas de anteced\u00eancia, em 2018. Nesta temporada, conseguiu o t\u00edtulo de campe\u00e3o cearense, diante do Cear\u00e1, e tamb\u00e9m venceu a Copa do Nordeste, superando o Botafogo-PB.<\/p>\n<\/div>\n<div class=\"mc-column content-text active-extra-styles \" data-block-type=\"unstyled\" data-block-weight=\"64\" data-block-id=\"13\">\n<p class=\"content-text__container \" style=\"text-align: justify;\" data-track-category=\"Link no Texto\" data-track-links=\"\">No Brasileir\u00e3o, o Fortaleza faz campanha para se afastar da zona de rebaixamento. No primeiro semestre de 2019, Ceni foi procurado para assumir a vaga de t\u00e9cnico do Atl\u00e9tico-MG, ap\u00f3s a sa\u00edda de Levir Culpi.\u00a0<a href=\"https:\/\/globoesporte.globo.com\/mg\/futebol\/noticia\/rogerio-ceni-conversa-com-o-atletico-mg-mas-decide-continuar-no-fortaleza.ghtml\"><strong>O treinador recusou a proposta alegando o compromisso com a equipe nordestina e tamb\u00e9m motivos pessoais,\u00a0<\/strong><\/a>j\u00e1 que o pai dele passava por problemas de sa\u00fade naquele momento.<\/p>\n<p data-track-category=\"Link no Texto\" data-track-links=\"\">Fonte: https:\/\/globoesporte.globo.com\/futebol\/times\/cruzeiro\/noticia\/cruzeiro-anuncia-a-contratacao-de-rogerio-ceni.ghtml<\/p>\n<\/div>\n<div class=\"content-ads content-ads--reveal\" data-block-type=\"ads\" data-block-id=\"14\"><\/div>\n<div class=\"row medium-uncollapsed content-media content-photo\" data-block-type=\"backstage-photo\" data-block-id=\"15\">\n<div class=\"mc-column content-media__container\">\n<div class=\"progressive-img can-open-lightbox\" data-min-size=\"1008x124\" data-min-size-url=\"https:\/\/s2.glbimg.com\/Q6jQrOiNA2hduy9OZtzFzDCEgHI=\/0x0:1000x124\/1008x0\/smart\/filters:strip_icc()\/s.glbimg.com\/es\/ge\/f\/original\/2018\/11\/13\/banner-globo.jpg\" data-max-size=\"1600x198\" data-max-size-url=\"https:\/\/s2.glbimg.com\/eZAR24SYS1TIohFhuHAdvWT7_UM=\/0x0:1000x124\/1600x0\/smart\/filters:strip_icc()\/s.glbimg.com\/es\/ge\/f\/original\/2018\/11\/13\/banner-globo.jpg\" data-media-index=\"2\"><\/div>\n<\/div>\n<\/div>\n<\/div>\n<p data-track-category=\"Link no Texto\" data-track-links=\"\">\n<p data-track-category=\"Link no Texto\" data-track-links=\"\">\n<\/div>\n<\/div>\n","protected":false},"excerpt":{"rendered":"<p>Treinador assina com a Raposa at\u00e9 o fim de 2020; Ceni desembarca em Belo Horizonte nesta segunda-feira O Cruzeiro levou menos de quatro dias para anunciar o nome do novo t\u00e9cnico: Rog\u00e9rio Ceni, que assina com o clube at\u00e9 o fim de 2020. O ex-treinador do Fortaleza, de 46 anos, vai conduzir a equipe mineira [&hellip;]<\/p>\n","protected":false},"author":1,"featured_media":3598,"comment_status":"closed","ping_status":"open","sticky":false,"template":"","format":"standard","meta":{"footnotes":""},"categories":[111,110],"tags":[],"class_list":["post-3595","post","type-post","status-publish","format-standard","has-post-thumbnail","hentry","category-esporteecultura","category-noticiasdestaque"],"_links":{"self":[{"href":"https:\/\/jorgezanoni.com.br\/2019\/wp-json\/wp\/v2\/posts\/3595","targetHints":{"allow":["GET"]}}],"collection":[{"href":"https:\/\/jorgezanoni.com.br\/2019\/wp-json\/wp\/v2\/posts"}],"about":[{"href":"https:\/\/jorgezanoni.com.br\/2019\/wp-json\/wp\/v2\/types\/post"}],"author":[{"embeddable":true,"href":"https:\/\/jorgezanoni.com.br\/2019\/wp-json\/wp\/v2\/users\/1"}],"replies":[{"embeddable":true,"href":"https:\/\/jorgezanoni.com.br\/2019\/wp-json\/wp\/v2\/comments?post=3595"}],"version-history":[{"count":0,"href":"https:\/\/jorgezanoni.com.br\/2019\/wp-json\/wp\/v2\/posts\/3595\/revisions"}],"wp:featuredmedia":[{"embeddable":true,"href":"https:\/\/jorgezanoni.com.br\/2019\/wp-json\/wp\/v2\/media\/3598"}],"wp:attachment":[{"href":"https:\/\/jorgezanoni.com.br\/2019\/wp-json\/wp\/v2\/media?parent=3595"}],"wp:term":[{"taxonomy":"category","embeddable":true,"href":"https:\/\/jorgezanoni.com.br\/2019\/wp-json\/wp\/v2\/categories?post=3595"},{"taxonomy":"post_tag","embeddable":true,"href":"https:\/\/jorgezanoni.com.br\/2019\/wp-json\/wp\/v2\/tags?post=3595"}],"curies":[{"name":"wp","href":"https:\/\/api.w.org\/{rel}","templated":true}]}}