{"id":35933,"date":"2020-09-30T16:19:29","date_gmt":"2020-09-30T16:19:29","guid":{"rendered":"https:\/\/jorgezanoni.com.br\/2019\/?p=35933"},"modified":"2020-09-30T16:19:29","modified_gmt":"2020-09-30T16:19:29","slug":"unifadra-finaliza-setembro-amarelo-com-webpalestra","status":"publish","type":"post","link":"https:\/\/jorgezanoni.com.br\/2019\/unifadra-finaliza-setembro-amarelo-com-webpalestra\/","title":{"rendered":"Unifadra finaliza Setembro Amarelo com webpalestra"},"content":{"rendered":"<p dir=\"ltr\" style=\"text-align: justify;\">O curso de Psicologia da Faculdade Unifadra\/Fundec de Dracena realizou, no dia 25 de setembro, a webpalestra &#8220;Estrat\u00e9gias de preven\u00e7\u00e3o e posven\u00e7\u00e3o do suic\u00eddio, uma perspectiva multidisciplinar: religiosa, psicol\u00f3gica e m\u00e9dica&#8221;. O evento foi uma a\u00e7\u00e3o vinculada ao Setembro Amarelo, nomenclatura criada\u00a0 em 2014 pela Associa\u00e7\u00e3o Brasileira de Psiquiatria \u2013 ABP, em parceria com o Conselho Federal de Medicina \u2013 CFM, buscando analtecer campanhas de preven\u00e7\u00e3o ao suic\u00eddio.<br \/>\nA Profa. Dra. Alessandra de Arriba Rossetto organizou o evento, que contou com os palestrantes convidados Padre Valdo Bartolomeu de Santana, o psic\u00f3logo Wilson C\u00e9sar Barros e o m\u00e9dico Dr. Jos\u00e9 Camilo Vilella dos Reis.<\/p>\n<p dir=\"ltr\" style=\"text-align: justify;\">A professora informou que o Brasil ocupa o oitavo lugar entre os pa\u00edses com maior n\u00famero de suic\u00eddios, estando associado a diversos fatores de risco de ordem sociocultural, biol\u00f3gica, existencial e ambiental. &#8220;Os transtornos mentais (depress\u00e3o, transtorno bipolar e uso de subst\u00e2ncias psicoativas) s\u00e3o fatores de risco importantes&#8221;, acrescentou Alessandra.<\/p>\n<p dir=\"ltr\" style=\"text-align: justify;\">A coordenadora do curso de Psicologia da Unifadra Profa. Ma. Andrea Frizo de Carvalho Barbosa destacou que o evento reuniu professores e alunos de diferentes cursos da Unifadra, al\u00e9m de convidados da comunidade, favorecendo o desenvolvimento de discuss\u00f5es muito importantes e que contribuiram para ampliar o olhar sobre o suic\u00eddio. &#8220;Al\u00e9m disso, permitiu uma aproxima\u00e7\u00e3o e reflex\u00e3o sobre o atual conceito de sa\u00fade, possibilitando um col\u00f3quio entre tr\u00eas dimens\u00f5es fundamentais (a f\u00edsico-biol\u00f3gica, psicol\u00f3gica e espiritual), o que foi muito importante para os acad\u00eamicos em forma\u00e7\u00e3o&#8221;, explicou a coordenadora.<br \/>\nO diretor acad\u00eamico da Unifadra Prof. Dr. Enio Garbelini parabenizou os organizadores pela realiza\u00e7\u00e3o do evento, que abordou um tema de muita relev\u00e2ncia na sociedade, que s\u00e3o as estrat\u00e9gias de preven\u00e7\u00e3o ao suic\u00eddio.<span id=\"gmail-docs-internal-guid-c0983a29-7fff-d7a0-21a8-5078338ab9ea\"><\/span><\/p>\n<p dir=\"ltr\"><img loading=\"lazy\" decoding=\"async\" class=\"alignnone size-full wp-image-35935\" src=\"https:\/\/jorgezanoni.com.br\/2019\/wp-content\/uploads\/2020\/09\/uni1.jpg\" alt=\"\" width=\"500\" height=\"240\" srcset=\"https:\/\/jorgezanoni.com.br\/2019\/wp-content\/uploads\/2020\/09\/uni1.jpg 500w, https:\/\/jorgezanoni.com.br\/2019\/wp-content\/uploads\/2020\/09\/uni1-300x144.jpg 300w\" sizes=\"auto, (max-width: 500px) 100vw, 500px\" \/><\/p>\n<div class=\"gmail_signature\" dir=\"ltr\">\n<div dir=\"ltr\" style=\"text-align: justify;\">Carolina Colnago<br \/>\nAssistente de Comunica\u00e7\u00e3o<br \/>\nFunda\u00e7\u00e3o Dracenense de Educa\u00e7\u00e3o e Cultura<\/div>\n<\/div>\n","protected":false},"excerpt":{"rendered":"<p>O curso de Psicologia da Faculdade Unifadra\/Fundec de Dracena realizou, no dia 25 de setembro, a webpalestra &#8220;Estrat\u00e9gias de preven\u00e7\u00e3o e posven\u00e7\u00e3o do suic\u00eddio, uma perspectiva multidisciplinar: religiosa, psicol\u00f3gica e m\u00e9dica&#8221;. O evento foi uma a\u00e7\u00e3o vinculada ao Setembro Amarelo, nomenclatura criada\u00a0 em 2014 pela Associa\u00e7\u00e3o Brasileira de Psiquiatria \u2013 ABP, em parceria com o [&hellip;]<\/p>\n","protected":false},"author":1,"featured_media":35934,"comment_status":"closed","ping_status":"open","sticky":false,"template":"","format":"standard","meta":{"footnotes":""},"categories":[122],"tags":[],"class_list":["post-35933","post","type-post","status-publish","format-standard","has-post-thumbnail","hentry","category-saudeeducacaoeconcurso"],"_links":{"self":[{"href":"https:\/\/jorgezanoni.com.br\/2019\/wp-json\/wp\/v2\/posts\/35933","targetHints":{"allow":["GET"]}}],"collection":[{"href":"https:\/\/jorgezanoni.com.br\/2019\/wp-json\/wp\/v2\/posts"}],"about":[{"href":"https:\/\/jorgezanoni.com.br\/2019\/wp-json\/wp\/v2\/types\/post"}],"author":[{"embeddable":true,"href":"https:\/\/jorgezanoni.com.br\/2019\/wp-json\/wp\/v2\/users\/1"}],"replies":[{"embeddable":true,"href":"https:\/\/jorgezanoni.com.br\/2019\/wp-json\/wp\/v2\/comments?post=35933"}],"version-history":[{"count":0,"href":"https:\/\/jorgezanoni.com.br\/2019\/wp-json\/wp\/v2\/posts\/35933\/revisions"}],"wp:featuredmedia":[{"embeddable":true,"href":"https:\/\/jorgezanoni.com.br\/2019\/wp-json\/wp\/v2\/media\/35934"}],"wp:attachment":[{"href":"https:\/\/jorgezanoni.com.br\/2019\/wp-json\/wp\/v2\/media?parent=35933"}],"wp:term":[{"taxonomy":"category","embeddable":true,"href":"https:\/\/jorgezanoni.com.br\/2019\/wp-json\/wp\/v2\/categories?post=35933"},{"taxonomy":"post_tag","embeddable":true,"href":"https:\/\/jorgezanoni.com.br\/2019\/wp-json\/wp\/v2\/tags?post=35933"}],"curies":[{"name":"wp","href":"https:\/\/api.w.org\/{rel}","templated":true}]}}