{"id":35899,"date":"2020-09-30T11:11:17","date_gmt":"2020-09-30T11:11:17","guid":{"rendered":"https:\/\/jorgezanoni.com.br\/2019\/?p=35899"},"modified":"2020-09-30T11:11:17","modified_gmt":"2020-09-30T11:11:17","slug":"urutau-em-placa-de-transito-chama-atencao-de-pessoas-no-centro-de-dracena","status":"publish","type":"post","link":"https:\/\/jorgezanoni.com.br\/2019\/urutau-em-placa-de-transito-chama-atencao-de-pessoas-no-centro-de-dracena\/","title":{"rendered":"Urutau em placa de tr\u00e2nsito chama aten\u00e7\u00e3o de pessoas no centro de Dracena"},"content":{"rendered":"<p style=\"text-align: justify;\">Um Urutau, chamou a aten\u00e7\u00e3o de quem estava na fila ou passava pela Avenida Presidente Vargas em frente a ag\u00eancia do Banco do Brasil em Dracena.<\/p>\n<p style=\"text-align: justify;\">Ele ficou por horas est\u00e1tico em uma placa de sinaliza\u00e7\u00e3o e pode ser fotografado e filmado por diversas pessoas.<\/p>\n<p><img loading=\"lazy\" decoding=\"async\" class=\"alignnone size-full wp-image-35900\" src=\"https:\/\/jorgezanoni.com.br\/2019\/wp-content\/uploads\/2020\/09\/IMG_6779-2.jpg\" alt=\"\" width=\"800\" height=\"1505\" srcset=\"https:\/\/jorgezanoni.com.br\/2019\/wp-content\/uploads\/2020\/09\/IMG_6779-2.jpg 800w, https:\/\/jorgezanoni.com.br\/2019\/wp-content\/uploads\/2020\/09\/IMG_6779-2-159x300.jpg 159w, https:\/\/jorgezanoni.com.br\/2019\/wp-content\/uploads\/2020\/09\/IMG_6779-2-544x1024.jpg 544w, https:\/\/jorgezanoni.com.br\/2019\/wp-content\/uploads\/2020\/09\/IMG_6779-2-768x1445.jpg 768w, https:\/\/jorgezanoni.com.br\/2019\/wp-content\/uploads\/2020\/09\/IMG_6779-2-696x1309.jpg 696w, https:\/\/jorgezanoni.com.br\/2019\/wp-content\/uploads\/2020\/09\/IMG_6779-2-223x420.jpg 223w\" sizes=\"auto, (max-width: 800px) 100vw, 800px\" \/> <img loading=\"lazy\" decoding=\"async\" class=\"alignnone size-full wp-image-35901\" src=\"https:\/\/jorgezanoni.com.br\/2019\/wp-content\/uploads\/2020\/09\/IMG_6780-2.jpg\" alt=\"\" width=\"800\" height=\"722\" srcset=\"https:\/\/jorgezanoni.com.br\/2019\/wp-content\/uploads\/2020\/09\/IMG_6780-2.jpg 800w, https:\/\/jorgezanoni.com.br\/2019\/wp-content\/uploads\/2020\/09\/IMG_6780-2-300x271.jpg 300w, https:\/\/jorgezanoni.com.br\/2019\/wp-content\/uploads\/2020\/09\/IMG_6780-2-768x693.jpg 768w, https:\/\/jorgezanoni.com.br\/2019\/wp-content\/uploads\/2020\/09\/IMG_6780-2-696x628.jpg 696w, https:\/\/jorgezanoni.com.br\/2019\/wp-content\/uploads\/2020\/09\/IMG_6780-2-465x420.jpg 465w\" sizes=\"auto, (max-width: 800px) 100vw, 800px\" \/> <img loading=\"lazy\" decoding=\"async\" class=\"alignnone size-full wp-image-35902\" src=\"https:\/\/jorgezanoni.com.br\/2019\/wp-content\/uploads\/2020\/09\/IMG_6781-2.jpg\" alt=\"\" width=\"800\" height=\"1223\" srcset=\"https:\/\/jorgezanoni.com.br\/2019\/wp-content\/uploads\/2020\/09\/IMG_6781-2.jpg 800w, https:\/\/jorgezanoni.com.br\/2019\/wp-content\/uploads\/2020\/09\/IMG_6781-2-196x300.jpg 196w, https:\/\/jorgezanoni.com.br\/2019\/wp-content\/uploads\/2020\/09\/IMG_6781-2-670x1024.jpg 670w, https:\/\/jorgezanoni.com.br\/2019\/wp-content\/uploads\/2020\/09\/IMG_6781-2-768x1174.jpg 768w, https:\/\/jorgezanoni.com.br\/2019\/wp-content\/uploads\/2020\/09\/IMG_6781-2-696x1064.jpg 696w, https:\/\/jorgezanoni.com.br\/2019\/wp-content\/uploads\/2020\/09\/IMG_6781-2-275x420.jpg 275w\" sizes=\"auto, (max-width: 800px) 100vw, 800px\" \/><\/p>\n<p style=\"text-align: justify;\">URUTAU<\/p>\n<p style=\"text-align: justify;\">Os\u00a0<b>urutaus<\/b>\u00a0s\u00e3o\u00a0<a title=\"Aves\" href=\"https:\/\/pt.wikipedia.org\/wiki\/Aves\">aves<\/a>\u00a0noturnas restritas \u00e0s regi\u00f5es mais quentes do\u00a0<a title=\"Novo Mundo\" href=\"https:\/\/pt.wikipedia.org\/wiki\/Novo_Mundo\">Novo Mundo<\/a>, que pertencem ao g\u00e9nero\u00a0<i>Nyctibius<\/i>\u00a0e \u00e0 fam\u00edlia\u00a0<b>Nyctibiidae<\/b>. Tamb\u00e9m \u00e9 chamado de m\u00e3e-da-lua e emenda-toco. Conhece-se um f\u00f3ssil de\u00a0<i>Nyctibius griseus<\/i>\u00a0do\u00a0<a title=\"Pleistoceno\" href=\"https:\/\/pt.wikipedia.org\/wiki\/Pleistoceno\">Pleistoceno<\/a>\u00a0de Lapa da Escrivaninha,\u00a0<a class=\"mw-disambig\" title=\"Lagoa Santa\" href=\"https:\/\/pt.wikipedia.org\/wiki\/Lagoa_Santa\">Lagoa Santa<\/a>,\u00a0<a title=\"Minas Gerais\" href=\"https:\/\/pt.wikipedia.org\/wiki\/Minas_Gerais\">Minas Gerais<\/a>.<\/p>\n<p style=\"text-align: justify;\">O urutau \u00e9 uma ave de h\u00e1bitos noturnos. Sua alimenta\u00e7\u00e3o \u00e9 constitu\u00edda basicamente de insetos que apanha em pleno voo, principalmente os grandes, por\u00e9m pode comer outros animais de pequeno porte, como\u00a0<a title=\"Morcego\" href=\"https:\/\/pt.wikipedia.org\/wiki\/Morcego\">morcegos<\/a>,\u00a0<a title=\"Lagarto\" href=\"https:\/\/pt.wikipedia.org\/wiki\/Lagarto\">lagartos<\/a>\u00a0e pequenos p\u00e1ssaros.<\/p>\n<p style=\"text-align: justify;\">\u00c9 uma ave que utiliza muito bem sua\u00a0<a title=\"Plumagem\" href=\"https:\/\/pt.wikipedia.org\/wiki\/Plumagem\">plumagem<\/a>\u00a0para se camuflar. Normalmente se passa por um peda\u00e7o de madeira, um galho de \u00e1rvore ou mesmo troncos partidos ou em p\u00e9. Costuma ficar est\u00e1tico, n\u00e3o se assustando facilmente. Alcan\u00e7a at\u00e9 37\u00a0cm fora a cauda. N\u00e3o \u00e9 uma esp\u00e9cie acostumada ao conv\u00edvio urbano.<\/p>\n<h2 style=\"text-align: justify;\"><span id=\"Cren\u00e7as_populares\" class=\"mw-headline\">Cren\u00e7as populares<\/span><\/h2>\n<p style=\"text-align: justify;\">O urutau \u00e9 tido como nobre pelos moradores rurais por simbolizar for\u00e7a e pela forma como se protege dos perigos e dos\u00a0<a class=\"mw-redirect\" title=\"Predadores\" href=\"https:\/\/pt.wikipedia.org\/wiki\/Predadores\">predadores<\/a>. A ave, por seu canto, figura entre v\u00e1rias\u00a0<a title=\"Lenda\" href=\"https:\/\/pt.wikipedia.org\/wiki\/Lenda\">lendas<\/a>. Segundo os\u00a0<a class=\"mw-redirect mw-disambig\" title=\"Sertanejo\" href=\"https:\/\/pt.wikipedia.org\/wiki\/Sertanejo\">sertanejos<\/a>, o urutau aparece na hora em que a lua nasce e seu canto triste se assemelha a \u201cfoi, foi, foi&#8230;\u201d. Uma lenda diz que o p\u00e1ssaro seria uma mulher que perdera seu amor. Por isto, ele teria o nome de p\u00e1ssaro-fantasma. Outros dizem que o canto da ave \u00e9 um press\u00e1gio ou aviso de morte de algum familiar.<\/p>\n<p style=\"text-align: justify;\">Fonte: https:\/\/pt.wikipedia.org\/wiki\/Urutau<\/p>\n","protected":false},"excerpt":{"rendered":"<p>Um Urutau, chamou a aten\u00e7\u00e3o de quem estava na fila ou passava pela Avenida Presidente Vargas em frente a ag\u00eancia do Banco do Brasil em Dracena. Ele ficou por horas est\u00e1tico em uma placa de sinaliza\u00e7\u00e3o e pode ser fotografado e filmado por diversas pessoas. URUTAU Os\u00a0urutaus\u00a0s\u00e3o\u00a0aves\u00a0noturnas restritas \u00e0s regi\u00f5es mais quentes do\u00a0Novo Mundo, que [&hellip;]<\/p>\n","protected":false},"author":1,"featured_media":35903,"comment_status":"closed","ping_status":"open","sticky":false,"template":"","format":"standard","meta":{"footnotes":""},"categories":[176,110],"tags":[],"class_list":["post-35899","post","type-post","status-publish","format-standard","has-post-thumbnail","hentry","category-meioambienteeagricultura","category-noticiasdestaque"],"_links":{"self":[{"href":"https:\/\/jorgezanoni.com.br\/2019\/wp-json\/wp\/v2\/posts\/35899","targetHints":{"allow":["GET"]}}],"collection":[{"href":"https:\/\/jorgezanoni.com.br\/2019\/wp-json\/wp\/v2\/posts"}],"about":[{"href":"https:\/\/jorgezanoni.com.br\/2019\/wp-json\/wp\/v2\/types\/post"}],"author":[{"embeddable":true,"href":"https:\/\/jorgezanoni.com.br\/2019\/wp-json\/wp\/v2\/users\/1"}],"replies":[{"embeddable":true,"href":"https:\/\/jorgezanoni.com.br\/2019\/wp-json\/wp\/v2\/comments?post=35899"}],"version-history":[{"count":0,"href":"https:\/\/jorgezanoni.com.br\/2019\/wp-json\/wp\/v2\/posts\/35899\/revisions"}],"wp:featuredmedia":[{"embeddable":true,"href":"https:\/\/jorgezanoni.com.br\/2019\/wp-json\/wp\/v2\/media\/35903"}],"wp:attachment":[{"href":"https:\/\/jorgezanoni.com.br\/2019\/wp-json\/wp\/v2\/media?parent=35899"}],"wp:term":[{"taxonomy":"category","embeddable":true,"href":"https:\/\/jorgezanoni.com.br\/2019\/wp-json\/wp\/v2\/categories?post=35899"},{"taxonomy":"post_tag","embeddable":true,"href":"https:\/\/jorgezanoni.com.br\/2019\/wp-json\/wp\/v2\/tags?post=35899"}],"curies":[{"name":"wp","href":"https:\/\/api.w.org\/{rel}","templated":true}]}}