{"id":35896,"date":"2020-09-30T10:51:47","date_gmt":"2020-09-30T10:51:47","guid":{"rendered":"https:\/\/jorgezanoni.com.br\/2019\/?p=35896"},"modified":"2020-09-30T10:51:47","modified_gmt":"2020-09-30T10:51:47","slug":"eu-era-feliz-e-nao-sabia","status":"publish","type":"post","link":"https:\/\/jorgezanoni.com.br\/2019\/eu-era-feliz-e-nao-sabia\/","title":{"rendered":"&#8220;Eu era feliz e n\u00e3o sabia&#8230;&#8221;"},"content":{"rendered":"<p style=\"text-align: justify;\"><strong>\u201cEU ERA FELIZ E N\u00c3O SABIA&#8230;\u201d<\/strong><\/p>\n<p style=\"text-align: justify;\"><em>\u201cH\u00e1 duas maneiras de se obter sucesso neste mundo: pelas pr\u00f3prias habilidades ou pela incompet\u00eancia alheia\u201d. (Jean de La Bruny\u00e9re)<\/em><\/p>\n<p style=\"text-align: justify;\"><strong><em>S\u00e9rgio Barbosa (*)<\/em><\/strong><\/p>\n<p style=\"text-align: justify;\">A conjuntura internacional vem demonstrando que a maioria das pessoas, bem como, empresas e outros estavam de acordo com a proposta do \u201cera feliz e n\u00e3o sabia\u201d, tal qual o dito tupiniquim, por\u00e9m, pode-se trazer o contexto do global para o local numa perspectiva \u201cglocal\u201d&#8230;<\/p>\n<p style=\"text-align: justify;\">O momento est\u00e1 em estado de alerta para ambos os lados de uma mesma moeda, se poss\u00edvel, para levar adiante os desencontros mediados pelos interesses al\u00e9m do senso comum provinciano&#8230;<\/p>\n<p style=\"text-align: justify;\">Claro, talvez, por\u00e9m, escuro, como sempre, nada pode permanecer escondido por muito tempo, assim, mais cedo ou mais tarde, a claridade vai aparecer neste cen\u00e1rio nada acad\u00eamico para os predadores do conhecimento alheio aos interesses em tempo de p\u00f3s-globaliza\u00e7\u00e3o organizacional&#8230;<\/p>\n<p style=\"text-align: justify;\">N\u00e3o faz tanto tempo assim, quando o sonhador plantou a semente da expans\u00e3o al\u00e9m do &#8220;senso comum&#8221; para colocar o tempo em outro tempo, para isto e mais aquilo, foi necess\u00e1rio estar em conex\u00e3o com as mudan\u00e7as do planeta em \u00e1reas afins aos objetivos de um sonho para fazer a diferen\u00e7a nesta miss\u00e3o acad\u00eamica em meio aos desencontros do outro tempo do tempo&#8230;<\/p>\n<p style=\"text-align: justify;\">Mas, nem sempre quem sonhou este sonho sem amarras com isto e mais aquilo est\u00e1 distante das perdas da criatura que se afastou do criador, por\u00e9m, ainda bem que existe um outro tempo para mostrar que o passado continua marcando presen\u00e7a no presente da criatura&#8230;<\/p>\n<p style=\"text-align: justify;\">Assim, o tempo vai passando para criaturas e criador, por\u00e9m, pelo menos para um dos lados em pauta, tudo continua acontecendo neste cen\u00e1rio provinciano, todavia, do outro lado, nem tudo s\u00e3o flores para isto e mais aquilo neste novo tempo de criatura sem criador&#8230;<\/p>\n<p style=\"text-align: justify;\">Nas ruas, bem como, nos corredores perdidos de um lugar qualquer, os desencontros v\u00e3o de vento em popa como diz o dito tupiniquim, portanto, vale outra frase presente nas esquinas da cidade, a saber: \u201ccada louco\/a com sua mania\u201d, haja vista que a loucura \u00e9 uma virtude mediada pela mediocridade al\u00e9m da imagina\u00e7\u00e3o para os magos do saber sem sabedoria&#8230;<\/p>\n<p style=\"text-align: justify;\">Tamb\u00e9m, \u201cnada como um dia depois do outro e uma noite no meio\u201d, neste caso ou no outro caso, como sempre, depende sempre de cada olhar da criatura frente ao criador, pode-se deixar levar pela m\u00e1xima do senso comum: \u201ceu era feliz e n\u00e3o sabia&#8230;\u201d<\/p>\n<p style=\"text-align: justify;\">___________________________________<\/p>\n<p style=\"text-align: justify;\"><em>(*) Jornalista diplomado e professor universit\u00e1rio.<\/em><\/p>\n<p style=\"text-align: justify;\">\n","protected":false},"excerpt":{"rendered":"<p>\u201cEU ERA FELIZ E N\u00c3O SABIA&#8230;\u201d \u201cH\u00e1 duas maneiras de se obter sucesso neste mundo: pelas pr\u00f3prias habilidades ou pela incompet\u00eancia alheia\u201d. (Jean de La Bruny\u00e9re) S\u00e9rgio Barbosa (*) A conjuntura internacional vem demonstrando que a maioria das pessoas, bem como, empresas e outros estavam de acordo com a proposta do \u201cera feliz e n\u00e3o [&hellip;]<\/p>\n","protected":false},"author":1,"featured_media":35897,"comment_status":"closed","ping_status":"open","sticky":false,"template":"","format":"standard","meta":{"footnotes":""},"categories":[175],"tags":[],"class_list":["post-35896","post","type-post","status-publish","format-standard","has-post-thumbnail","hentry","category-artigos"],"_links":{"self":[{"href":"https:\/\/jorgezanoni.com.br\/2019\/wp-json\/wp\/v2\/posts\/35896","targetHints":{"allow":["GET"]}}],"collection":[{"href":"https:\/\/jorgezanoni.com.br\/2019\/wp-json\/wp\/v2\/posts"}],"about":[{"href":"https:\/\/jorgezanoni.com.br\/2019\/wp-json\/wp\/v2\/types\/post"}],"author":[{"embeddable":true,"href":"https:\/\/jorgezanoni.com.br\/2019\/wp-json\/wp\/v2\/users\/1"}],"replies":[{"embeddable":true,"href":"https:\/\/jorgezanoni.com.br\/2019\/wp-json\/wp\/v2\/comments?post=35896"}],"version-history":[{"count":0,"href":"https:\/\/jorgezanoni.com.br\/2019\/wp-json\/wp\/v2\/posts\/35896\/revisions"}],"wp:featuredmedia":[{"embeddable":true,"href":"https:\/\/jorgezanoni.com.br\/2019\/wp-json\/wp\/v2\/media\/35897"}],"wp:attachment":[{"href":"https:\/\/jorgezanoni.com.br\/2019\/wp-json\/wp\/v2\/media?parent=35896"}],"wp:term":[{"taxonomy":"category","embeddable":true,"href":"https:\/\/jorgezanoni.com.br\/2019\/wp-json\/wp\/v2\/categories?post=35896"},{"taxonomy":"post_tag","embeddable":true,"href":"https:\/\/jorgezanoni.com.br\/2019\/wp-json\/wp\/v2\/tags?post=35896"}],"curies":[{"name":"wp","href":"https:\/\/api.w.org\/{rel}","templated":true}]}}