{"id":35893,"date":"2020-09-30T00:47:40","date_gmt":"2020-09-30T00:47:40","guid":{"rendered":"https:\/\/jorgezanoni.com.br\/2019\/?p=35893"},"modified":"2020-09-30T00:47:40","modified_gmt":"2020-09-30T00:47:40","slug":"monte-castelo-registra-mais-um-obito-causado-pelo-novo-coronavirus","status":"publish","type":"post","link":"https:\/\/jorgezanoni.com.br\/2019\/monte-castelo-registra-mais-um-obito-causado-pelo-novo-coronavirus\/","title":{"rendered":"Monte Castelo registra mais um \u00f3bito causado pelo novo coronav\u00edrus"},"content":{"rendered":"<h2 class=\"content-head__subtitle\" style=\"text-align: justify;\"><strong>Com a confirma\u00e7\u00e3o, cidade chega \u00e0s quatro mortes pela doen\u00e7a. Munic\u00edpio tem 97 casos positivos da Covid-19.<\/strong><\/h2>\n<div class=\"mc-column content-text active-extra-styles active-capital-letter\" data-block-type=\"unstyled\" data-block-weight=\"28\" data-block-id=\"1\">\n<p class=\"content-text__container theme-color-primary-first-letter\" style=\"text-align: justify;\" data-track-category=\"Link no Texto\" data-track-links=\"\">A Prefeitura informou nesta ter\u00e7a-feira (29) mais uma morte causada pelo novo coronav\u00edrus em\u00a0<a href=\"https:\/\/g1.globo.com\/sp\/presidente-prudente-regiao\/cidade\/monte-castelo-sp\/\">Monte Castelo<\/a>. Com o novo registro, o munic\u00edpio chega a quatro \u00f3bitos pela doen\u00e7a.<\/p>\n<\/div>\n<div class=\"wall protected-content\">\n<div class=\"mc-column content-text active-extra-styles \" style=\"text-align: justify;\" data-block-type=\"unstyled\" data-block-weight=\"9\" data-block-id=\"2\">\n<p class=\"content-text__container \" data-track-category=\"Link no Texto\" data-track-links=\"\">Os dados sobre a v\u00edtima fatal n\u00e3o foram informados.<\/p>\n<\/div>\n<div class=\"mc-column content-text active-extra-styles \" data-block-type=\"unstyled\" data-block-weight=\"13\" data-block-id=\"3\">\n<p class=\"content-text__container \" style=\"text-align: justify;\" data-track-category=\"Link no Texto\" data-track-links=\"\">A cidade contabiliza 97 casos positivos da Covid-19 e investiga 12 notifica\u00e7\u00f5es suspeitas.<\/p>\n<p style=\"text-align: justify;\" data-track-category=\"Link no Texto\" data-track-links=\"\">Fonte: G1<\/p>\n<\/div>\n<\/div>\n","protected":false},"excerpt":{"rendered":"<p>Com a confirma\u00e7\u00e3o, cidade chega \u00e0s quatro mortes pela doen\u00e7a. Munic\u00edpio tem 97 casos positivos da Covid-19. A Prefeitura informou nesta ter\u00e7a-feira (29) mais uma morte causada pelo novo coronav\u00edrus em\u00a0Monte Castelo. Com o novo registro, o munic\u00edpio chega a quatro \u00f3bitos pela doen\u00e7a. Os dados sobre a v\u00edtima fatal n\u00e3o foram informados. A cidade [&hellip;]<\/p>\n","protected":false},"author":1,"featured_media":35894,"comment_status":"closed","ping_status":"open","sticky":false,"template":"","format":"standard","meta":{"footnotes":""},"categories":[179,187,110],"tags":[],"class_list":["post-35893","post","type-post","status-publish","format-standard","has-post-thumbnail","hentry","category-cidadeseregiao","category-montecastelo","category-noticiasdestaque"],"_links":{"self":[{"href":"https:\/\/jorgezanoni.com.br\/2019\/wp-json\/wp\/v2\/posts\/35893","targetHints":{"allow":["GET"]}}],"collection":[{"href":"https:\/\/jorgezanoni.com.br\/2019\/wp-json\/wp\/v2\/posts"}],"about":[{"href":"https:\/\/jorgezanoni.com.br\/2019\/wp-json\/wp\/v2\/types\/post"}],"author":[{"embeddable":true,"href":"https:\/\/jorgezanoni.com.br\/2019\/wp-json\/wp\/v2\/users\/1"}],"replies":[{"embeddable":true,"href":"https:\/\/jorgezanoni.com.br\/2019\/wp-json\/wp\/v2\/comments?post=35893"}],"version-history":[{"count":0,"href":"https:\/\/jorgezanoni.com.br\/2019\/wp-json\/wp\/v2\/posts\/35893\/revisions"}],"wp:featuredmedia":[{"embeddable":true,"href":"https:\/\/jorgezanoni.com.br\/2019\/wp-json\/wp\/v2\/media\/35894"}],"wp:attachment":[{"href":"https:\/\/jorgezanoni.com.br\/2019\/wp-json\/wp\/v2\/media?parent=35893"}],"wp:term":[{"taxonomy":"category","embeddable":true,"href":"https:\/\/jorgezanoni.com.br\/2019\/wp-json\/wp\/v2\/categories?post=35893"},{"taxonomy":"post_tag","embeddable":true,"href":"https:\/\/jorgezanoni.com.br\/2019\/wp-json\/wp\/v2\/tags?post=35893"}],"curies":[{"name":"wp","href":"https:\/\/api.w.org\/{rel}","templated":true}]}}