{"id":35890,"date":"2020-09-30T00:04:10","date_gmt":"2020-09-30T00:04:10","guid":{"rendered":"https:\/\/jorgezanoni.com.br\/2019\/?p=35890"},"modified":"2020-09-30T00:04:10","modified_gmt":"2020-09-30T00:04:10","slug":"policia-recupera-moto-apos-abordar-dois-jovens-em-atitudes-suspeitas-em-dracena","status":"publish","type":"post","link":"https:\/\/jorgezanoni.com.br\/2019\/policia-recupera-moto-apos-abordar-dois-jovens-em-atitudes-suspeitas-em-dracena\/","title":{"rendered":"Pol\u00edcia recupera moto ap\u00f3s abordar dois jovens em atitudes suspeitas, em Dracena"},"content":{"rendered":"<p style=\"text-align: justify;\">EM DRACENA: ABORDAGEM DE INDIV\u00cdDUOS EM ATITUDE SUSPEITA LEVA A POL\u00cdCIA MILITAR A APREENS\u00c3O 02 (DOIS) ADOLESCENTES E NA RECUPERA\u00c7\u00c3O DE UMA MOTO FURTADA.<\/p>\n<p>Na data de hoje (29) por volta das 02h40min, equipes de For\u00e7a T\u00e1tica abordaram dois adolescentes, sendo um de 15 e outro de 16 anos, ap\u00f3s ser irradiado pelo COPOM que indiv\u00edduos haviam adentrado o quintal de uma resid\u00eancia na rua Maria Moretti Carreira e sa\u00edram em fuga sentido o Rua Tom\u00e9 de Souza x Rua Gast\u00e3o Vidigal. Na abordagem confessaram que teriam adentrado a resid\u00eancia e horas antes haviam furtado uma motocicleta Honda Biz de cor branca, fato este de conhecimento das equipes policiais, e que teriam escondido a motocicleta na linha f\u00e9rrea atr\u00e1s da esta\u00e7\u00e3o.<br \/>\nOs menores foram apreendidos e ap\u00f3s a oitiva liberados; e a motocicleta entregue liberada para a v\u00edtima.<\/p>\n<p><a class=\"oajrlxb2 g5ia77u1 qu0x051f esr5mh6w e9989ue4 r7d6kgcz rq0escxv nhd2j8a9 nc684nl6 p7hjln8o kvgmc6g5 cxmmr5t8 oygrvhab hcukyx3x jb3vyjys rz4wbd8a qt6c0cv9 a8nywdso i1ao9s8h esuyzwwr f1sip0of lzcic4wl oo9gr5id gpro0wi8 lrazzd5p\" tabindex=\"0\" role=\"link\" href=\"https:\/\/www.facebook.com\/hashtag\/25bpmi?__eep__=6&amp;__tn__=*NK*F\">#25BPMI<\/a><br \/>\n<a class=\"oajrlxb2 g5ia77u1 qu0x051f esr5mh6w e9989ue4 r7d6kgcz rq0escxv nhd2j8a9 nc684nl6 p7hjln8o kvgmc6g5 cxmmr5t8 oygrvhab hcukyx3x jb3vyjys rz4wbd8a qt6c0cv9 a8nywdso i1ao9s8h esuyzwwr f1sip0of lzcic4wl oo9gr5id gpro0wi8 lrazzd5p\" tabindex=\"0\" role=\"link\" href=\"https:\/\/www.facebook.com\/hashtag\/policiamilitarsp?__eep__=6&amp;__tn__=*NK*F\">#POLICIAMILITARSP<\/a><br \/>\n<a class=\"oajrlxb2 g5ia77u1 qu0x051f esr5mh6w e9989ue4 r7d6kgcz rq0escxv nhd2j8a9 nc684nl6 p7hjln8o kvgmc6g5 cxmmr5t8 oygrvhab hcukyx3x jb3vyjys rz4wbd8a qt6c0cv9 a8nywdso i1ao9s8h esuyzwwr f1sip0of lzcic4wl oo9gr5id gpro0wi8 lrazzd5p\" tabindex=\"0\" role=\"link\" href=\"https:\/\/www.facebook.com\/hashtag\/afor%C3%A7ap%C3%BAblicades%C3%A3opaulo?__eep__=6&amp;__tn__=*NK*F\">#AFOR\u00c7AP\u00daBLICADES\u00c3OPAULO<\/a><br \/>\nCOMUNICA\u00c7\u00c3O SOCIAL DO 25BPMI<\/p>\n","protected":false},"excerpt":{"rendered":"<p>EM DRACENA: ABORDAGEM DE INDIV\u00cdDUOS EM ATITUDE SUSPEITA LEVA A POL\u00cdCIA MILITAR A APREENS\u00c3O 02 (DOIS) ADOLESCENTES E NA RECUPERA\u00c7\u00c3O DE UMA MOTO FURTADA. Na data de hoje (29) por volta das 02h40min, equipes de For\u00e7a T\u00e1tica abordaram dois adolescentes, sendo um de 15 e outro de 16 anos, ap\u00f3s ser irradiado pelo COPOM que [&hellip;]<\/p>\n","protected":false},"author":1,"featured_media":35891,"comment_status":"closed","ping_status":"open","sticky":false,"template":"","format":"standard","meta":{"footnotes":""},"categories":[110,2],"tags":[],"class_list":["post-35890","post","type-post","status-publish","format-standard","has-post-thumbnail","hentry","category-noticiasdestaque","category-policial"],"_links":{"self":[{"href":"https:\/\/jorgezanoni.com.br\/2019\/wp-json\/wp\/v2\/posts\/35890","targetHints":{"allow":["GET"]}}],"collection":[{"href":"https:\/\/jorgezanoni.com.br\/2019\/wp-json\/wp\/v2\/posts"}],"about":[{"href":"https:\/\/jorgezanoni.com.br\/2019\/wp-json\/wp\/v2\/types\/post"}],"author":[{"embeddable":true,"href":"https:\/\/jorgezanoni.com.br\/2019\/wp-json\/wp\/v2\/users\/1"}],"replies":[{"embeddable":true,"href":"https:\/\/jorgezanoni.com.br\/2019\/wp-json\/wp\/v2\/comments?post=35890"}],"version-history":[{"count":0,"href":"https:\/\/jorgezanoni.com.br\/2019\/wp-json\/wp\/v2\/posts\/35890\/revisions"}],"wp:featuredmedia":[{"embeddable":true,"href":"https:\/\/jorgezanoni.com.br\/2019\/wp-json\/wp\/v2\/media\/35891"}],"wp:attachment":[{"href":"https:\/\/jorgezanoni.com.br\/2019\/wp-json\/wp\/v2\/media?parent=35890"}],"wp:term":[{"taxonomy":"category","embeddable":true,"href":"https:\/\/jorgezanoni.com.br\/2019\/wp-json\/wp\/v2\/categories?post=35890"},{"taxonomy":"post_tag","embeddable":true,"href":"https:\/\/jorgezanoni.com.br\/2019\/wp-json\/wp\/v2\/tags?post=35890"}],"curies":[{"name":"wp","href":"https:\/\/api.w.org\/{rel}","templated":true}]}}