{"id":35886,"date":"2020-09-29T15:33:38","date_gmt":"2020-09-29T15:33:38","guid":{"rendered":"https:\/\/jorgezanoni.com.br\/2019\/?p=35886"},"modified":"2020-09-29T15:33:38","modified_gmt":"2020-09-29T15:33:38","slug":"saude-emocional-e-fisica-do-idoso-por-anuar-mamede","status":"publish","type":"post","link":"https:\/\/jorgezanoni.com.br\/2019\/saude-emocional-e-fisica-do-idoso-por-anuar-mamede\/","title":{"rendered":"Sa\u00fade Emocional e F\u00edsica do Idoso (por Anuar Mamede)"},"content":{"rendered":"<p style=\"text-align: justify;\"><strong>SA\u00daDE EMOCIONAL E F\u00cdSICA DO IDOSO<\/strong><strong>\u00a0<\/strong><\/p>\n<p style=\"text-align: justify;\"><em>Sou Anuar Mamede, Psic\u00f3logo, Consultor e Palestrante. Semanalmente, tenho escrito meus artigos aqui para este importante site de not\u00edcias. A seguir, apresento a voc\u00ea o conte\u00fado desta semana:<\/em><strong><em>\u00a0<\/em><\/strong><\/p>\n<p style=\"text-align: justify;\"><strong>Voc\u00ea sabia que o grupo de centen\u00e1rios (pessoas pr\u00f3ximas dos cem anos de idade) triplicou em uma d\u00e9cada em nosso pa\u00eds? E\u00b4s\u00f3 voc\u00ea prestar aten\u00e7\u00e3o nas ruas que vai perceber quantos idosos acima dos oitenta anos est\u00e3o por a\u00ed. <\/strong><strong>Mas, qual \u00e9 o Novo perfil do idoso em nosso pais? Na defini\u00e7\u00e3o da Psic\u00f3loga Maria Luisa Travaglia, o novo perfil do idoso \u00e9:<\/strong><\/p>\n<p style=\"text-align: justify;\"><strong>\u201cO perfil atual \u00e9 de idosos ativos, independentes, capazes de gerar sua pr\u00f3pria vida e de tomar decis\u00f5es. Eles tendem a manter e ampliar o v\u00ednculo social, frequentam grupos da terceira idade, aulas de dan\u00e7a, gin\u00e1stica, cursam cursos superiores, frequentam sindicatos, fazem cursos, frequentam redes sociais, participam de\u00a0 grupos religiosos, continuam dirigindo e se desafiam a estar em conson\u00e2ncia com os tempos atuais, aderindo aos avan\u00e7os tecnol\u00f3gicos<\/strong><\/p>\n<p style=\"text-align: justify;\"><strong>A seguir, apresento a voc\u00ea o meu pensamento a respeito desta nova realidade.<\/strong><\/p>\n<p style=\"text-align: justify;\"><strong>Com o passar do tempo percebemos nitidamente que nascemos para aprender a amar.<\/strong><strong>\u00a0\u00a0\u00a0\u00a0\u00a0\u00a0\u00a0\u00a0\u00a0\u00a0\u00a0\u00a0\u00a0\u00a0\u00a0\u00a0\u00a0\u00a0\u00a0\u00a0\u00a0\u00a0\u00a0\u00a0\u00a0\u00a0\u00a0\u00a0\u00a0\u00a0\u00a0\u00a0\u00a0\u00a0\u00a0\u00a0\u00a0\u00a0\u00a0\u00a0\u00a0\u00a0\u00a0\u00a0\u00a0\u00a0\u00a0\u00a0 \u00a0\u00a0\u00a0\u00a0\u00a0\u00a0\u00a0\u00a0\u00a0\u00a0\u00a0\u00a0\u00a0\u00a0\u00a0\u00a0\u00a0\u00a0\u00a0\u00a0\u00a0\u00a0\u00a0\u00a0\u00a0\u00a0\u00a0<\/strong><\/p>\n<p style=\"text-align: justify;\"><strong>O amor \u00e9 o sublime elixir da juventude<\/strong><\/p>\n<p style=\"text-align: justify;\"><strong>\u201cSEM O PASSO INICIAL, NINGU\u00c9M\u00a0 VENCE AS DIST\u00c2NCIAS.\u201d<\/strong><\/p>\n<p style=\"text-align: justify;\"><strong>Para vivermos bastante, precisamos nos propor a fazer as coisas certas. Mas precisamos fazer a nossa parte.<\/strong><\/p>\n<p style=\"text-align: justify;\"><strong>\u00a0<em>PESSOAS MOTIVADAS S\u00c3O CAPAZES DE QUALQUER CONQUISTA!<\/em><\/strong><\/p>\n<p style=\"text-align: justify;\"><strong><em>N\u00e3o tenho d\u00favidas, de que uma pessoa motivada, vive melhor e mais. <\/em><\/strong><\/p>\n<p style=\"text-align: justify;\"><strong>VOC\u00ca TEM CUIDADO DE SUA SA\u00daDE?<\/strong><\/p>\n<p style=\"text-align: justify;\"><strong>Como viver bastante sem cuidar da sa\u00fade?<\/strong><\/p>\n<p style=\"text-align: justify;\"><strong>Segundo o IBGE, tr\u00eas a cada quatro idosos, tem alguma doen\u00e7a cr\u00f4nica.<\/strong><strong>\u00a0<\/strong><\/p>\n<p style=\"text-align: justify;\"><strong>DOEN\u00c7AS FREQUENTES NA TERCEIRA IDADE<\/strong><\/p>\n<ul style=\"text-align: justify;\">\n<li><strong>Infarto<\/strong><\/li>\n<li><strong>AVC &#8211; derrame<\/strong><\/li>\n<li><strong>Diabetes<\/strong><\/li>\n<li><strong>Mal de Alzheimer<\/strong><\/li>\n<li><strong>Hipertens\u00e3o<\/strong><\/li>\n<li><strong>Doen\u00e7a card\u00edaca<\/strong><\/li>\n<li><strong>Enfisema pulmonar<\/strong><\/li>\n<li><strong>Artrose<\/strong><\/li>\n<li><strong>Osteoporose<\/strong><\/li>\n<li><strong>Mal de Parkinson<\/strong><\/li>\n<li><strong>Perda da audi\u00e7\u00e3o<\/strong><\/li>\n<li><strong>AIDS<\/strong><\/li>\n<li><strong>Pneumonia<\/strong><\/li>\n<li><strong>Catarata<\/strong><\/li>\n<li><strong>Perda \u00f3ssea bucal <\/strong><\/li>\n<li><strong>C\u00e2ncer bucal<\/strong><\/li>\n<li><strong>Crise de ansiedade <\/strong><\/li>\n<\/ul>\n<p style=\"text-align: justify;\"><strong>Pessoas ansiosas,passam a conviver com os efeitos deste mal que hoje em dia \u00e9 muito presente na vida das pessoas.<\/strong><\/p>\n<p style=\"text-align: justify;\"><strong>Conhe\u00e7a os efeitos da ansiedade:<\/strong><\/p>\n<ul style=\"text-align: justify;\">\n<li><strong>Incapacidade de concentra\u00e7\u00e3o<\/strong><\/li>\n<li><strong>Aumento do consumo de alimentos<\/strong><\/li>\n<li><strong>Aumento do consumo de \u00e1lcool<\/strong><\/li>\n<li><strong>Aumento do consumo de cigarro<\/strong><\/li>\n<li><strong>Incapacidade de relaxar<\/strong><\/li>\n<li><strong>Tens\u00e3o<\/strong><\/li>\n<li><strong>Confus\u00e3o<\/strong><\/li>\n<li><strong>Perda do sono ou incapacidade de dormir<\/strong><\/li>\n<li><strong>Agita\u00e7\u00e3o<\/strong><\/li>\n<li><strong>Hiperatividade<\/strong><\/li>\n<li><strong>P\u00e2nico<\/strong><\/li>\n<li><strong>Preocupa\u00e7\u00e3o exagerada com insignific\u00e2ncias<\/strong><\/li>\n<li><strong>Irritabilidade<\/strong><\/li>\n<li><strong>Indisposi\u00e7\u00e3o do aparelho digestivo inclusive com dores, n\u00e1useas e diarr\u00e9ias em momentos importantes e decisivos da vida<\/strong><\/li>\n<li><strong>Tend\u00eancia a onicofagia (roer unhas). Perceba como \u00e9 muito comum encontrarmos pessoas com este h\u00e1bito.<\/strong><\/li>\n<li><strong>Disposi\u00e7\u00e3o a acidentes dom\u00e9sticos e no tr\u00e2nsito<\/strong><\/li>\n<li><strong>Sudorese (muita transpira\u00e7\u00e3o) p\u00e9s e m\u00e3os<\/strong><\/li>\n<li><strong>Aumento dos batimentos card\u00edacos<\/strong><\/li>\n<li><strong>Indecis\u00e3o<\/strong><\/li>\n<li><strong>Reclama\u00e7\u00f5es<\/strong><\/li>\n<li><strong>Fala em excesso<\/strong><\/li>\n<li><strong>Incapacidade de terminar o que come\u00e7ou<\/strong><\/li>\n<li><strong>Necessidade de ler v\u00e1rias vezes o mesmo par\u00e1grafo para compreender o assunto<\/strong><\/li>\n<li><strong>Incapacidade de enxergar o que est\u00e1 vendo (objetos e pessoas)<\/strong><\/li>\n<li><strong>Incapacidade de reter conhecimentos e informa\u00e7\u00f5es (mem\u00f3ria fraca)<\/strong><\/li>\n<li><strong>\u201cBrancos\u201d na hora de falar ou escrever em momentos decisivos<\/strong><\/li>\n<li><strong>Tend\u00eancia \u00e0 obesidade <\/strong><\/li>\n<li><strong>Dificuldades para respirar<\/strong><\/li>\n<li><strong>Impaci\u00eancia (dificuldades para esperar)<\/strong><\/li>\n<li><strong>A ansiedade e os acidentes na vida do aposentado.<\/strong><strong>\u00a0<\/strong><\/li>\n<\/ul>\n<p style=\"text-align: justify;\"><strong>O que fazer para baixar a ansiedade?<\/strong><\/p>\n<ul style=\"text-align: justify;\">\n<li><strong>Procure o seu M\u00e9dico<\/strong><\/li>\n<li><strong>Relaxe<\/strong><\/li>\n<li><strong>Pratique esporte \u2013 atividade f\u00edsica (nadar, caminhar)<\/strong><\/li>\n<li><strong>Dialogue mais<\/strong><\/li>\n<li><strong>Receba massagem<\/strong><\/li>\n<li><strong>Dance<\/strong><\/li>\n<li><strong>Cante<\/strong><\/li>\n<li><strong>Receba a acupuntura<\/strong><\/li>\n<li><strong>Pratique a Ioga<\/strong><\/li>\n<li><strong>Conviva mais com a Natureza <\/strong><\/li>\n<li><strong>Fa\u00e7a Taichi chuam<\/strong><\/li>\n<li><strong>Procure um terapeuta de Florais de Bach<\/strong><\/li>\n<li><strong>Cultive a Religiosidade<\/strong><\/li>\n<li><strong>O que te faz bem?<\/strong><\/li>\n<\/ul>\n<ul style=\"text-align: justify;\">\n<li><strong>\u00c9 poss\u00edvel prevenir ou adiar as doen\u00e7as com um estilo de vida saud\u00e1vel e tratamentos adequados.<\/strong><\/li>\n<li><strong>Infelizmente, a sua tend\u00eancia em pensar mais em sua fam\u00edlia de que em voc\u00ea mesmo (a).<\/strong><\/li>\n<\/ul>\n<p style=\"text-align: justify;\"><strong>Visite seu m\u00e9dico periodicamente<\/strong><\/p>\n<p style=\"text-align: justify;\"><strong>Fa\u00e7a exerc\u00edcios f\u00edsicos<\/strong><\/p>\n<p style=\"text-align: justify;\"><strong>Alimente-se melhor<\/strong><\/p>\n<ul style=\"text-align: justify;\">\n<li><strong>Quais s\u00e3o os fatores desmotivadores em sua casa?<\/strong><\/li>\n<li><strong>Ambiente hostil<\/strong><\/li>\n<li><strong>Falta de di\u00e1logo<\/strong><\/li>\n<li><strong>Brigas frequentes<\/strong><\/li>\n<li><strong>Falta de respeito<\/strong><\/li>\n<li><strong>Falta de amizade<\/strong><\/li>\n<li><strong>Falta de reciprocidade<\/strong><\/li>\n<li><strong>Falta de comprometimento<\/strong><\/li>\n<li><strong>Relacionamentos desgastados<\/strong><\/li>\n<li><strong>Fala de educa\u00e7\u00e3o<\/strong><\/li>\n<li><strong>Falta de compreens\u00e3o<\/strong><\/li>\n<li><strong>Falta de afetividade<\/strong><\/li>\n<li><strong>Falta de carinho<\/strong><\/li>\n<li><strong>Falta de companheirismo<\/strong><\/li>\n<li><strong>Desestrutura\u00e7\u00e3o familiar<\/strong><\/li>\n<li><strong>Ser isolado da fam\u00edlia<\/strong><\/li>\n<\/ul>\n<p style=\"text-align: justify;\"><strong>COMUNICA\u00c7\u00c3O EM CASA<\/strong><\/p>\n<ul style=\"text-align: justify;\">\n<li><strong>RESERVE UM DIA DA SEMANA PARA O CULTO DO DI\u00c1LOGO NO LAR<\/strong><\/li>\n<li><strong>CUIDADO COM O COMPUTADOR<\/strong><\/li>\n<li><strong>CUIADO COM A TELEVIS\u00c3O<\/strong><\/li>\n<li><strong>CUIDADO COM OS DISTANCIAMENTOS DA FAM\u00cdLIA<\/strong><\/li>\n<li><strong>CUIDADO COM A INTOLER\u00c2NCIA<\/strong><\/li>\n<li><strong>CUIDADO COM A INCOMPREENS\u00c3O<\/strong><\/li>\n<li><strong>CUIDADO COM OS EXAGEROS<\/strong><\/li>\n<li><strong>RECONHE\u00c7A SEUS ERROS<\/strong><\/li>\n<li><strong>PE\u00c7A PERD\u00c3O<\/strong><\/li>\n<li><strong>PERDOE E DE OUTRA CHANCE<\/strong><\/li>\n<\/ul>\n<p style=\"text-align: justify;\"><strong>Procure respeitar-se e lembre-se desta tr\u00edade sempre:<\/strong><\/p>\n<p style=\"text-align: justify;\"><strong>Eu me respeito<\/strong><\/p>\n<p style=\"text-align: justify;\"><strong>Eu te respeito <\/strong><\/p>\n<p style=\"text-align: justify;\"><strong>Tu me respeitas<\/strong><strong>\u00a0<\/strong><\/p>\n<p style=\"text-align: justify;\"><strong>PERMITA-SE DIZER N\u00c3O \u00c0S VEZES!<\/strong><\/p>\n<p style=\"text-align: justify;\"><strong>Seus familiares,pedir\u00e3o seu cart\u00e3o de benef\u00edcios e cart\u00e3o de cr\u00e9dito para pagar outras contas. Saiba dizer N\u00e3o!<\/strong><\/p>\n<p style=\"text-align: justify;\"><strong>\u00a0Cuidado com o h\u00e1bito de reclamar das pessoas, das coisas e situa\u00e7\u00f5es.<\/strong><\/p>\n<p style=\"text-align: justify;\"><strong>Quem vive reclamando, atrai o fracasso e a doen\u00e7a para a sua vida.<\/strong><\/p>\n<p style=\"text-align: justify;\"><strong>Cuide da sua espiritualidade<\/strong><\/p>\n<ul style=\"text-align: justify;\">\n<li><strong>Dedique um tempo di\u00e1rio para suas ora\u00e7\u00f5es;<\/strong><\/li>\n<li><strong>Se poss\u00edvel, frequente uma casa religiosa e tome cuidado com o fanatismo;<\/strong><\/li>\n<li><strong>Pratique o bem e a solidariedade;<\/strong><\/li>\n<li><strong>Fa\u00e7a leituras saud\u00e1veis;<\/strong><\/li>\n<li><strong>Pratique a medita\u00e7\u00e3o.<\/strong><\/li>\n<\/ul>\n<p style=\"text-align: justify;\"><strong>CUIDADO<\/strong><\/p>\n<ul style=\"text-align: justify;\">\n<li><strong>Com os seus H\u00e1bitos Mentais<\/strong><\/li>\n<li><strong>Cuidado com as tuas Cren\u00e7as<\/strong><\/li>\n<li><strong>Cuidado com os coment\u00e1rios e atitudes de algumas pessoas<\/strong><\/li>\n<li><strong>Cuidado com o Comodismo<\/strong><\/li>\n<li><strong>Pessoas que tem uma boa conex\u00e3o com as coisas de Deus , vivem melhor.<\/strong><\/li>\n<li><strong>CUIDADO COM O QUE VOC\u00ca ASSISTE NA TELEVIS\u00c3O<\/strong><\/li>\n<li><strong>Como vai a sua conviv\u00eancia familiar?<\/strong><\/li>\n<li><strong>Cuidado com certos relacionamentos<\/strong><\/li>\n<\/ul>\n<p style=\"text-align: justify;\"><strong>LEMBRE-SE SEMPRE<\/strong><\/p>\n<ul style=\"text-align: justify;\">\n<li><strong>Cuide de sua sa\u00fade emocional e f\u00edsica;<\/strong><\/li>\n<li><strong>Procure um profissional da sa\u00fade para tirar suas d\u00favidas e receber orienta\u00e7\u00f5es;<\/strong><\/li>\n<li><strong>Fa\u00e7a exames preventivos;<\/strong><\/li>\n<li><strong>Cuidado com o auto-isolamento social;<\/strong><\/li>\n<li><strong>Fa\u00e7a exerc\u00edcios;<\/strong><\/li>\n<li><strong>Reuna-se com seus familiares;<\/strong><\/li>\n<li><strong>Reuna-se com seus amigos;<\/strong><\/li>\n<li><strong>Alimente-se de forma saud\u00e1vel;<\/strong><\/li>\n<li><strong>N\u00e3o fume;<\/strong><\/li>\n<li><strong>Cuidado com a bebida alcoolica em excesso;<\/strong><\/li>\n<li><strong>Utilize sempre o preservativo em seus relacionamentos sexuais;<\/strong><\/li>\n<li><strong>Mantenha sua caderneta de sa\u00fade sempre atualizada.<\/strong><\/li>\n<\/ul>\n<p style=\"text-align: justify;\"><strong>QUEM \u00c9 ANUAR MAMEDE?<\/strong><\/p>\n<ul style=\"text-align: justify;\">\n<li><strong><em>Psic\u00f3logo, formado pela Universidade Estadual Paulista de Assis S.P. UNESP, p\u00f3sgraduado em recursos humanos, orientador vocacional e profissional, psicoterapeuta individual e familiar, consultor de empresas, ministra cursos e palestras para empresas comerciais, agr\u00edcolas e industriais, escolas, cooperativas, fazendas, universidades, prefeituras, associa\u00e7\u00f5es comerciais, sindicatos, cl\u00ednicas , hospitais , redes de drogarias e farm\u00e1cias , diretorias de ensino, postos de combust\u00edveis, usinas de alcool e a\u00e7ucar, usinas de beneficiamento do l\u00e1tex, Redes de Lojas e \u00f3ticas, hot\u00e9is e restaurantes.<\/em> \u00c9 Consultor e Palestrante homologado pela ODONTOCOMPANY e PARTMED.<\/strong><strong>\u00a0<\/strong><\/li>\n<\/ul>\n<p style=\"text-align: justify;\"><strong><em>\u00a0\u00a0\u00a0\u00a0\u00a0\u00a0\u00a0\u00a0\u00a0\u00a0\u00a0\u00a0\u00a0\u00a0\u00a0\u00a0\u00a0\u00a0\u00a0\u00a0\u00a0\u00a0\u00a0\u00a0\u00a0\u00a0\u00a0\u00a0\u00a0\u00a0\u00a0\u00a0\u00a0\u00a0\u00a0\u00a0\u00a0\u00a0\u00a0\u00a0\u00a0\u00a0\u00a0\u00a0\u00a0\u00a0 Facebook Anuar Mamede<\/em><\/strong><\/p>\n<p style=\"text-align: justify;\"><strong><em>\u00a0\u00a0\u00a0\u00a0\u00a0\u00a0\u00a0\u00a0\u00a0\u00a0\u00a0\u00a0\u00a0\u00a0\u00a0\u00a0\u00a0\u00a0\u00a0\u00a0\u00a0\u00a0\u00a0\u00a0\u00a0\u00a0\u00a0\u00a0\u00a0\u00a0\u00a0\u00a0\u00a0\u00a0\u00a0\u00a0\u00a0\u00a0\u00a0\u00a0\u00a0\u00a0\u00a0\u00a0\u00a0\u00a0\u00a0 Whatsapp 17 982243033<\/em><\/strong><\/p>\n<p style=\"text-align: justify;\"><strong><em>\u00a0\u00a0\u00a0\u00a0\u00a0\u00a0\u00a0\u00a0\u00a0\u00a0\u00a0\u00a0\u00a0\u00a0\u00a0\u00a0\u00a0\u00a0\u00a0\u00a0\u00a0\u00a0\u00a0\u00a0\u00a0\u00a0\u00a0\u00a0\u00a0\u00a0\u00a0\u00a0\u00a0\u00a0\u00a0\u00a0\u00a0\u00a0\u00a0\u00a0\u00a0\u00a0\u00a0\u00a0\u00a0\u00a0\u00a0\u00a0\u00a0\u00a0\u00a0\u00a0\u00a0\u00a0\u00a0\u00a0\u00a0\u00a0 Instagram<\/em><\/strong><\/p>\n<p style=\"text-align: justify;\"><strong><em>\u00a0\u00a0\u00a0\u00a0\u00a0\u00a0\u00a0\u00a0\u00a0\u00a0\u00a0\u00a0\u00a0\u00a0\u00a0\u00a0\u00a0\u00a0\u00a0\u00a0\u00a0\u00a0\u00a0\u00a0\u00a0\u00a0\u00a0\u00a0\u00a0\u00a0\u00a0\u00a0\u00a0\u00a0\u00a0\u00a0\u00a0\u00a0\u00a0\u00a0\u00a0\u00a0\u00a0\u00a0\u00a0\u00a0\u00a0\u00a0\u00a0\u00a0\u00a0 Anuar_mamede<\/em><\/strong><\/p>\n<p style=\"text-align: justify;\"><strong><em>\u00a0\u00a0\u00a0\u00a0\u00a0\u00a0\u00a0\u00a0\u00a0\u00a0\u00a0\u00a0\u00a0\u00a0\u00a0\u00a0\u00a0\u00a0\u00a0\u00a0\u00a0\u00a0\u00a0\u00a0\u00a0\u00a0\u00a0\u00a0\u00a0\u00a0\u00a0\u00a0\u00a0\u00a0\u00a0\u00a0\u00a0\u00a0\u00a0\u00a0\u00a0\u00a0\u00a0\u00a0\u00a0\u00a0\u00a0\u00a0\u00a0\u00a0\u00a0\u00a0\u00a0\u00a0\u00a0\u00a0\u00a0\u00a0\u00a0\u00a0\u00a0\u00a0\u00a0\u00a0\u00a0\u00a0\u00a0\u00a0\u00a0\u00a0\u00a0\u00a0\u00a0\u00a0\u00a0\u00a0\u00a0\u00a0 E<\/em><\/strong><\/p>\n<p style=\"text-align: justify;\"><strong><em>\u00a0\u00a0\u00a0\u00a0\u00a0\u00a0\u00a0\u00a0\u00a0\u00a0\u00a0\u00a0\u00a0\u00a0\u00a0\u00a0\u00a0\u00a0\u00a0\u00a0\u00a0\u00a0\u00a0\u00a0\u00a0\u00a0\u00a0\u00a0\u00a0\u00a0\u00a0\u00a0\u00a0\u00a0\u00a0\u00a0\u00a0\u00a0\u00a0\u00a0 \u00a0\u00a0\u00a0\u00a0\u00a0\u00a0\u00a0\u00a0\u00a0\u00a0\u00a0\u00a0\u00a0anuarmamede<\/em><\/strong><\/p>\n<p style=\"text-align: justify;\"><strong><em><\/p>\n<p><\/em><\/strong><\/p>\n<p style=\"text-align: justify;\">\n<p><strong>\u00a0<\/strong><\/p>\n<p><strong>\u00a0<\/strong><\/p>\n<p><strong>\u00a0<\/strong><\/p>\n<p><strong>\u00a0<\/strong><\/p>\n<p><strong>\u00a0<\/strong><\/p>\n","protected":false},"excerpt":{"rendered":"<p>SA\u00daDE EMOCIONAL E F\u00cdSICA DO IDOSO\u00a0 Sou Anuar Mamede, Psic\u00f3logo, Consultor e Palestrante. Semanalmente, tenho escrito meus artigos aqui para este importante site de not\u00edcias. A seguir, apresento a voc\u00ea o conte\u00fado desta semana:\u00a0 Voc\u00ea sabia que o grupo de centen\u00e1rios (pessoas pr\u00f3ximas dos cem anos de idade) triplicou em uma d\u00e9cada em nosso pa\u00eds? [&hellip;]<\/p>\n","protected":false},"author":1,"featured_media":35887,"comment_status":"closed","ping_status":"open","sticky":false,"template":"","format":"standard","meta":{"footnotes":""},"categories":[175],"tags":[],"class_list":["post-35886","post","type-post","status-publish","format-standard","has-post-thumbnail","hentry","category-artigos"],"_links":{"self":[{"href":"https:\/\/jorgezanoni.com.br\/2019\/wp-json\/wp\/v2\/posts\/35886","targetHints":{"allow":["GET"]}}],"collection":[{"href":"https:\/\/jorgezanoni.com.br\/2019\/wp-json\/wp\/v2\/posts"}],"about":[{"href":"https:\/\/jorgezanoni.com.br\/2019\/wp-json\/wp\/v2\/types\/post"}],"author":[{"embeddable":true,"href":"https:\/\/jorgezanoni.com.br\/2019\/wp-json\/wp\/v2\/users\/1"}],"replies":[{"embeddable":true,"href":"https:\/\/jorgezanoni.com.br\/2019\/wp-json\/wp\/v2\/comments?post=35886"}],"version-history":[{"count":0,"href":"https:\/\/jorgezanoni.com.br\/2019\/wp-json\/wp\/v2\/posts\/35886\/revisions"}],"wp:featuredmedia":[{"embeddable":true,"href":"https:\/\/jorgezanoni.com.br\/2019\/wp-json\/wp\/v2\/media\/35887"}],"wp:attachment":[{"href":"https:\/\/jorgezanoni.com.br\/2019\/wp-json\/wp\/v2\/media?parent=35886"}],"wp:term":[{"taxonomy":"category","embeddable":true,"href":"https:\/\/jorgezanoni.com.br\/2019\/wp-json\/wp\/v2\/categories?post=35886"},{"taxonomy":"post_tag","embeddable":true,"href":"https:\/\/jorgezanoni.com.br\/2019\/wp-json\/wp\/v2\/tags?post=35886"}],"curies":[{"name":"wp","href":"https:\/\/api.w.org\/{rel}","templated":true}]}}