{"id":3586,"date":"2019-08-11T04:30:37","date_gmt":"2019-08-11T04:30:37","guid":{"rendered":"https:\/\/jorgezanoni.com.br\/2019\/?p=3586"},"modified":"2019-08-11T04:30:37","modified_gmt":"2019-08-11T04:30:37","slug":"dia-dos-pais-origem-historia-e-significado-da-data","status":"publish","type":"post","link":"https:\/\/jorgezanoni.com.br\/2019\/dia-dos-pais-origem-historia-e-significado-da-data\/","title":{"rendered":"Dia dos Pais \u2013 origem, hist\u00f3ria e significado da data"},"content":{"rendered":"<h2 class=\"subtitle\" style=\"text-align: justify;\">O Dia dos Pais \u00e9 hoje. Para aproveitar, trouxemos para voc\u00ea a origem desta data t\u00e3o especial e outras curiosidades sobre o dia O post Dia dos Pais \u2013 origem, hist\u00f3ria e significado da data apareceu primeiro em Segredos do Mundo.<\/h2>\n<p style=\"text-align: justify;\">Celebrado sempre no segundo domingo do m\u00eas de agosto aqui no Brasil, o\u00a0<a href=\"https:\/\/segredosdomundo.r7.com\/como-surgiu-o-dia-dos-pais\/\" target=\"_blank\" rel=\"noopener noreferrer\">Dia dos Pais<\/a>\u00a0\u00e9 uma das datas comemorativas que mais carrega simbolismo. Os filhos sempre tiram o dia para prestar homenagens e\u00a0<a href=\"https:\/\/segredosdomundo.r7.com\/20-candidatos-perfeitos-ao-premio-de-melhor-pai-ano\/\" target=\"_blank\" rel=\"noopener noreferrer\">dar presentes<\/a>especiais para seus progenitores.<\/p>\n<p style=\"text-align: justify;\">Por\u00e9m, voc\u00ea sabe a origem desta data? Sabe quando ela come\u00e7ou a ser comemorada?<\/p>\n<p style=\"text-align: justify;\">Neste ano, o Dia dos Pais cai no dia 11 de agosto. Ent\u00e3o aproveite e conhe\u00e7a mais sobre a origem e simbolismo deste dia a seguir.<\/p>\n<div id=\"r7ad-teads\" class=\"r7ad-mobile\" data-google-query-id=\"CN3syYv8-eMCFWqExwodpEcCrQ\"><img loading=\"lazy\" decoding=\"async\" class=\"alignnone size-full wp-image-3587\" src=\"https:\/\/jorgezanoni.com.br\/2019\/wp-content\/uploads\/2019\/08\/pai.jpeg\" alt=\"\" width=\"660\" height=\"360\" srcset=\"https:\/\/jorgezanoni.com.br\/2019\/wp-content\/uploads\/2019\/08\/pai.jpeg 660w, https:\/\/jorgezanoni.com.br\/2019\/wp-content\/uploads\/2019\/08\/pai-300x164.jpeg 300w\" sizes=\"auto, (max-width: 660px) 100vw, 660px\" \/><\/div>\n<div data-google-query-id=\"CN3syYv8-eMCFWqExwodpEcCrQ\">\n<div class=\"media_box full-dimensions660x360\">\n<div class=\"content_image\">\n<h4 class=\"legend_box  \" style=\"text-align: justify;\">Dia dos Pais: Saiba a origem, hist\u00f3ria e significado<\/h4>\n<p><span class=\"credit_box \">Segredos do Mundo<\/span><\/div>\n<\/div>\n<p style=\"text-align: justify;\">O Dia do Pais tem a sua origem marcada no ano de 1909, nos Estados Unidos. Tudo come\u00e7ou com a iniciativa da garota\u00a0Sonora Louise Dodd, que quis fazer uma homenagem para o pr\u00f3prio pai em comemora\u00e7\u00e3o a seu anivers\u00e1rio.<\/p>\n<p style=\"text-align: justify;\">Por\u00e9m, havia um grande motivo para a menina fazer tamanha homenagem: o pai criara seis filhos completamente sozinho. Isso aconteceu pela da morte prematura de sua esposa.<\/p>\n<p style=\"text-align: justify;\">A data foi oficializada somente no ano de 1966, por decreto sancionado pelo ent\u00e3o presidente Lyndon Johnson. A data escolhida\u00a0 para a celebra\u00e7\u00e3o foi o terceiro de junho.<\/p>\n<p style=\"text-align: justify;\">Por\u00e9m, no Brasil, a data se tornou oficial apenas no dia 14 de agosto de 1953, quando o publicit\u00e1rio Sylvio Bering decidiu comemorar no dia de S\u00e3o Joaquim, que \u00e9 o patriarca das fam\u00edlias.<\/p>\n<p><img loading=\"lazy\" decoding=\"async\" class=\"alignnone size-full wp-image-3588\" src=\"https:\/\/jorgezanoni.com.br\/2019\/wp-content\/uploads\/2019\/08\/pai1.jpeg\" alt=\"\" width=\"660\" height=\"360\" srcset=\"https:\/\/jorgezanoni.com.br\/2019\/wp-content\/uploads\/2019\/08\/pai1.jpeg 660w, https:\/\/jorgezanoni.com.br\/2019\/wp-content\/uploads\/2019\/08\/pai1-300x164.jpeg 300w\" sizes=\"auto, (max-width: 660px) 100vw, 660px\" \/><\/p>\n<div class=\"media_box full-dimensions660x360\">\n<div class=\"content_image\">\n<h4 class=\"legend_box  \" style=\"text-align: justify;\">Dia dos Pais: Saiba a origem, hist\u00f3ria e significado<\/h4>\n<p><span class=\"credit_box \">Segredos do Mundo<\/span><\/div>\n<\/div>\n<p style=\"text-align: justify;\">Muito mais que seu car\u00e1ter voltado ao consumismo ou a ser apenas uma data de apelo popular presente no calend\u00e1rio, quem faz o significado dado ao Dia dos Pais \u00e9 cada um. Portanto, a celebra\u00e7\u00e3o desta data \u00e9 \u00fanica e particular em cada fam\u00edlia.<\/p>\n<p style=\"text-align: justify;\">Sendo assim, o sentimento presente \u00e9 plural e precisa ser real. Seja em um abra\u00e7o, um beijo, uma liga\u00e7\u00e3o, ou at\u00e9\u00a0<a href=\"https:\/\/areademulher.r7.com\/dicas-truques\/presente-de-dia-dos-pais-sugestoes-que-vao-de-r-5-r-5-mil\/\" target=\"_blank\" rel=\"noopener noreferrer\">um presente especial<\/a>. Portanto, que os pais querem neste dia \u00e9 se sentirem amados e lembrados pelos seus filhos.<\/p>\n<p style=\"text-align: justify;\">\u00c9 a data ideal para uma reconcilia\u00e7\u00e3o, se existir uma briga entre pai e filho, ou at\u00e9 para a ora\u00e7\u00e3o para a alma de um progenitor que j\u00e1 se foi. Fazer uma homenagem ao pai \u00e9 algo mais valioso que cada um pode fazer.<\/p>\n<p style=\"text-align: justify;\">Gostou desta mat\u00e9ria? Ent\u00e3o voc\u00ea vai gostar de conferir\u00a0<a href=\"https:\/\/segredosdomundo.r7.com\/dia-dos-pais-20-ideias-de-presentes-para-pais-descolados\/\" target=\"_blank\" rel=\"noopener noreferrer\">20 ideias de presentes para pais descolados<\/a>.<\/p>\n<p style=\"text-align: justify;\">Fonte\u00a0<a href=\"https:\/\/www.astrocentro.com.br\/blog\/mensagens\/mensagem-dia-dos-pais\/\" target=\"_blank\" rel=\"noopener noreferrer\">Astrocentro<\/a>,\u00a0<a href=\"https:\/\/oimparcial.com.br\/noticias\/2019\/08\/53-dicas-de-presentes-para-o-dia-dos-pais\/\" target=\"_blank\" rel=\"noopener noreferrer\">O imparcial<\/a>\u00a0 e\u00a0<a href=\"https:\/\/mindminers.com\/blog\/pesquisa-dia-dos-pais\/\" target=\"_blank\" rel=\"noopener noreferrer\">Mindminers<\/a>.<\/p>\n<p style=\"text-align: justify;\">\n<\/div>\n","protected":false},"excerpt":{"rendered":"<p>O Dia dos Pais \u00e9 hoje. Para aproveitar, trouxemos para voc\u00ea a origem desta data t\u00e3o especial e outras curiosidades sobre o dia O post Dia dos Pais \u2013 origem, hist\u00f3ria e significado da data apareceu primeiro em Segredos do Mundo. Celebrado sempre no segundo domingo do m\u00eas de agosto aqui no Brasil, o\u00a0Dia dos [&hellip;]<\/p>\n","protected":false},"author":1,"featured_media":3589,"comment_status":"closed","ping_status":"open","sticky":false,"template":"","format":"standard","meta":{"footnotes":""},"categories":[114,110],"tags":[],"class_list":["post-3586","post","type-post","status-publish","format-standard","has-post-thumbnail","hentry","category-geralecomercio","category-noticiasdestaque"],"_links":{"self":[{"href":"https:\/\/jorgezanoni.com.br\/2019\/wp-json\/wp\/v2\/posts\/3586","targetHints":{"allow":["GET"]}}],"collection":[{"href":"https:\/\/jorgezanoni.com.br\/2019\/wp-json\/wp\/v2\/posts"}],"about":[{"href":"https:\/\/jorgezanoni.com.br\/2019\/wp-json\/wp\/v2\/types\/post"}],"author":[{"embeddable":true,"href":"https:\/\/jorgezanoni.com.br\/2019\/wp-json\/wp\/v2\/users\/1"}],"replies":[{"embeddable":true,"href":"https:\/\/jorgezanoni.com.br\/2019\/wp-json\/wp\/v2\/comments?post=3586"}],"version-history":[{"count":0,"href":"https:\/\/jorgezanoni.com.br\/2019\/wp-json\/wp\/v2\/posts\/3586\/revisions"}],"wp:featuredmedia":[{"embeddable":true,"href":"https:\/\/jorgezanoni.com.br\/2019\/wp-json\/wp\/v2\/media\/3589"}],"wp:attachment":[{"href":"https:\/\/jorgezanoni.com.br\/2019\/wp-json\/wp\/v2\/media?parent=3586"}],"wp:term":[{"taxonomy":"category","embeddable":true,"href":"https:\/\/jorgezanoni.com.br\/2019\/wp-json\/wp\/v2\/categories?post=3586"},{"taxonomy":"post_tag","embeddable":true,"href":"https:\/\/jorgezanoni.com.br\/2019\/wp-json\/wp\/v2\/tags?post=3586"}],"curies":[{"name":"wp","href":"https:\/\/api.w.org\/{rel}","templated":true}]}}