{"id":35818,"date":"2020-09-29T11:48:07","date_gmt":"2020-09-29T11:48:07","guid":{"rendered":"https:\/\/jorgezanoni.com.br\/2019\/?p=35818"},"modified":"2020-09-29T12:07:23","modified_gmt":"2020-09-29T12:07:23","slug":"operacao-da-policia-civil-rar19-x-e-realizada-em-diversos-estados-inclusive-dracena","status":"publish","type":"post","link":"https:\/\/jorgezanoni.com.br\/2019\/operacao-da-policia-civil-rar19-x-e-realizada-em-diversos-estados-inclusive-dracena\/","title":{"rendered":"Opera\u00e7\u00e3o da Pol\u00edcia Civil RAIO X 19 \u00e9 realizada em diversos estados, inclusive Dracena"},"content":{"rendered":"<p><strong>POLICIA CIVIL DO ESTADO DE S\u00c3O PAULO DEFLAGRA OPERA\u00c7\u00c3O RARI9 X<\/strong><\/p>\n<p style=\"text-align: justify;\">A Pol\u00edcia Civil do Estado de S\u00e3o Paulo (DEINTER-10\/DEIC\/SECOCOLD) e o Minist\u00e9rio P\u00fablico do Estado de S\u00e3o Paulo (GAECO) deflagraram, na manha de hoje (29\/09\/2020), a opera\u00e7\u00e3o denominada \u201cRaio X\u201d visando desmantelar grupo criminoso especializado em desviar dinheiro destinado \u00e0 sa\u00fade mediante celebra\u00e7\u00e3o de contratos de gest\u00e3o entre munic\u00edpios e Organiza\u00e7\u00f5es Sociais.<\/p>\n<p style=\"text-align: justify;\">A investiga\u00e7\u00e3o, que conta com Inqu\u00e9ritos Policiais instaurados junto \u00e0s comarcas de Pen\u00e1polis e Birigui, teve a dura\u00e7\u00e3o de aproximadamente dois (02) anos, per\u00edodo este em que foi desvendado um gigantesco e sofisticado esquema de corrup\u00e7\u00e3o envolvendo agentes p\u00fablicos e o desvio de milh\u00f5es de reais em preju\u00edzo da sa\u00fade.<\/p>\n<p style=\"text-align: justify;\">As pris\u00f5es e as buscas ocorrer\u00e3o\u00a0 em dezenas de munic\u00edpio do Estado de S\u00e3o Paulo e em munic\u00edpios dos estados do Par\u00e1, Paran\u00e1, Minas Gerais e Mato Grosso do Sul.<\/p>\n<p style=\"text-align: justify;\">Para o cumprimento dos mandados foram convocados 520 policiais civis de todo Estado, 130 viaturas policiais e 02 helic\u00f3ptero da Policia Civil. Por parte do MPSP, 30 Promotores de Justi\u00e7a e 10 Agentes de Promotoria tamb\u00e9m participaram da opera\u00e7\u00e3o. Tamb\u00e9m cooperaram 200 policiais civis de outros estados e a Pol\u00edcia Federal no estado do Par\u00e1.<\/p>\n<p style=\"text-align: justify;\">Coletiva de imprensa \u00e0s 10 horas do dia 29\/09\/2020, no audit\u00f3rio da DEIC\/CPJ &#8211; Ara\u00e7atuba, com os delegados de pol\u00edcia e promotores de justi\u00e7a respons\u00e1veis pela investiga\u00e7\u00e3o.<\/p>\n<p style=\"text-align: justify;\">Na regi\u00e3o de Presidente Prudente, 30 policiais civis cumprem 6 mandados de busca e apreens\u00e3o e 01 pris\u00e3o tempor\u00e1ria nas cidades de Pacaembu, Florida Paulista e Dracena. Outras 10 equipes de policiais civis se deslocaram para Ara\u00e7atuba em aux\u00edlio as equipes daquela regi\u00e3o.<\/p>\n<p style=\"text-align: justify;\">Ao todo a Pol\u00edcia Civil da regi\u00e3o de Presidente Prudente emprega na opera\u00e7\u00e3o 78 policiais civis, um promotor de justi\u00e7a em 21 vtrs.<\/p>\n<p><img loading=\"lazy\" decoding=\"async\" class=\"alignnone size-full wp-image-35819\" src=\"https:\/\/jorgezanoni.com.br\/2019\/wp-content\/uploads\/2020\/09\/opera.jpg\" alt=\"\" width=\"1040\" height=\"780\" srcset=\"https:\/\/jorgezanoni.com.br\/2019\/wp-content\/uploads\/2020\/09\/opera.jpg 1040w, https:\/\/jorgezanoni.com.br\/2019\/wp-content\/uploads\/2020\/09\/opera-300x225.jpg 300w, https:\/\/jorgezanoni.com.br\/2019\/wp-content\/uploads\/2020\/09\/opera-1024x768.jpg 1024w, https:\/\/jorgezanoni.com.br\/2019\/wp-content\/uploads\/2020\/09\/opera-768x576.jpg 768w, https:\/\/jorgezanoni.com.br\/2019\/wp-content\/uploads\/2020\/09\/opera-80x60.jpg 80w, https:\/\/jorgezanoni.com.br\/2019\/wp-content\/uploads\/2020\/09\/opera-265x198.jpg 265w, https:\/\/jorgezanoni.com.br\/2019\/wp-content\/uploads\/2020\/09\/opera-696x522.jpg 696w, https:\/\/jorgezanoni.com.br\/2019\/wp-content\/uploads\/2020\/09\/opera-560x420.jpg 560w\" sizes=\"auto, (max-width: 1040px) 100vw, 1040px\" \/>In\u00edcio da opera\u00e7\u00e3o durante a madrugada<\/p>\n<p><img loading=\"lazy\" decoding=\"async\" class=\"alignnone size-full wp-image-35820\" src=\"https:\/\/jorgezanoni.com.br\/2019\/wp-content\/uploads\/2020\/09\/opera1.jpg\" alt=\"\" width=\"1280\" height=\"720\" srcset=\"https:\/\/jorgezanoni.com.br\/2019\/wp-content\/uploads\/2020\/09\/opera1.jpg 1280w, https:\/\/jorgezanoni.com.br\/2019\/wp-content\/uploads\/2020\/09\/opera1-300x169.jpg 300w, https:\/\/jorgezanoni.com.br\/2019\/wp-content\/uploads\/2020\/09\/opera1-1024x576.jpg 1024w, https:\/\/jorgezanoni.com.br\/2019\/wp-content\/uploads\/2020\/09\/opera1-768x432.jpg 768w, https:\/\/jorgezanoni.com.br\/2019\/wp-content\/uploads\/2020\/09\/opera1-696x392.jpg 696w, https:\/\/jorgezanoni.com.br\/2019\/wp-content\/uploads\/2020\/09\/opera1-1068x601.jpg 1068w, https:\/\/jorgezanoni.com.br\/2019\/wp-content\/uploads\/2020\/09\/opera1-747x420.jpg 747w\" sizes=\"auto, (max-width: 1280px) 100vw, 1280px\" \/>Santa Casa de Pacaembu<\/p>\n<p><img loading=\"lazy\" decoding=\"async\" class=\"alignnone size-full wp-image-35821\" src=\"https:\/\/jorgezanoni.com.br\/2019\/wp-content\/uploads\/2020\/09\/opera2.jpg\" alt=\"\" width=\"1280\" height=\"720\" srcset=\"https:\/\/jorgezanoni.com.br\/2019\/wp-content\/uploads\/2020\/09\/opera2.jpg 1280w, https:\/\/jorgezanoni.com.br\/2019\/wp-content\/uploads\/2020\/09\/opera2-300x169.jpg 300w, https:\/\/jorgezanoni.com.br\/2019\/wp-content\/uploads\/2020\/09\/opera2-1024x576.jpg 1024w, https:\/\/jorgezanoni.com.br\/2019\/wp-content\/uploads\/2020\/09\/opera2-768x432.jpg 768w, https:\/\/jorgezanoni.com.br\/2019\/wp-content\/uploads\/2020\/09\/opera2-696x392.jpg 696w, https:\/\/jorgezanoni.com.br\/2019\/wp-content\/uploads\/2020\/09\/opera2-1068x601.jpg 1068w, https:\/\/jorgezanoni.com.br\/2019\/wp-content\/uploads\/2020\/09\/opera2-747x420.jpg 747w\" sizes=\"auto, (max-width: 1280px) 100vw, 1280px\" \/>Resid\u00eancia em Dracena<\/p>\n<p><img loading=\"lazy\" decoding=\"async\" class=\"alignnone size-full wp-image-35822\" src=\"https:\/\/jorgezanoni.com.br\/2019\/wp-content\/uploads\/2020\/09\/opera3.jpg\" alt=\"\" width=\"1280\" height=\"720\" srcset=\"https:\/\/jorgezanoni.com.br\/2019\/wp-content\/uploads\/2020\/09\/opera3.jpg 1280w, https:\/\/jorgezanoni.com.br\/2019\/wp-content\/uploads\/2020\/09\/opera3-300x169.jpg 300w, https:\/\/jorgezanoni.com.br\/2019\/wp-content\/uploads\/2020\/09\/opera3-1024x576.jpg 1024w, https:\/\/jorgezanoni.com.br\/2019\/wp-content\/uploads\/2020\/09\/opera3-768x432.jpg 768w, https:\/\/jorgezanoni.com.br\/2019\/wp-content\/uploads\/2020\/09\/opera3-696x392.jpg 696w, https:\/\/jorgezanoni.com.br\/2019\/wp-content\/uploads\/2020\/09\/opera3-1068x601.jpg 1068w, https:\/\/jorgezanoni.com.br\/2019\/wp-content\/uploads\/2020\/09\/opera3-747x420.jpg 747w\" sizes=\"auto, (max-width: 1280px) 100vw, 1280px\" \/>Produtos apreendidos em Dracena<\/p>\n<p>Fonte: Assessoria de Imprensa Deinter 8<\/p>\n","protected":false},"excerpt":{"rendered":"<p>POLICIA CIVIL DO ESTADO DE S\u00c3O PAULO DEFLAGRA OPERA\u00c7\u00c3O RARI9 X A Pol\u00edcia Civil do Estado de S\u00e3o Paulo (DEINTER-10\/DEIC\/SECOCOLD) e o Minist\u00e9rio P\u00fablico do Estado de S\u00e3o Paulo (GAECO) deflagraram, na manha de hoje (29\/09\/2020), a opera\u00e7\u00e3o denominada \u201cRaio X\u201d visando desmantelar grupo criminoso especializado em desviar dinheiro destinado \u00e0 sa\u00fade mediante celebra\u00e7\u00e3o de [&hellip;]<\/p>\n","protected":false},"author":1,"featured_media":35822,"comment_status":"closed","ping_status":"open","sticky":false,"template":"","format":"standard","meta":{"footnotes":""},"categories":[110,2],"tags":[],"class_list":["post-35818","post","type-post","status-publish","format-standard","has-post-thumbnail","hentry","category-noticiasdestaque","category-policial"],"_links":{"self":[{"href":"https:\/\/jorgezanoni.com.br\/2019\/wp-json\/wp\/v2\/posts\/35818","targetHints":{"allow":["GET"]}}],"collection":[{"href":"https:\/\/jorgezanoni.com.br\/2019\/wp-json\/wp\/v2\/posts"}],"about":[{"href":"https:\/\/jorgezanoni.com.br\/2019\/wp-json\/wp\/v2\/types\/post"}],"author":[{"embeddable":true,"href":"https:\/\/jorgezanoni.com.br\/2019\/wp-json\/wp\/v2\/users\/1"}],"replies":[{"embeddable":true,"href":"https:\/\/jorgezanoni.com.br\/2019\/wp-json\/wp\/v2\/comments?post=35818"}],"version-history":[{"count":0,"href":"https:\/\/jorgezanoni.com.br\/2019\/wp-json\/wp\/v2\/posts\/35818\/revisions"}],"wp:featuredmedia":[{"embeddable":true,"href":"https:\/\/jorgezanoni.com.br\/2019\/wp-json\/wp\/v2\/media\/35822"}],"wp:attachment":[{"href":"https:\/\/jorgezanoni.com.br\/2019\/wp-json\/wp\/v2\/media?parent=35818"}],"wp:term":[{"taxonomy":"category","embeddable":true,"href":"https:\/\/jorgezanoni.com.br\/2019\/wp-json\/wp\/v2\/categories?post=35818"},{"taxonomy":"post_tag","embeddable":true,"href":"https:\/\/jorgezanoni.com.br\/2019\/wp-json\/wp\/v2\/tags?post=35818"}],"curies":[{"name":"wp","href":"https:\/\/api.w.org\/{rel}","templated":true}]}}