{"id":35815,"date":"2020-09-29T01:24:33","date_gmt":"2020-09-29T01:24:33","guid":{"rendered":"https:\/\/jorgezanoni.com.br\/2019\/?p=35815"},"modified":"2020-09-29T01:24:34","modified_gmt":"2020-09-29T01:24:34","slug":"bebe-de-apenas-1-mes-e-21-dias-de-vida-morre-apos-ser-amamentada-pela-mae-em-alvares-machado","status":"publish","type":"post","link":"https:\/\/jorgezanoni.com.br\/2019\/bebe-de-apenas-1-mes-e-21-dias-de-vida-morre-apos-ser-amamentada-pela-mae-em-alvares-machado\/","title":{"rendered":"Beb\u00ea de apenas 1 m\u00eas e 21 dias de vida morre ap\u00f3s ser amamentada pela m\u00e3e em \u00c1lvares Machado"},"content":{"rendered":"<h2 class=\"content-head__subtitle\" style=\"text-align: justify;\"><strong>Em uma rede social, a m\u00e3e da crian\u00e7a publicou uma declara\u00e7\u00e3o de amor \u00e0 filha juntamente com um v\u00eddeo em que aparece a beb\u00ea.<\/strong><\/h2>\n<div class=\"mc-column content-text active-extra-styles \" data-block-type=\"unstyled\" data-block-weight=\"27\" data-block-id=\"2\">\n<p class=\"content-text__container \" style=\"text-align: justify;\" data-track-category=\"Link no Texto\" data-track-links=\"\">Uma beb\u00ea de apenas um m\u00eas e 21 dias de vida morreu em\u00a0<a href=\"https:\/\/g1.globo.com\/sp\/presidente-prudente-regiao\/cidade\/alvares-machado\/\">\u00c1lvares Machado (SP)<\/a>, v\u00edtima de uma parada respirat\u00f3ria, ap\u00f3s ter sido amamentada pela m\u00e3e.<\/p>\n<\/div>\n<div class=\"wall protected-content\">\n<div class=\"mc-column content-text active-extra-styles \" style=\"text-align: justify;\" data-block-type=\"unstyled\" data-block-weight=\"24\" data-block-id=\"3\">\n<p class=\"content-text__container \" data-track-category=\"Link no Texto\" data-track-links=\"\">Foi o av\u00f4 paterno da crian\u00e7a quem compareceu \u00e0 Delegacia da Pol\u00edcia Civil e comunicou o caso, que foi registrado como morte suspeita acidental.<\/p>\n<\/div>\n<div class=\"mc-column content-text active-extra-styles \" style=\"text-align: justify;\" data-block-type=\"unstyled\" data-block-weight=\"36\" data-block-id=\"4\">\n<p class=\"content-text__container \" data-track-category=\"Link no Texto\" data-track-links=\"\">De acordo com a pol\u00edcia, o av\u00f4 contou que recebeu uma liga\u00e7\u00e3o do filho o chamando para se dirigir \u00e0 sua resid\u00eancia. Ao chegar ao local, ele observou que a crian\u00e7a apresentava o rosto roxo.<\/p>\n<\/div>\n<div class=\"mc-column content-text active-extra-styles \" style=\"text-align: justify;\" data-block-type=\"unstyled\" data-block-weight=\"48\" data-block-id=\"5\">\n<p class=\"content-text__container \" data-track-category=\"Link no Texto\" data-track-links=\"\">O Corpo de Bombeiros foi acionado para prestar o socorro e levou a beb\u00ea \u00e0 Santa Casa de \u00c1lvares Machado, onde foi constatado o \u00f3bito por parada respirat\u00f3ria, neste domingo (27). O m\u00e9dico plantonista encaminhou o familiar para realizar o Boletim de Ocorr\u00eancia, segundo a Pol\u00edcia Civil.<\/p>\n<\/div>\n<div class=\"mc-column content-text active-extra-styles \" style=\"text-align: justify;\" data-block-type=\"unstyled\" data-block-weight=\"23\" data-block-id=\"6\">\n<p class=\"content-text__container \" data-track-category=\"Link no Texto\" data-track-links=\"\">No boletim, a informa\u00e7\u00e3o prestada pelo familiar foi a de que a m\u00e3e da crian\u00e7a, ap\u00f3s t\u00ea-la amamentado, teria adormecido sobre a beb\u00ea.<\/p>\n<\/div>\n<div class=\"mc-column content-text active-extra-styles \" style=\"text-align: justify;\" data-block-type=\"unstyled\" data-block-weight=\"19\" data-block-id=\"7\">\n<p class=\"content-text__container \" data-track-category=\"Link no Texto\" data-track-links=\"\">Ainda conforme a pol\u00edcia, foi solicitado exame necrosc\u00f3pico da crian\u00e7a ao Instituto M\u00e9dico Legal (IML), em Presidente Prudente (SP).<\/p>\n<\/div>\n<div class=\"mc-column content-text active-extra-styles \" style=\"text-align: justify;\" data-block-type=\"unstyled\" data-block-weight=\"33\" data-block-id=\"8\">\n<p class=\"content-text__container \" data-track-category=\"Link no Texto\" data-track-links=\"\">A Pol\u00edcia Civil informou que foi instaurado inqu\u00e9rito policial para apurar o caso e que, al\u00e9m do exame, ser\u00e3o ouvidos depoimentos dos pais e m\u00e9dico para apurar a causa da morte da crian\u00e7a.<\/p>\n<\/div>\n<div class=\"content-ads content-ads--reveal\" style=\"text-align: justify;\" data-block-type=\"ads\" data-block-id=\"9\">\n<div id=\"banner_materia2\" class=\"tag-manager-publicidade-container mc-has-reveal mc-has-ad-lazyload\" data-id=\"banner_materia2\"><\/div>\n<\/div>\n<div class=\"mc-column content-text active-extra-styles \" style=\"text-align: justify;\" data-block-type=\"unstyled\" data-block-weight=\"21\" data-block-id=\"10\">\n<p class=\"content-text__container \" data-track-category=\"Link no Texto\" data-track-links=\"\">A beb\u00ea foi sepultada, na tarde desta segunda-feira (28), no Cemit\u00e9rio Municipal do distrito de Nova P\u00e1tria, em Presidente Bernardes (SP).<\/p>\n<\/div>\n<div class=\"mc-column content-text active-extra-styles \" style=\"text-align: justify;\" data-block-type=\"unstyled\" data-block-weight=\"24\" data-block-id=\"11\">\n<p class=\"content-text__container \" data-track-category=\"Link no Texto\" data-track-links=\"\">Em uma rede social, a m\u00e3e da crian\u00e7a publicou uma declara\u00e7\u00e3o de amor \u00e0 filha juntamente com um v\u00eddeo em que aparece a beb\u00ea.<\/p>\n<\/div>\n<div class=\"mc-column content-text active-extra-styles\" style=\"text-align: justify;\" data-block-type=\"raw\" data-block-weight=\"27\" data-block-id=\"12\">\n<blockquote class=\"content-blockquote theme-border-color-primary-before\"><p>&#8220;Saiba q msm a\u00ed no Ceu, distante da gente agnt nunca vai deixar e te amar ou te esquecer um s\u00f3 dia [sic]&#8221;, disse a m\u00e3e.<\/p><\/blockquote>\n<\/div>\n<div class=\"mc-column content-text active-extra-styles \" style=\"text-align: justify;\" data-block-type=\"unstyled\" data-block-weight=\"34\" data-block-id=\"13\">\n<p class=\"content-text__container \" data-track-category=\"Link no Texto\" data-track-links=\"\">&#8220;Meu cora\u00e7\u00e3o doi, meu cora\u00e7\u00e3o doi, meu cora\u00e7\u00e3o doi que saudades e vc minha pequena, que saudades de vc meu amor, saudade essa q nunca passar\u00e1 [sic]&#8221;, prosseguiu a mulher (<strong><em>veja a reprodu\u00e7\u00e3o abaixo<\/em><\/strong>).<\/p>\n<\/div>\n<div class=\"row medium-uncollapsed content-media content-photo\" data-block-type=\"backstage-photo\" data-block-id=\"14\">\n<div class=\"mc-column content-media__container\">\n<figure style=\"text-align: justify;\"><img decoding=\"async\" class=\"i-amphtml-fill-content i-amphtml-replaced-content\" src=\"https:\/\/s2.glbimg.com\/FG_eegvv-KedvaK5kdZ8wSTNghg=\/0x0:2000x2394\/984x0\/smart\/filters:strip_icc()\/i.s3.glbimg.com\/v1\/AUTH_59edd422c0c84a879bd37670ae4f538a\/internal_photos\/bs\/2020\/n\/m\/eSc5cUQ1S3sWJ87CuAqg\/print-g1-bebe.jpg\" sizes=\"(max-width: 1366px) 648px, 100vw\" srcset=\"https:\/\/s2.glbimg.com\/3wgvXP6gcKzQuMHc7mmcsLfqN-s=\/0x0:2000x2394\/1000x0\/smart\/filters:strip_icc()\/i.s3.glbimg.com\/v1\/AUTH_59edd422c0c84a879bd37670ae4f538a\/internal_photos\/bs\/2020\/n\/m\/eSc5cUQ1S3sWJ87CuAqg\/print-g1-bebe.jpg 1000w, https:\/\/s2.glbimg.com\/FG_eegvv-KedvaK5kdZ8wSTNghg=\/0x0:2000x2394\/984x0\/smart\/filters:strip_icc()\/i.s3.glbimg.com\/v1\/AUTH_59edd422c0c84a879bd37670ae4f538a\/internal_photos\/bs\/2020\/n\/m\/eSc5cUQ1S3sWJ87CuAqg\/print-g1-bebe.jpg 984w, https:\/\/s2.glbimg.com\/UZVLGo2645MXwZExPcTljZgI2_w=\/0x0:2000x2394\/640x0\/smart\/filters:strip_icc()\/i.s3.glbimg.com\/v1\/AUTH_59edd422c0c84a879bd37670ae4f538a\/internal_photos\/bs\/2020\/n\/m\/eSc5cUQ1S3sWJ87CuAqg\/print-g1-bebe.jpg 640w, https:\/\/s2.glbimg.com\/gZdirKvgq3WAm80N-kQWcrA8kPQ=\/0x0:2000x2394\/600x0\/smart\/filters:strip_icc()\/i.s3.glbimg.com\/v1\/AUTH_59edd422c0c84a879bd37670ae4f538a\/internal_photos\/bs\/2020\/n\/m\/eSc5cUQ1S3sWJ87CuAqg\/print-g1-bebe.jpg 600w\" alt=\"M\u00e3e da crian\u00e7a publicou uma declara\u00e7\u00e3o de amor \u00e0 filha em rede social   \u2014 Foto: Reprodu\u00e7\u00e3o\/Facebook\" \/><\/figure>\n<p class=\"content-media__description \" style=\"text-align: justify;\">M\u00e3e da crian\u00e7a publicou uma declara\u00e7\u00e3o de amor \u00e0 filha em rede social \u2014 Foto: Reprodu\u00e7\u00e3o\/Facebook<\/p>\n<p>Fonte: G1<\/p>\n<\/div>\n<\/div>\n<\/div>\n","protected":false},"excerpt":{"rendered":"<p>Em uma rede social, a m\u00e3e da crian\u00e7a publicou uma declara\u00e7\u00e3o de amor \u00e0 filha juntamente com um v\u00eddeo em que aparece a beb\u00ea. Uma beb\u00ea de apenas um m\u00eas e 21 dias de vida morreu em\u00a0\u00c1lvares Machado (SP), v\u00edtima de uma parada respirat\u00f3ria, ap\u00f3s ter sido amamentada pela m\u00e3e. Foi o av\u00f4 paterno da [&hellip;]<\/p>\n","protected":false},"author":1,"featured_media":35816,"comment_status":"closed","ping_status":"open","sticky":false,"template":"","format":"standard","meta":{"footnotes":""},"categories":[110,2],"tags":[],"class_list":["post-35815","post","type-post","status-publish","format-standard","has-post-thumbnail","hentry","category-noticiasdestaque","category-policial"],"_links":{"self":[{"href":"https:\/\/jorgezanoni.com.br\/2019\/wp-json\/wp\/v2\/posts\/35815","targetHints":{"allow":["GET"]}}],"collection":[{"href":"https:\/\/jorgezanoni.com.br\/2019\/wp-json\/wp\/v2\/posts"}],"about":[{"href":"https:\/\/jorgezanoni.com.br\/2019\/wp-json\/wp\/v2\/types\/post"}],"author":[{"embeddable":true,"href":"https:\/\/jorgezanoni.com.br\/2019\/wp-json\/wp\/v2\/users\/1"}],"replies":[{"embeddable":true,"href":"https:\/\/jorgezanoni.com.br\/2019\/wp-json\/wp\/v2\/comments?post=35815"}],"version-history":[{"count":0,"href":"https:\/\/jorgezanoni.com.br\/2019\/wp-json\/wp\/v2\/posts\/35815\/revisions"}],"wp:featuredmedia":[{"embeddable":true,"href":"https:\/\/jorgezanoni.com.br\/2019\/wp-json\/wp\/v2\/media\/35816"}],"wp:attachment":[{"href":"https:\/\/jorgezanoni.com.br\/2019\/wp-json\/wp\/v2\/media?parent=35815"}],"wp:term":[{"taxonomy":"category","embeddable":true,"href":"https:\/\/jorgezanoni.com.br\/2019\/wp-json\/wp\/v2\/categories?post=35815"},{"taxonomy":"post_tag","embeddable":true,"href":"https:\/\/jorgezanoni.com.br\/2019\/wp-json\/wp\/v2\/tags?post=35815"}],"curies":[{"name":"wp","href":"https:\/\/api.w.org\/{rel}","templated":true}]}}