{"id":35798,"date":"2020-09-29T00:03:50","date_gmt":"2020-09-29T00:03:50","guid":{"rendered":"https:\/\/jorgezanoni.com.br\/2019\/?p=35798"},"modified":"2020-09-29T00:03:50","modified_gmt":"2020-09-29T00:03:50","slug":"governo-de-sp-e-ugt-realizam-primeiro-mutirao-virtual-de-emprego-com-mais-de-10-mil-vagas","status":"publish","type":"post","link":"https:\/\/jorgezanoni.com.br\/2019\/governo-de-sp-e-ugt-realizam-primeiro-mutirao-virtual-de-emprego-com-mais-de-10-mil-vagas\/","title":{"rendered":"Governo de SP e UGT realizam primeiro mutir\u00e3o virtual de emprego com mais de 10 mil vagas"},"content":{"rendered":"<p style=\"text-align: justify;\">O cadastro dos curr\u00edculos poder\u00e1 ser realizado pela plataforma Meu Emprego Vaga Certa a partir desta segunda-feira (28); interessados tamb\u00e9m ter\u00e3o \u00e0 disposi\u00e7\u00e3o cursos de qualifica\u00e7\u00e3o profissional<\/p>\n<p style=\"text-align: justify;\">O Governador Jo\u00e3o Doria anunciou nesta segunda-feira (28) o in\u00edcio da 5\u00aa edi\u00e7\u00e3o do Mutir\u00e3o de Empregos, realizado nos anos anteriores no Vale do Anhangaba\u00fa, com a oferta de mais de 10 mil vagas pela plataforma Meu Emprego Vaga Certa. Em raz\u00e3o da pandemia do coronav\u00edrus, o evento este ano acontecer\u00e1 virtualmente pela primeira vez. A iniciativa \u00e9 uma parceria do Governo de S\u00e3o Paulo e da Uni\u00e3o Geral dos Trabalhadores (UGT).<\/p>\n<p style=\"text-align: justify;\">\u201c\u00c9 a maior oferta de vagas de trabalho na hist\u00f3ria dos mutir\u00f5es em S\u00e3o Paulo e no Brasil. Devido \u00e0 pandemia, a inscri\u00e7\u00e3o ser\u00e1 online, o que vai facilitar o trabalho daqueles que buscam a sua oportunidade de trabalho e tamb\u00e9m a seguran\u00e7a dos trabalhadores\u201d, afirmou Doria.<\/p>\n<p style=\"text-align: justify;\">A a\u00e7\u00e3o ainda conta com a parceria do Centro Paula Souza e do Sebrae-SP, que oferecer\u00e1 inscri\u00e7\u00f5es para cursos de qualifica\u00e7\u00e3o profissional. A iniciativa \u00e9 gratuita e ocorrer\u00e1 at\u00e9 o dia 9 de outubro.<\/p>\n<p style=\"text-align: justify;\">\u201cNesse mutir\u00e3o, temos uma oportunidade de aplicarmos novas tecnologias dada \u00e0 inviabilidade de termos multid\u00f5es nesse momento. Estamos fazendo as inscri\u00e7\u00f5es utilizando a plataforma online e tamb\u00e9m expandindo para todo o estado, cobrindo a capital, o interior e o litoral do Estado\u201d, disse Patricia Ellen, Secret\u00e1ria de<br \/>\nDesenvolvimento Econ\u00f4mico.<\/p>\n<p style=\"text-align: justify;\">Entre as oportunidades de trabalho, h\u00e1 vagas para as \u00e1reas de atendimento, operador de loja, vendedor, promotor de vendas, desenvolvedor de aplica\u00e7\u00f5es, entre outras, incluindo op\u00e7\u00f5es de emprego para pessoa com defici\u00eancia. As empresas de todo o estado podem participar da iniciativa cadastrando as oportunidades de emprego, o que deve aumentar o n\u00famero de regi\u00f5es e vagas oferecidas.<\/p>\n<p style=\"text-align: justify;\">Cadastro dos curr\u00edculos<\/p>\n<p style=\"text-align: justify;\">A primeira etapa do mutir\u00e3o ser\u00e1 realizada entre os dias 28 de setembro e 2 de outubro. Neste per\u00edodo, os interessados poder\u00e3o cadastrar o curr\u00edculo pelo site www.meuemprego.sp.gov.br\/vagacerta. Os Postos de Atendimento ao Trabalhador (PATs) do estado estar\u00e3o dispon\u00edveis para auxiliar os cidad\u00e3os sem acesso \u00e0 internet.<\/p>\n<p style=\"text-align: justify;\">Na semana de 5 a 9 de outubro, as empresas participantes realizar\u00e3o a sele\u00e7\u00e3o dos perfis. Os candidatos ser\u00e3o visualizados por ordem de cadastro, ou seja, quem tiver realizado a inscri\u00e7\u00e3o no primeiro dia, ter\u00e1 prioridade de atendimento. Ap\u00f3s o cadastro dos curr\u00edculos, os participantes poder\u00e3o ser direcionados para o site do Poupatempo e acessar diversos servi\u00e7os digitais do Estado, incluindo a carteira de trabalho digital.<\/p>\n<p style=\"text-align: justify;\">A plataforma Meu Emprego Vaga Certa foi desenvolvida pela Crafty, startup de tecnologia, em parceria com a Secretaria de Desenvolvimento Econ\u00f4mico.<\/p>\n<p style=\"text-align: justify;\">Cursos gratuitos de qualifica\u00e7\u00e3o profissional<\/p>\n<p style=\"text-align: justify;\">Enquanto aguarda o contato das empresas, o candidato pode se inscrever para participar de cursos de qualifica\u00e7\u00e3o profissional do Programa Empreenda R\u00e1pido ou dos cursos EAD oferecidos pelo Via R\u00e1pida Virtual, em parceria com a UNIVESP. S\u00e3o cursos na \u00e1rea de gest\u00e3o de neg\u00f3cios, finan\u00e7as, planejamento empresarial, tecnologia e idiomas.<\/p>\n<p style=\"text-align: justify;\">H\u00e1 tamb\u00e9m op\u00e7\u00f5es de cursos customizados do Programa Minha Chance na plataforma do Via R\u00e1pida, formatados pelo Centro Paula Souza especialmente para atender \u00e0s necessidades das empresas Atento, Niazi Chohfi e Carrefour. No total, s\u00e3o 600 vagas de qualifica\u00e7\u00e3o nas \u00e1reas de telemarketing, t\u00e9cnica de vendas e estoquista.<\/p>\n<p style=\"text-align: justify;\">Servi\u00e7o<br \/>\nEvento: 1\u00ba Mutir\u00e3o de Emprego online<br \/>\nData: 28 de setembro a 9 de outubro<br \/>\nComo se candidatar? O cadastro do curr\u00edculo deve ser feito pelo site www.meuemprego.sp.gov.br\/vagacerta .<\/p>\n<p style=\"text-align: justify;\">Assessoria de Imprensa<br \/>\nSecretaria de Desenvolvimento Econ\u00f4mico<br \/>\nimprensa@sde.sp.gov.br<\/p>\n","protected":false},"excerpt":{"rendered":"<p>O cadastro dos curr\u00edculos poder\u00e1 ser realizado pela plataforma Meu Emprego Vaga Certa a partir desta segunda-feira (28); interessados tamb\u00e9m ter\u00e3o \u00e0 disposi\u00e7\u00e3o cursos de qualifica\u00e7\u00e3o profissional O Governador Jo\u00e3o Doria anunciou nesta segunda-feira (28) o in\u00edcio da 5\u00aa edi\u00e7\u00e3o do Mutir\u00e3o de Empregos, realizado nos anos anteriores no Vale do Anhangaba\u00fa, com a oferta [&hellip;]<\/p>\n","protected":false},"author":1,"featured_media":35799,"comment_status":"closed","ping_status":"open","sticky":false,"template":"","format":"standard","meta":{"footnotes":""},"categories":[114,110],"tags":[],"class_list":["post-35798","post","type-post","status-publish","format-standard","has-post-thumbnail","hentry","category-geralecomercio","category-noticiasdestaque"],"_links":{"self":[{"href":"https:\/\/jorgezanoni.com.br\/2019\/wp-json\/wp\/v2\/posts\/35798","targetHints":{"allow":["GET"]}}],"collection":[{"href":"https:\/\/jorgezanoni.com.br\/2019\/wp-json\/wp\/v2\/posts"}],"about":[{"href":"https:\/\/jorgezanoni.com.br\/2019\/wp-json\/wp\/v2\/types\/post"}],"author":[{"embeddable":true,"href":"https:\/\/jorgezanoni.com.br\/2019\/wp-json\/wp\/v2\/users\/1"}],"replies":[{"embeddable":true,"href":"https:\/\/jorgezanoni.com.br\/2019\/wp-json\/wp\/v2\/comments?post=35798"}],"version-history":[{"count":0,"href":"https:\/\/jorgezanoni.com.br\/2019\/wp-json\/wp\/v2\/posts\/35798\/revisions"}],"wp:featuredmedia":[{"embeddable":true,"href":"https:\/\/jorgezanoni.com.br\/2019\/wp-json\/wp\/v2\/media\/35799"}],"wp:attachment":[{"href":"https:\/\/jorgezanoni.com.br\/2019\/wp-json\/wp\/v2\/media?parent=35798"}],"wp:term":[{"taxonomy":"category","embeddable":true,"href":"https:\/\/jorgezanoni.com.br\/2019\/wp-json\/wp\/v2\/categories?post=35798"},{"taxonomy":"post_tag","embeddable":true,"href":"https:\/\/jorgezanoni.com.br\/2019\/wp-json\/wp\/v2\/tags?post=35798"}],"curies":[{"name":"wp","href":"https:\/\/api.w.org\/{rel}","templated":true}]}}