{"id":35792,"date":"2020-09-28T23:33:39","date_gmt":"2020-09-28T23:33:39","guid":{"rendered":"https:\/\/jorgezanoni.com.br\/2019\/?p=35792"},"modified":"2020-09-28T23:33:39","modified_gmt":"2020-09-28T23:33:39","slug":"policia-militar-prende-homem-por-violencia-domestica-e-ameaca-por-arma-branca-em-panorama","status":"publish","type":"post","link":"https:\/\/jorgezanoni.com.br\/2019\/policia-militar-prende-homem-por-violencia-domestica-e-ameaca-por-arma-branca-em-panorama\/","title":{"rendered":"Pol\u00edcia Militar prende homem por viol\u00eancia dom\u00e9stica e amea\u00e7a por arma branca em Panorama"},"content":{"rendered":"<div class=\"kvgmc6g5 cxmmr5t8 oygrvhab hcukyx3x c1et5uql ii04i59q\">\n<div dir=\"auto\" style=\"text-align: justify;\">Na noite de s\u00e1bado (26), a Policia Militar foi acionada via COPOM para atendimento de ocorr\u00eancia de viol\u00eancia dom\u00e9stica, no bairro Quinta das Iaras em Panorama\/SP, a v\u00edtima (feminina \/ menor) declarou que ap\u00f3s questionar seu am\u00e1sio (18 anos) em rela\u00e7\u00e3o ao hor\u00e1rio que havia chegado em casa, ficou extremamente agressivo, desferindo lhe socos e chutes pelo corpo, e amea\u00e7ando-a com uma faca de cozinha dizendo que iria mata-la. No local dos fatos, a equipe policial conteve o agressor, que ao ser questionado, confirmou a vers\u00e3o da v\u00edtima. Devido as les\u00f5es, a v\u00edtima foi conduzida ao Pronto Atendimento de Panorama\/SP, onde passou por atendimento m\u00e9dico e liberada posteriormente. Diante dos fatos, foi dado voz de pris\u00e3o em flagrante delito ao agressor por viol\u00eancia dom\u00e9stica, amea\u00e7a e solicitada a medida protetiva \u00e0 v\u00edtima, permanecendo o agressor a disposi\u00e7\u00e3o da Justi\u00e7a.<\/div>\n<\/div>\n<div class=\"o9v6fnle cxmmr5t8 oygrvhab hcukyx3x c1et5uql ii04i59q\" style=\"text-align: justify;\">\n<div dir=\"auto\"><a class=\"oajrlxb2 g5ia77u1 qu0x051f esr5mh6w e9989ue4 r7d6kgcz rq0escxv nhd2j8a9 nc684nl6 p7hjln8o kvgmc6g5 cxmmr5t8 oygrvhab hcukyx3x jb3vyjys rz4wbd8a qt6c0cv9 a8nywdso i1ao9s8h esuyzwwr f1sip0of lzcic4wl q66pz984 gpro0wi8 b1v8xokw\" tabindex=\"0\" role=\"link\" href=\"https:\/\/www.facebook.com\/hashtag\/25bpmi4ciapm?__eep__=6&amp;__cft__[0]=AZV43hYEU0c-9JWVhWeSQlGGJ-ZE1kSTYyO5mqZoMR9CdKdZBpR2Y3_EeBqADQPmpr9U8ccRc82teDke7WB17cOZkVux0haDLLXRcbkG1Em6818zrASkc_Li2k2eiGQ9utw&amp;__tn__=*NK-R\">#25BPMI4CIAPM<\/a><\/div>\n<div dir=\"auto\"><a class=\"oajrlxb2 g5ia77u1 qu0x051f esr5mh6w e9989ue4 r7d6kgcz rq0escxv nhd2j8a9 nc684nl6 p7hjln8o kvgmc6g5 cxmmr5t8 oygrvhab hcukyx3x jb3vyjys rz4wbd8a qt6c0cv9 a8nywdso i1ao9s8h esuyzwwr f1sip0of lzcic4wl q66pz984 gpro0wi8 b1v8xokw\" tabindex=\"0\" role=\"link\" href=\"https:\/\/www.facebook.com\/hashtag\/pol%C3%ADciamilitarsp?__eep__=6&amp;__cft__[0]=AZV43hYEU0c-9JWVhWeSQlGGJ-ZE1kSTYyO5mqZoMR9CdKdZBpR2Y3_EeBqADQPmpr9U8ccRc82teDke7WB17cOZkVux0haDLLXRcbkG1Em6818zrASkc_Li2k2eiGQ9utw&amp;__tn__=*NK-R\">#POL\u00cdCIAMILITARSP<\/a><\/div>\n<div dir=\"auto\"><a class=\"oajrlxb2 g5ia77u1 qu0x051f esr5mh6w e9989ue4 r7d6kgcz rq0escxv nhd2j8a9 nc684nl6 p7hjln8o kvgmc6g5 cxmmr5t8 oygrvhab hcukyx3x jb3vyjys rz4wbd8a qt6c0cv9 a8nywdso i1ao9s8h esuyzwwr f1sip0of lzcic4wl q66pz984 gpro0wi8 b1v8xokw\" tabindex=\"0\" role=\"link\" href=\"https:\/\/www.facebook.com\/hashtag\/afor%C3%A7ap%C3%BAblicades%C3%A3opaulo?__eep__=6&amp;__cft__[0]=AZV43hYEU0c-9JWVhWeSQlGGJ-ZE1kSTYyO5mqZoMR9CdKdZBpR2Y3_EeBqADQPmpr9U8ccRc82teDke7WB17cOZkVux0haDLLXRcbkG1Em6818zrASkc_Li2k2eiGQ9utw&amp;__tn__=*NK-R\">#AFOR\u00c7AP\u00daBLICADES\u00c3OPAULO<\/a><\/div>\n<\/div>\n<div class=\"o9v6fnle cxmmr5t8 oygrvhab hcukyx3x c1et5uql ii04i59q\">\n<div dir=\"auto\" style=\"text-align: justify;\">COMUNICA\u00c7\u00c3O SOCIAL DO 25\u00ba BPM\/I 4\u00aa CIA PM<\/div>\n<\/div>\n","protected":false},"excerpt":{"rendered":"<p>Na noite de s\u00e1bado (26), a Policia Militar foi acionada via COPOM para atendimento de ocorr\u00eancia de viol\u00eancia dom\u00e9stica, no bairro Quinta das Iaras em Panorama\/SP, a v\u00edtima (feminina \/ menor) declarou que ap\u00f3s questionar seu am\u00e1sio (18 anos) em rela\u00e7\u00e3o ao hor\u00e1rio que havia chegado em casa, ficou extremamente agressivo, desferindo lhe socos e [&hellip;]<\/p>\n","protected":false},"author":1,"featured_media":35793,"comment_status":"closed","ping_status":"open","sticky":false,"template":"","format":"standard","meta":{"footnotes":""},"categories":[110,2],"tags":[],"class_list":["post-35792","post","type-post","status-publish","format-standard","has-post-thumbnail","hentry","category-noticiasdestaque","category-policial"],"_links":{"self":[{"href":"https:\/\/jorgezanoni.com.br\/2019\/wp-json\/wp\/v2\/posts\/35792","targetHints":{"allow":["GET"]}}],"collection":[{"href":"https:\/\/jorgezanoni.com.br\/2019\/wp-json\/wp\/v2\/posts"}],"about":[{"href":"https:\/\/jorgezanoni.com.br\/2019\/wp-json\/wp\/v2\/types\/post"}],"author":[{"embeddable":true,"href":"https:\/\/jorgezanoni.com.br\/2019\/wp-json\/wp\/v2\/users\/1"}],"replies":[{"embeddable":true,"href":"https:\/\/jorgezanoni.com.br\/2019\/wp-json\/wp\/v2\/comments?post=35792"}],"version-history":[{"count":0,"href":"https:\/\/jorgezanoni.com.br\/2019\/wp-json\/wp\/v2\/posts\/35792\/revisions"}],"wp:featuredmedia":[{"embeddable":true,"href":"https:\/\/jorgezanoni.com.br\/2019\/wp-json\/wp\/v2\/media\/35793"}],"wp:attachment":[{"href":"https:\/\/jorgezanoni.com.br\/2019\/wp-json\/wp\/v2\/media?parent=35792"}],"wp:term":[{"taxonomy":"category","embeddable":true,"href":"https:\/\/jorgezanoni.com.br\/2019\/wp-json\/wp\/v2\/categories?post=35792"},{"taxonomy":"post_tag","embeddable":true,"href":"https:\/\/jorgezanoni.com.br\/2019\/wp-json\/wp\/v2\/tags?post=35792"}],"curies":[{"name":"wp","href":"https:\/\/api.w.org\/{rel}","templated":true}]}}