{"id":35782,"date":"2020-09-28T16:52:06","date_gmt":"2020-09-28T16:52:06","guid":{"rendered":"https:\/\/jorgezanoni.com.br\/2019\/?p=35782"},"modified":"2020-09-28T16:52:06","modified_gmt":"2020-09-28T16:52:06","slug":"diretor-do-deinter-8-delegado-de-policia-dr-walmir-geralde-estara-em-visita-oficial-amanha-em-dracena","status":"publish","type":"post","link":"https:\/\/jorgezanoni.com.br\/2019\/diretor-do-deinter-8-delegado-de-policia-dr-walmir-geralde-estara-em-visita-oficial-amanha-em-dracena\/","title":{"rendered":"Diretor do Deinter 8 Delegado de Pol\u00edcia Dr. Walmir Geralde, estar\u00e1 em visita oficial amanh\u00e3 em Dracena"},"content":{"rendered":"<p style=\"text-align: justify;\"><strong><u>Edital N\u00ba. 003 \/ 2020<\/u><\/strong><\/p>\n<p style=\"text-align: justify;\">\u00a0\u00a0\u00a0\u00a0\u00a0\u00a0\u00a0\u00a0\u00a0\u00a0\u00a0\u00a0\u00a0\u00a0\u00a0\u00a0\u00a0\u00a0\u00a0\u00a0\u00a0\u00a0\u00a0\u00a0\u00a0\u00a0\u00a0\u00a0\u00a0\u00a0\u00a0\u00a0\u00a0\u00a0\u00a0\u00a0\u00a0\u00a0\u00a0\u00a0\u00a0\u00a0\u00a0\u00a0\u00a0\u00a0\u00a0\u00a0\u00a0\u00a0\u00a0\u00a0\u00a0\u00a0\u00a0\u00a0\u00a0\u00a0 O Dr. Nilton Santos Paschoal, Delegado Seccional de Pol\u00edcia de Dracena, no uso de suas atribui\u00e7\u00f5es legais,<\/p>\n<p style=\"text-align: justify;\">\u00a0\u00a0\u00a0\u00a0\u00a0\u00a0\u00a0\u00a0\u00a0\u00a0\u00a0\u00a0\u00a0\u00a0\u00a0\u00a0\u00a0\u00a0\u00a0\u00a0\u00a0\u00a0\u00a0\u00a0\u00a0\u00a0\u00a0\u00a0\u00a0\u00a0\u00a0\u00a0\u00a0\u00a0\u00a0\u00a0\u00a0\u00a0\u00a0\u00a0\u00a0\u00a0\u00a0\u00a0\u00a0\u00a0 \u00a0\u00a0\u00a0\u00a0\u00a0\u00a0\u00a0\u00a0\u00a0\u00a0\u00a0 Faz saber pelo presente, que altera o edital n\u00ba 002\/2020, de 14\/09\/2020 para divulgar, que o Delegado de Pol\u00edcia Diretor do Departamento de Pol\u00edcia Judici\u00e1ria de S\u00e3o Paulo Interior DEINTER 8 \u2013 Presidente Prudente, Dr. Walmir Geralde, estar\u00e1 em visita oficial correcional, na Delegacia Seccional de Pol\u00edcia de Dracena, localizada na Rua Ol\u00edmpica n\u00ba. 148, Jardim Alvorada, munic\u00edpio de Dracena, no pr\u00f3ximo dia 29\/09\/2020, \u00e0s 13 horas. Portanto, convoco todos os Delegados de Pol\u00edcia da circunscri\u00e7\u00e3o territorial desta Seccional de Pol\u00edcia e os Policiais Civis e demais Servidores Administrativos, classificados na Seccional. E convido o p\u00fablico em geral para audi\u00eancia, ocasi\u00e3o em que poder\u00e3o ser formuladas queixas e sugest\u00f5es para aprimoramento das atividades policiais na \u00e1rea territorial desta Seccional de Pol\u00edcia.<\/p>\n<h1 style=\"text-align: justify;\">\u00a0\u00a0\u00a0\u00a0\u00a0\u00a0\u00a0\u00a0\u00a0\u00a0\u00a0 Registre, Publique-se e Cumpra-se.<\/h1>\n<p style=\"text-align: justify;\">\u00a0\u00a0\u00a0\u00a0\u00a0\u00a0\u00a0\u00a0\u00a0\u00a0\u00a0\u00a0\u00a0\u00a0\u00a0\u00a0\u00a0\u00a0\u00a0\u00a0\u00a0\u00a0\u00a0\u00a0\u00a0\u00a0\u00a0\u00a0\u00a0\u00a0\u00a0\u00a0\u00a0\u00a0\u00a0\u00a0\u00a0\u00a0\u00a0\u00a0\u00a0\u00a0\u00a0\u00a0\u00a0\u00a0\u00a0\u00a0\u00a0\u00a0\u00a0\u00a0\u00a0\u00a0\u00a0\u00a0\u00a0\u00a0 Dracena, 21 de setembro de 2020<\/p>\n<p style=\"text-align: justify;\"><strong>NILTON SANTOS PASCHOAL<\/strong><\/p>\n<p style=\"text-align: justify;\">Delegado Seccional de Pol\u00edcia<\/p>\n<p>Imagem Arquivo<\/p>\n<p>&nbsp;<\/p>\n<p>&nbsp;<\/p>\n","protected":false},"excerpt":{"rendered":"<p>Edital N\u00ba. 003 \/ 2020 \u00a0\u00a0\u00a0\u00a0\u00a0\u00a0\u00a0\u00a0\u00a0\u00a0\u00a0\u00a0\u00a0\u00a0\u00a0\u00a0\u00a0\u00a0\u00a0\u00a0\u00a0\u00a0\u00a0\u00a0\u00a0\u00a0\u00a0\u00a0\u00a0\u00a0\u00a0\u00a0\u00a0\u00a0\u00a0\u00a0\u00a0\u00a0\u00a0\u00a0\u00a0\u00a0\u00a0\u00a0\u00a0\u00a0\u00a0\u00a0\u00a0\u00a0\u00a0\u00a0\u00a0\u00a0\u00a0\u00a0\u00a0\u00a0 O Dr. Nilton Santos Paschoal, Delegado Seccional de Pol\u00edcia de Dracena, no uso de suas atribui\u00e7\u00f5es legais, \u00a0\u00a0\u00a0\u00a0\u00a0\u00a0\u00a0\u00a0\u00a0\u00a0\u00a0\u00a0\u00a0\u00a0\u00a0\u00a0\u00a0\u00a0\u00a0\u00a0\u00a0\u00a0\u00a0\u00a0\u00a0\u00a0\u00a0\u00a0\u00a0\u00a0\u00a0\u00a0\u00a0\u00a0\u00a0\u00a0\u00a0\u00a0\u00a0\u00a0\u00a0\u00a0\u00a0\u00a0\u00a0\u00a0 \u00a0\u00a0\u00a0\u00a0\u00a0\u00a0\u00a0\u00a0\u00a0\u00a0\u00a0 Faz saber pelo presente, que altera o edital n\u00ba 002\/2020, de 14\/09\/2020 para divulgar, que o Delegado de Pol\u00edcia Diretor do Departamento de Pol\u00edcia Judici\u00e1ria de S\u00e3o Paulo Interior DEINTER [&hellip;]<\/p>\n","protected":false},"author":1,"featured_media":35783,"comment_status":"closed","ping_status":"open","sticky":false,"template":"","format":"standard","meta":{"footnotes":""},"categories":[110,2],"tags":[],"class_list":["post-35782","post","type-post","status-publish","format-standard","has-post-thumbnail","hentry","category-noticiasdestaque","category-policial"],"_links":{"self":[{"href":"https:\/\/jorgezanoni.com.br\/2019\/wp-json\/wp\/v2\/posts\/35782","targetHints":{"allow":["GET"]}}],"collection":[{"href":"https:\/\/jorgezanoni.com.br\/2019\/wp-json\/wp\/v2\/posts"}],"about":[{"href":"https:\/\/jorgezanoni.com.br\/2019\/wp-json\/wp\/v2\/types\/post"}],"author":[{"embeddable":true,"href":"https:\/\/jorgezanoni.com.br\/2019\/wp-json\/wp\/v2\/users\/1"}],"replies":[{"embeddable":true,"href":"https:\/\/jorgezanoni.com.br\/2019\/wp-json\/wp\/v2\/comments?post=35782"}],"version-history":[{"count":0,"href":"https:\/\/jorgezanoni.com.br\/2019\/wp-json\/wp\/v2\/posts\/35782\/revisions"}],"wp:featuredmedia":[{"embeddable":true,"href":"https:\/\/jorgezanoni.com.br\/2019\/wp-json\/wp\/v2\/media\/35783"}],"wp:attachment":[{"href":"https:\/\/jorgezanoni.com.br\/2019\/wp-json\/wp\/v2\/media?parent=35782"}],"wp:term":[{"taxonomy":"category","embeddable":true,"href":"https:\/\/jorgezanoni.com.br\/2019\/wp-json\/wp\/v2\/categories?post=35782"},{"taxonomy":"post_tag","embeddable":true,"href":"https:\/\/jorgezanoni.com.br\/2019\/wp-json\/wp\/v2\/tags?post=35782"}],"curies":[{"name":"wp","href":"https:\/\/api.w.org\/{rel}","templated":true}]}}