{"id":35722,"date":"2020-09-28T01:08:08","date_gmt":"2020-09-28T01:08:08","guid":{"rendered":"https:\/\/jorgezanoni.com.br\/2019\/?p=35722"},"modified":"2020-09-28T01:08:08","modified_gmt":"2020-09-28T01:08:08","slug":"em-panorama-pescadores-sao-multados-em-r-46-mil-por-pesca-com-metodos-nao-permitidos","status":"publish","type":"post","link":"https:\/\/jorgezanoni.com.br\/2019\/em-panorama-pescadores-sao-multados-em-r-46-mil-por-pesca-com-metodos-nao-permitidos\/","title":{"rendered":"Em Panorama, pescadores s\u00e3o multados em R$ 4,6 mil por pesca com m\u00e9todos n\u00e3o permitidos"},"content":{"rendered":"<h2 class=\"content-head__subtitle\" style=\"text-align: justify;\"><strong>Trio foi flagrado no Rio Paran\u00e1 pela Pol\u00edcia Ambiental, nesta sexta-feira (25). Peixes foram apreendidos e doados para o N\u00facleo de Apoio aos Pacientes com C\u00e2ncer.<\/strong><\/h2>\n<div class=\"mc-column content-text active-extra-styles \" data-block-type=\"unstyled\" data-block-weight=\"31\" data-block-id=\"2\">\n<p class=\"content-text__container \" style=\"text-align: justify;\" data-track-category=\"Link no Texto\" data-track-links=\"\">Tr\u00eas pescadores receberam multas que totalizaram mais de R$ 4,6 mil por pesca irregular, em\u00a0<a href=\"http:\/\/g1.globo.com\/sp\/presidente-prudente-regiao\/cidade\/panorama.html\">Panorama<\/a>. O trio foi flagrado pela Pol\u00edcia Militar Ambiental por volta da 0h30 desta sexta-feira (25).<\/p>\n<\/div>\n<div class=\"wall protected-content\">\n<div class=\"mc-column content-text active-extra-styles \" style=\"text-align: justify;\" data-block-type=\"unstyled\" data-block-weight=\"23\" data-block-id=\"3\">\n<p class=\"content-text__container \" data-track-category=\"Link no Texto\" data-track-links=\"\">Em fiscaliza\u00e7\u00e3o \u00e0s margens do Rio Paran\u00e1, equipes da Pol\u00edcia Ambiental avistaram uma embarca\u00e7\u00e3o, com tr\u00eas tripulantes, atracando na margem do rio.<\/p>\n<\/div>\n<div class=\"mc-column content-text active-extra-styles \" style=\"text-align: justify;\" data-block-type=\"unstyled\" data-block-weight=\"34\" data-block-id=\"4\">\n<p class=\"content-text__container \" data-track-category=\"Link no Texto\" data-track-links=\"\">Os policiais se aproximaram e abordaram os tripulantes, momento em que constataram a pr\u00e1tica de pesca subaqu\u00e1tica. Na embarca\u00e7\u00e3o havia arp\u00f5es e peixes. Al\u00e9m disso, os envolvidos estavam vestidos com roupas de mergulho.<\/p>\n<\/div>\n<div class=\"mc-column content-text active-extra-styles \" style=\"text-align: justify;\" data-block-type=\"unstyled\" data-block-weight=\"28\" data-block-id=\"5\">\n<p class=\"content-text__container \" data-track-category=\"Link no Texto\" data-track-links=\"\">O pescado pesou 42 quilos. Foram localizados e apreendidos oito peixes da esp\u00e9cie pintado, oito da esp\u00e9cie tucunar\u00e9, um da esp\u00e9cie piau e um da esp\u00e9cie tra\u00edra.<\/p>\n<\/div>\n<div class=\"mc-column content-text active-extra-styles \" style=\"text-align: justify;\" data-block-type=\"unstyled\" data-block-weight=\"29\" data-block-id=\"6\">\n<p class=\"content-text__container \" data-track-category=\"Link no Texto\" data-track-links=\"\">Todos os peixes estavam com sinais vis\u00edveis de perfura\u00e7\u00e3o de arp\u00e3o e os pescadores assumiram a propriedade dos materiais e do pescado, confirmando a pr\u00e1tica da pesca subaqu\u00e1tica.<\/p>\n<\/div>\n<div class=\"row medium-uncollapsed content-media content-photo\" style=\"text-align: justify;\" data-block-type=\"backstage-photo\" data-block-id=\"7\">\n<div class=\"mc-column content-media__container\">\n<figure><img decoding=\"async\" class=\"i-amphtml-fill-content i-amphtml-replaced-content\" src=\"https:\/\/s2.glbimg.com\/tH0gDVLL8xbUQvbGenS0gL1zwpc=\/0x0:1280x720\/984x0\/smart\/filters:strip_icc()\/i.s3.glbimg.com\/v1\/AUTH_59edd422c0c84a879bd37670ae4f538a\/internal_photos\/bs\/2020\/m\/R\/92bGQAS0yWzSaTPppZ9A\/whatsapp-image-2020-09-25-at-07.33.09-1-.jpeg\" sizes=\"(max-width: 1366px) 648px, 100vw\" srcset=\"https:\/\/s2.glbimg.com\/vsMa1Tu82wxxv6sFYmY01h6PIic=\/0x0:1280x720\/1000x0\/smart\/filters:strip_icc()\/i.s3.glbimg.com\/v1\/AUTH_59edd422c0c84a879bd37670ae4f538a\/internal_photos\/bs\/2020\/m\/R\/92bGQAS0yWzSaTPppZ9A\/whatsapp-image-2020-09-25-at-07.33.09-1-.jpeg 1000w, https:\/\/s2.glbimg.com\/tH0gDVLL8xbUQvbGenS0gL1zwpc=\/0x0:1280x720\/984x0\/smart\/filters:strip_icc()\/i.s3.glbimg.com\/v1\/AUTH_59edd422c0c84a879bd37670ae4f538a\/internal_photos\/bs\/2020\/m\/R\/92bGQAS0yWzSaTPppZ9A\/whatsapp-image-2020-09-25-at-07.33.09-1-.jpeg 984w, https:\/\/s2.glbimg.com\/UBHKXyPyIcpS6Q8n4N6iQ8ONJKo=\/0x0:1280x720\/640x0\/smart\/filters:strip_icc()\/i.s3.glbimg.com\/v1\/AUTH_59edd422c0c84a879bd37670ae4f538a\/internal_photos\/bs\/2020\/m\/R\/92bGQAS0yWzSaTPppZ9A\/whatsapp-image-2020-09-25-at-07.33.09-1-.jpeg 640w, https:\/\/s2.glbimg.com\/QfLOjssJ4TFkvxHfsWnQ60WRnc4=\/0x0:1280x720\/600x0\/smart\/filters:strip_icc()\/i.s3.glbimg.com\/v1\/AUTH_59edd422c0c84a879bd37670ae4f538a\/internal_photos\/bs\/2020\/m\/R\/92bGQAS0yWzSaTPppZ9A\/whatsapp-image-2020-09-25-at-07.33.09-1-.jpeg 600w\" alt=\"Peixes foram apreendidos e doados para o N\u00facleo de Apoio aos Pacientes com C\u00e2ncer de Panorama \u2014 Foto: Pol\u00edcia Ambiental\" \/><\/figure>\n<p class=\"content-media__description \">Peixes foram apreendidos e doados para o N\u00facleo de Apoio aos Pacientes com C\u00e2ncer de Panorama \u2014 Foto: Pol\u00edcia Ambiental<\/p>\n<\/div>\n<\/div>\n<div class=\"content-ads content-ads--reveal\" style=\"text-align: justify;\" data-block-type=\"ads\" data-block-id=\"8\">\n<div id=\"banner_materia2\" class=\"tag-manager-publicidade-container mc-has-reveal mc-has-ad-lazyload\" data-id=\"banner_materia2\"><\/div>\n<\/div>\n<div class=\"mc-column content-text active-extra-styles \" style=\"text-align: justify;\" data-block-type=\"unstyled\" data-block-weight=\"27\" data-block-id=\"9\">\n<p class=\"content-text__container \" data-track-category=\"Link no Texto\" data-track-links=\"\">Ao realizar as medi\u00e7\u00f5es, as equipes ainda constataram que, dos peixes da esp\u00e9cie pintado, de um total de oito, sete estavam com tamanhos inferiores aos permitidos.<\/p>\n<\/div>\n<div class=\"mc-column content-text active-extra-styles \" style=\"text-align: justify;\" data-block-type=\"unstyled\" data-block-weight=\"45\" data-block-id=\"10\">\n<p class=\"content-text__container \" data-track-category=\"Link no Texto\" data-track-links=\"\">Tamb\u00e9m foi apreendido um barco, um motor de popa, dois arbaletes com arp\u00e3o, duas roupas de mergulho, duas m\u00e1scaras de mergulho, dois snorkel, dois lastros, duas lanternas e dois pares de nadadeiras, que ficaram depositados na Base Operacional de Panorama, \u00e0 disposi\u00e7\u00e3o da Justi\u00e7a.<\/p>\n<\/div>\n<div class=\"mc-column content-text active-extra-styles \" style=\"text-align: justify;\" data-block-type=\"unstyled\" data-block-weight=\"20\" data-block-id=\"11\">\n<p class=\"content-text__container \" data-track-category=\"Link no Texto\" data-track-links=\"\">O pescado, ap\u00f3s laudo veterin\u00e1rio, foi destinado para o N\u00facleo de Apoio aos Pacientes com C\u00e2ncer de Panorama (Napac).<\/p>\n<\/div>\n<div class=\"mc-column content-text active-extra-styles \" style=\"text-align: justify;\" data-block-type=\"unstyled\" data-block-weight=\"28\" data-block-id=\"12\">\n<p class=\"content-text__container \" data-track-category=\"Link no Texto\" data-track-links=\"\">Os pescadores, de 30, 44 e 59 anos, foram autuados em R$ 1.540 cada por pescar mediante a utiliza\u00e7\u00e3o de m\u00e9todos n\u00e3o permitidos, totalizando R$ 4.620 em multas.<\/p>\n<\/div>\n<div class=\"row medium-uncollapsed content-media content-photo\" style=\"text-align: justify;\" data-block-type=\"backstage-photo\" data-block-id=\"13\">\n<div class=\"mc-column content-media__container\">\n<figure><img decoding=\"async\" class=\"i-amphtml-fill-content i-amphtml-replaced-content\" src=\"https:\/\/s2.glbimg.com\/EZ1htvUfEzLlbR3gknTpRWm_Q6I=\/0x0:1280x720\/984x0\/smart\/filters:strip_icc()\/i.s3.glbimg.com\/v1\/AUTH_59edd422c0c84a879bd37670ae4f538a\/internal_photos\/bs\/2020\/U\/d\/KqUx4rRoaDChqTsWwDgQ\/whatsapp-image-2020-09-25-at-07.33.10.jpeg\" sizes=\"(max-width: 1366px) 648px, 100vw\" srcset=\"https:\/\/s2.glbimg.com\/_nK7MriFOVoDdEmMr5mXHCMGUCA=\/0x0:1280x720\/1000x0\/smart\/filters:strip_icc()\/i.s3.glbimg.com\/v1\/AUTH_59edd422c0c84a879bd37670ae4f538a\/internal_photos\/bs\/2020\/U\/d\/KqUx4rRoaDChqTsWwDgQ\/whatsapp-image-2020-09-25-at-07.33.10.jpeg 1000w, https:\/\/s2.glbimg.com\/EZ1htvUfEzLlbR3gknTpRWm_Q6I=\/0x0:1280x720\/984x0\/smart\/filters:strip_icc()\/i.s3.glbimg.com\/v1\/AUTH_59edd422c0c84a879bd37670ae4f538a\/internal_photos\/bs\/2020\/U\/d\/KqUx4rRoaDChqTsWwDgQ\/whatsapp-image-2020-09-25-at-07.33.10.jpeg 984w, https:\/\/s2.glbimg.com\/vPo8azIsrTuSu-G5jRRPKRNQTRI=\/0x0:1280x720\/640x0\/smart\/filters:strip_icc()\/i.s3.glbimg.com\/v1\/AUTH_59edd422c0c84a879bd37670ae4f538a\/internal_photos\/bs\/2020\/U\/d\/KqUx4rRoaDChqTsWwDgQ\/whatsapp-image-2020-09-25-at-07.33.10.jpeg 640w, https:\/\/s2.glbimg.com\/7f25_MGM4b52ecgHBxs-anaobvY=\/0x0:1280x720\/600x0\/smart\/filters:strip_icc()\/i.s3.glbimg.com\/v1\/AUTH_59edd422c0c84a879bd37670ae4f538a\/internal_photos\/bs\/2020\/U\/d\/KqUx4rRoaDChqTsWwDgQ\/whatsapp-image-2020-09-25-at-07.33.10.jpeg 600w\" alt=\"Peixes foram apreendidos e doados para o N\u00facleo de Apoio aos Pacientes com C\u00e2ncer de Panorama \u2014 Foto: Pol\u00edcia Ambiental\" \/><\/figure>\n<p class=\"content-media__description \">Peixes foram apreendidos e doados para o N\u00facleo de Apoio aos Pacientes com C\u00e2ncer de Panorama \u2014 Foto: Pol\u00edcia Ambiental<\/p>\n<\/div>\n<\/div>\n<div class=\"row medium-uncollapsed content-media content-photo\" style=\"text-align: justify;\" data-block-type=\"backstage-photo\" data-block-id=\"14\">\n<div class=\"mc-column content-media__container\">\n<figure><img decoding=\"async\" class=\"i-amphtml-fill-content i-amphtml-replaced-content\" src=\"https:\/\/s2.glbimg.com\/PR2nvLSAljyYNbSoWRZ0JhnIrdY=\/0x0:1280x720\/984x0\/smart\/filters:strip_icc()\/i.s3.glbimg.com\/v1\/AUTH_59edd422c0c84a879bd37670ae4f538a\/internal_photos\/bs\/2020\/J\/i\/wditopRce7qrHp2xdD1g\/whatsapp-image-2020-09-25-at-07.33.08.jpeg\" sizes=\"(max-width: 1366px) 648px, 100vw\" srcset=\"https:\/\/s2.glbimg.com\/myeUGvbMOVXRc3jNht5FLd5wwJA=\/0x0:1280x720\/1000x0\/smart\/filters:strip_icc()\/i.s3.glbimg.com\/v1\/AUTH_59edd422c0c84a879bd37670ae4f538a\/internal_photos\/bs\/2020\/J\/i\/wditopRce7qrHp2xdD1g\/whatsapp-image-2020-09-25-at-07.33.08.jpeg 1000w, https:\/\/s2.glbimg.com\/PR2nvLSAljyYNbSoWRZ0JhnIrdY=\/0x0:1280x720\/984x0\/smart\/filters:strip_icc()\/i.s3.glbimg.com\/v1\/AUTH_59edd422c0c84a879bd37670ae4f538a\/internal_photos\/bs\/2020\/J\/i\/wditopRce7qrHp2xdD1g\/whatsapp-image-2020-09-25-at-07.33.08.jpeg 984w, https:\/\/s2.glbimg.com\/wm7NC4bqzRIUM6Dby19P3H1p9ho=\/0x0:1280x720\/640x0\/smart\/filters:strip_icc()\/i.s3.glbimg.com\/v1\/AUTH_59edd422c0c84a879bd37670ae4f538a\/internal_photos\/bs\/2020\/J\/i\/wditopRce7qrHp2xdD1g\/whatsapp-image-2020-09-25-at-07.33.08.jpeg 640w, https:\/\/s2.glbimg.com\/JPB-5VMCIm8f3A_Ni-c02Lc4YSI=\/0x0:1280x720\/600x0\/smart\/filters:strip_icc()\/i.s3.glbimg.com\/v1\/AUTH_59edd422c0c84a879bd37670ae4f538a\/internal_photos\/bs\/2020\/J\/i\/wditopRce7qrHp2xdD1g\/whatsapp-image-2020-09-25-at-07.33.08.jpeg 600w\" alt=\"Peixes foram apreendidos e doados para o N\u00facleo de Apoio aos Pacientes com C\u00e2ncer de Panorama \u2014 Foto: Pol\u00edcia Ambiental\" \/><\/figure>\n<p class=\"content-media__description \">Peixes foram apreendidos e doados para o N\u00facleo de Apoio aos Pacientes com C\u00e2ncer de Panorama \u2014 Foto: Pol\u00edcia Ambiental<\/p>\n<\/div>\n<\/div>\n<div class=\"content-ads content-ads--reveal\" style=\"text-align: justify;\" data-block-type=\"ads\" data-block-id=\"15\">\n<div id=\"banner_materia__e6bfa515-9e90-47a1-b481-69724cb607f8\" class=\"tag-manager-publicidade-container mc-has-reveal mc-has-ad-lazyload\" data-id=\"banner_materia__e6bfa515-9e90-47a1-b481-69724cb607f8\"><\/div>\n<\/div>\n<div class=\"row medium-uncollapsed content-media content-photo\" data-block-type=\"backstage-photo\" data-block-id=\"16\">\n<div class=\"mc-column content-media__container\">\n<figure style=\"text-align: justify;\"><img decoding=\"async\" class=\"i-amphtml-fill-content i-amphtml-replaced-content\" src=\"https:\/\/s2.glbimg.com\/AabG0TJe6x0fhA4J0T7leSu8VZk=\/0x0:1280x960\/984x0\/smart\/filters:strip_icc()\/i.s3.glbimg.com\/v1\/AUTH_59edd422c0c84a879bd37670ae4f538a\/internal_photos\/bs\/2020\/o\/5\/OlvAByS6y1BTA3McjFsA\/whatsapp-image-2020-09-25-at-07.33.12.jpeg\" sizes=\"(max-width: 1366px) 648px, 100vw\" srcset=\"https:\/\/s2.glbimg.com\/SexEmiE9XWGiSvt59pwAgyc6dzY=\/0x0:1280x960\/1000x0\/smart\/filters:strip_icc()\/i.s3.glbimg.com\/v1\/AUTH_59edd422c0c84a879bd37670ae4f538a\/internal_photos\/bs\/2020\/o\/5\/OlvAByS6y1BTA3McjFsA\/whatsapp-image-2020-09-25-at-07.33.12.jpeg 1000w, https:\/\/s2.glbimg.com\/AabG0TJe6x0fhA4J0T7leSu8VZk=\/0x0:1280x960\/984x0\/smart\/filters:strip_icc()\/i.s3.glbimg.com\/v1\/AUTH_59edd422c0c84a879bd37670ae4f538a\/internal_photos\/bs\/2020\/o\/5\/OlvAByS6y1BTA3McjFsA\/whatsapp-image-2020-09-25-at-07.33.12.jpeg 984w, https:\/\/s2.glbimg.com\/-YPJgR6yjvHUxLMCFYSOY7aWKeQ=\/0x0:1280x960\/640x0\/smart\/filters:strip_icc()\/i.s3.glbimg.com\/v1\/AUTH_59edd422c0c84a879bd37670ae4f538a\/internal_photos\/bs\/2020\/o\/5\/OlvAByS6y1BTA3McjFsA\/whatsapp-image-2020-09-25-at-07.33.12.jpeg 640w, https:\/\/s2.glbimg.com\/5Ti2Dk85VDdy36mqlYX3uIZnrPs=\/0x0:1280x960\/600x0\/smart\/filters:strip_icc()\/i.s3.glbimg.com\/v1\/AUTH_59edd422c0c84a879bd37670ae4f538a\/internal_photos\/bs\/2020\/o\/5\/OlvAByS6y1BTA3McjFsA\/whatsapp-image-2020-09-25-at-07.33.12.jpeg 600w\" alt=\"Peixes foram apreendidos e doados para o N\u00facleo de Apoio aos Pacientes com C\u00e2ncer de Panorama \u2014 Foto: Pol\u00edcia Ambiental\" \/><\/figure>\n<p class=\"content-media__description \" style=\"text-align: justify;\">Peixes foram apreendidos e doados para o N\u00facleo de Apoio aos Pacientes com C\u00e2ncer de Panorama \u2014 Foto: Pol\u00edcia Ambiental<\/p>\n<p style=\"text-align: justify;\">Fonte: G1 e PMA<\/p>\n<\/div>\n<\/div>\n<\/div>\n","protected":false},"excerpt":{"rendered":"<p>Trio foi flagrado no Rio Paran\u00e1 pela Pol\u00edcia Ambiental, nesta sexta-feira (25). Peixes foram apreendidos e doados para o N\u00facleo de Apoio aos Pacientes com C\u00e2ncer. Tr\u00eas pescadores receberam multas que totalizaram mais de R$ 4,6 mil por pesca irregular, em\u00a0Panorama. O trio foi flagrado pela Pol\u00edcia Militar Ambiental por volta da 0h30 desta sexta-feira [&hellip;]<\/p>\n","protected":false},"author":1,"featured_media":35723,"comment_status":"closed","ping_status":"open","sticky":false,"template":"","format":"standard","meta":{"footnotes":""},"categories":[110,2],"tags":[],"class_list":["post-35722","post","type-post","status-publish","format-standard","has-post-thumbnail","hentry","category-noticiasdestaque","category-policial"],"_links":{"self":[{"href":"https:\/\/jorgezanoni.com.br\/2019\/wp-json\/wp\/v2\/posts\/35722","targetHints":{"allow":["GET"]}}],"collection":[{"href":"https:\/\/jorgezanoni.com.br\/2019\/wp-json\/wp\/v2\/posts"}],"about":[{"href":"https:\/\/jorgezanoni.com.br\/2019\/wp-json\/wp\/v2\/types\/post"}],"author":[{"embeddable":true,"href":"https:\/\/jorgezanoni.com.br\/2019\/wp-json\/wp\/v2\/users\/1"}],"replies":[{"embeddable":true,"href":"https:\/\/jorgezanoni.com.br\/2019\/wp-json\/wp\/v2\/comments?post=35722"}],"version-history":[{"count":0,"href":"https:\/\/jorgezanoni.com.br\/2019\/wp-json\/wp\/v2\/posts\/35722\/revisions"}],"wp:featuredmedia":[{"embeddable":true,"href":"https:\/\/jorgezanoni.com.br\/2019\/wp-json\/wp\/v2\/media\/35723"}],"wp:attachment":[{"href":"https:\/\/jorgezanoni.com.br\/2019\/wp-json\/wp\/v2\/media?parent=35722"}],"wp:term":[{"taxonomy":"category","embeddable":true,"href":"https:\/\/jorgezanoni.com.br\/2019\/wp-json\/wp\/v2\/categories?post=35722"},{"taxonomy":"post_tag","embeddable":true,"href":"https:\/\/jorgezanoni.com.br\/2019\/wp-json\/wp\/v2\/tags?post=35722"}],"curies":[{"name":"wp","href":"https:\/\/api.w.org\/{rel}","templated":true}]}}