{"id":35711,"date":"2020-09-27T23:45:58","date_gmt":"2020-09-27T23:45:58","guid":{"rendered":"https:\/\/jorgezanoni.com.br\/2019\/?p=35711"},"modified":"2020-09-27T23:45:58","modified_gmt":"2020-09-27T23:45:58","slug":"garoto-de-dracena-necessita-de-doador-de-medula-ossea","status":"publish","type":"post","link":"https:\/\/jorgezanoni.com.br\/2019\/garoto-de-dracena-necessita-de-doador-de-medula-ossea\/","title":{"rendered":"Garoto de Dracena necessita de Doador de Medula \u00d3ssea"},"content":{"rendered":"<p style=\"text-align: justify;\">O garoto dracenense Maycon Douglas Santos Silva de 13 anos, morador do Jardim Brasil\u00e2ncia em Dracena, e que est\u00e1 internado em Marilia, necessita de Doador de Med\u00fala.<\/p>\n<p style=\"text-align: justify;\">Qualquer contato pode ser feito diretamente com a senhora Jaqueline Barbosa, que \u00e9 a m\u00e3e do adolescente, atrav\u00e9s do Cel. (18) 99649 9699.<\/p>\n<p><img loading=\"lazy\" decoding=\"async\" class=\"alignnone size-full wp-image-35713\" src=\"https:\/\/jorgezanoni.com.br\/2019\/wp-content\/uploads\/2020\/09\/Maycon.jpg\" alt=\"\" width=\"631\" height=\"472\" srcset=\"https:\/\/jorgezanoni.com.br\/2019\/wp-content\/uploads\/2020\/09\/Maycon.jpg 631w, https:\/\/jorgezanoni.com.br\/2019\/wp-content\/uploads\/2020\/09\/Maycon-300x224.jpg 300w, https:\/\/jorgezanoni.com.br\/2019\/wp-content\/uploads\/2020\/09\/Maycon-80x60.jpg 80w, https:\/\/jorgezanoni.com.br\/2019\/wp-content\/uploads\/2020\/09\/Maycon-265x198.jpg 265w, https:\/\/jorgezanoni.com.br\/2019\/wp-content\/uploads\/2020\/09\/Maycon-561x420.jpg 561w\" sizes=\"auto, (max-width: 631px) 100vw, 631px\" \/><\/p>\n<p style=\"text-align: justify;\">Conhe\u00e7a um pouco do que \u00e9 a Doa\u00e7\u00e3o, atrav\u00e9s do Link:\u00a0https:\/\/m.facebook.com\/LEUCEMIAZERONOBRASILOFICIAL\/photos<span class=\"pq6dq46d tbxw36s4 knj5qynh kvgmc6g5 ditlmg2l oygrvhab nvdbi5me sf5mxxl7 gl3lb2sf hhz5lgdu\"><br \/>\n<\/span><\/p>\n<div class=\"nc684nl6\" style=\"text-align: justify;\">LEUCEMIA &#8220;ZERO&#8221; NO BRASIL (OFICIAL)<\/p>\n<p>Pessoal, este \u00e9 o\u00a0<a class=\"oajrlxb2 g5ia77u1 qu0x051f esr5mh6w e9989ue4 r7d6kgcz rq0escxv nhd2j8a9 nc684nl6 p7hjln8o kvgmc6g5 cxmmr5t8 oygrvhab hcukyx3x jb3vyjys rz4wbd8a qt6c0cv9 a8nywdso i1ao9s8h esuyzwwr f1sip0of lzcic4wl oo9gr5id gpro0wi8 lrazzd5p\" tabindex=\"0\" role=\"link\" href=\"https:\/\/www.facebook.com\/hashtag\/maycon?__eep__=6&amp;__tn__=*NK*F\">#Maycon<\/a>, filho de\u00a0Jaqueline Barbosa.<br \/>\nNosso Guerreirinho tem 13 anos e est\u00e1 na Luta contra a Leucemia desde dezembro\/2016 e agora vai precisar de um Doador Compat\u00edvel de Medula \u00d3ssea!<\/p>\n<p>Voc\u00ea j\u00e1 se Cadastrou?<\/p>\n<p><a class=\"oajrlxb2 g5ia77u1 qu0x051f esr5mh6w e9989ue4 r7d6kgcz rq0escxv nhd2j8a9 nc684nl6 p7hjln8o kvgmc6g5 cxmmr5t8 oygrvhab hcukyx3x jb3vyjys rz4wbd8a qt6c0cv9 a8nywdso i1ao9s8h esuyzwwr f1sip0of lzcic4wl oo9gr5id gpro0wi8 lrazzd5p\" tabindex=\"0\" role=\"link\" href=\"https:\/\/www.facebook.com\/hashtag\/leucemia?__eep__=6&amp;__tn__=*NK*F\">#Leucemia<\/a>\u00a0n\u00e3o tem\u00a0<a class=\"oajrlxb2 g5ia77u1 qu0x051f esr5mh6w e9989ue4 r7d6kgcz rq0escxv nhd2j8a9 nc684nl6 p7hjln8o kvgmc6g5 cxmmr5t8 oygrvhab hcukyx3x jb3vyjys rz4wbd8a qt6c0cv9 a8nywdso i1ao9s8h esuyzwwr f1sip0of lzcic4wl oo9gr5id gpro0wi8 lrazzd5p\" tabindex=\"0\" role=\"link\" href=\"https:\/\/www.facebook.com\/hashtag\/preven%C3%A7%C3%A3o?__eep__=6&amp;__tn__=*NK*F\">#Preven\u00e7\u00e3o<\/a>, mas tem Cura!<\/p>\n<p>No\u00a0<a class=\"oajrlxb2 g5ia77u1 qu0x051f esr5mh6w e9989ue4 r7d6kgcz rq0escxv nhd2j8a9 nc684nl6 p7hjln8o kvgmc6g5 cxmmr5t8 oygrvhab hcukyx3x jb3vyjys rz4wbd8a qt6c0cv9 a8nywdso i1ao9s8h esuyzwwr f1sip0of lzcic4wl oo9gr5id gpro0wi8 lrazzd5p\" tabindex=\"0\" role=\"link\" href=\"https:\/\/www.facebook.com\/hashtag\/brasil?__eep__=6&amp;__tn__=*NK*F\">#Brasil<\/a>: Procure o Hemocentro mais pr\u00f3ximo, aqui temos alguns endere\u00e7os e algumas informa\u00e7\u00f5es importantes:<br \/>\n&gt;&gt;\u00a0<a class=\"oajrlxb2 g5ia77u1 qu0x051f esr5mh6w e9989ue4 r7d6kgcz rq0escxv nhd2j8a9 nc684nl6 p7hjln8o kvgmc6g5 cxmmr5t8 oygrvhab hcukyx3x jb3vyjys rz4wbd8a qt6c0cv9 a8nywdso i1ao9s8h esuyzwwr f1sip0of lzcic4wl py34i1dx gpro0wi8\" tabindex=\"0\" role=\"link\" href=\"http:\/\/redome.inca.gov.br\/doador\/?fbclid=IwAR0nYp593GoEgogcVhtahZhBBW_Bbohb3QLA6mG75D43gFqfdg7aXRiNbP4\" target=\"_blank\" rel=\"nofollow noopener noreferrer\">http:\/\/redome.inca.gov.br\/doador\/<\/a><\/div>\n","protected":false},"excerpt":{"rendered":"<p>O garoto dracenense Maycon Douglas Santos Silva de 13 anos, morador do Jardim Brasil\u00e2ncia em Dracena, e que est\u00e1 internado em Marilia, necessita de Doador de Med\u00fala. Qualquer contato pode ser feito diretamente com a senhora Jaqueline Barbosa, que \u00e9 a m\u00e3e do adolescente, atrav\u00e9s do Cel. (18) 99649 9699. Conhe\u00e7a um pouco do que [&hellip;]<\/p>\n","protected":false},"author":1,"featured_media":35714,"comment_status":"closed","ping_status":"open","sticky":false,"template":"","format":"standard","meta":{"footnotes":""},"categories":[110,122],"tags":[],"class_list":["post-35711","post","type-post","status-publish","format-standard","has-post-thumbnail","hentry","category-noticiasdestaque","category-saudeeducacaoeconcurso"],"_links":{"self":[{"href":"https:\/\/jorgezanoni.com.br\/2019\/wp-json\/wp\/v2\/posts\/35711","targetHints":{"allow":["GET"]}}],"collection":[{"href":"https:\/\/jorgezanoni.com.br\/2019\/wp-json\/wp\/v2\/posts"}],"about":[{"href":"https:\/\/jorgezanoni.com.br\/2019\/wp-json\/wp\/v2\/types\/post"}],"author":[{"embeddable":true,"href":"https:\/\/jorgezanoni.com.br\/2019\/wp-json\/wp\/v2\/users\/1"}],"replies":[{"embeddable":true,"href":"https:\/\/jorgezanoni.com.br\/2019\/wp-json\/wp\/v2\/comments?post=35711"}],"version-history":[{"count":0,"href":"https:\/\/jorgezanoni.com.br\/2019\/wp-json\/wp\/v2\/posts\/35711\/revisions"}],"wp:featuredmedia":[{"embeddable":true,"href":"https:\/\/jorgezanoni.com.br\/2019\/wp-json\/wp\/v2\/media\/35714"}],"wp:attachment":[{"href":"https:\/\/jorgezanoni.com.br\/2019\/wp-json\/wp\/v2\/media?parent=35711"}],"wp:term":[{"taxonomy":"category","embeddable":true,"href":"https:\/\/jorgezanoni.com.br\/2019\/wp-json\/wp\/v2\/categories?post=35711"},{"taxonomy":"post_tag","embeddable":true,"href":"https:\/\/jorgezanoni.com.br\/2019\/wp-json\/wp\/v2\/tags?post=35711"}],"curies":[{"name":"wp","href":"https:\/\/api.w.org\/{rel}","templated":true}]}}