{"id":35708,"date":"2020-09-27T21:45:14","date_gmt":"2020-09-27T21:45:14","guid":{"rendered":"https:\/\/jorgezanoni.com.br\/2019\/?p=35708"},"modified":"2020-09-27T21:45:14","modified_gmt":"2020-09-27T21:45:14","slug":"queimada-interdita-trecho-de-rodovia-entre-jau-e-pederneiras-e-mobiliza-bombeiros","status":"publish","type":"post","link":"https:\/\/jorgezanoni.com.br\/2019\/queimada-interdita-trecho-de-rodovia-entre-jau-e-pederneiras-e-mobiliza-bombeiros\/","title":{"rendered":"Queimada interdita trecho de rodovia entre Ja\u00fa e Pederneiras e mobiliza bombeiros"},"content":{"rendered":"<h2 class=\"content-head__subtitle\" style=\"text-align: justify;\"><strong>Segundo a Pol\u00edcia Rodovi\u00e1ria, os dois sentidos da Comandante Jo\u00e3o Ribeiro de Barros no km 191 tiveram o tr\u00e1fego prejudicado por algumas horas. Via foi liberada por volta das 13 horas.<\/strong><\/h2>\n<div class=\"mc-column content-text active-extra-styles \" data-block-type=\"unstyled\" data-block-weight=\"51\" data-block-id=\"2\">\n<p class=\"content-text__container \" style=\"text-align: justify;\" data-track-category=\"Link no Texto\" data-track-links=\"\">Os dois sentidos da Rodovia Comandante Jo\u00e3o Ribeiro de Barros (SP-294) no km 191 entre Ja\u00fa e Pederneiras (SP) foram liberados ap\u00f3s ficaram interditados por cerca de uma hora devido a uma queimada que atingiu a \u00e1rea de mata \u00e0s margens da rodovia no fim da manh\u00e3 deste domingo (27).<\/p>\n<\/div>\n<div class=\"wall protected-content\">\n<div class=\"mc-column content-text active-extra-styles \" style=\"text-align: justify;\" data-block-type=\"unstyled\" data-block-weight=\"37\" data-block-id=\"3\">\n<p class=\"content-text__container \" data-track-category=\"Link no Texto\" data-track-links=\"\">A fuma\u00e7a invadiu a pista e a visibilidade ficou quase nula no local, segundo a Pol\u00edcia Rodovi\u00e1ria. O Corpo de Bombeiros foi acionado para controlar as chamas e interditou o tr\u00e2nsito para o combate ao inc\u00eandio.<\/p>\n<\/div>\n<div class=\"row medium-uncollapsed content-media content-photo\" style=\"text-align: justify;\" data-block-type=\"backstage-photo\" data-block-id=\"4\">\n<div class=\"mc-column content-media__container\">\n<figure><img decoding=\"async\" class=\"i-amphtml-fill-content i-amphtml-replaced-content\" src=\"https:\/\/s2.glbimg.com\/gr8SE35UYkfF8-PuRFet31ZTrqg=\/0x0:1041x630\/984x0\/smart\/filters:strip_icc()\/i.s3.glbimg.com\/v1\/AUTH_59edd422c0c84a879bd37670ae4f538a\/internal_photos\/bs\/2020\/g\/G\/sLvH0cRYe8JdHGLuCTBQ\/incendio-jau-rodovia.jpg\" sizes=\"(max-width: 1366px) 648px, 100vw\" srcset=\"https:\/\/s2.glbimg.com\/vcM9TAa1GQUX5NPluu-XyDXNztw=\/0x0:1041x630\/1000x0\/smart\/filters:strip_icc()\/i.s3.glbimg.com\/v1\/AUTH_59edd422c0c84a879bd37670ae4f538a\/internal_photos\/bs\/2020\/g\/G\/sLvH0cRYe8JdHGLuCTBQ\/incendio-jau-rodovia.jpg 1000w, https:\/\/s2.glbimg.com\/gr8SE35UYkfF8-PuRFet31ZTrqg=\/0x0:1041x630\/984x0\/smart\/filters:strip_icc()\/i.s3.glbimg.com\/v1\/AUTH_59edd422c0c84a879bd37670ae4f538a\/internal_photos\/bs\/2020\/g\/G\/sLvH0cRYe8JdHGLuCTBQ\/incendio-jau-rodovia.jpg 984w, https:\/\/s2.glbimg.com\/w3GfSuuhaGs8SKsxXkBUIGdHrHE=\/0x0:1041x630\/640x0\/smart\/filters:strip_icc()\/i.s3.glbimg.com\/v1\/AUTH_59edd422c0c84a879bd37670ae4f538a\/internal_photos\/bs\/2020\/g\/G\/sLvH0cRYe8JdHGLuCTBQ\/incendio-jau-rodovia.jpg 640w, https:\/\/s2.glbimg.com\/iW4wXYt_N6pvUatcvU3cLA4NTN0=\/0x0:1041x630\/600x0\/smart\/filters:strip_icc()\/i.s3.glbimg.com\/v1\/AUTH_59edd422c0c84a879bd37670ae4f538a\/internal_photos\/bs\/2020\/g\/G\/sLvH0cRYe8JdHGLuCTBQ\/incendio-jau-rodovia.jpg 600w\" alt=\"Queimada atingiu \u00e1rea \u00e0s margens da Rodovia Comandante Jo\u00e3o Ribeiro de Barros em Ja\u00fa  \u2014 Foto: Luizinho Andretto\/ Divulga\u00e7\u00e3o \" \/><\/figure>\n<p class=\"content-media__description \">Queimada atingiu \u00e1rea \u00e0s margens da Rodovia Comandante Jo\u00e3o Ribeiro de Barros em Ja\u00fa \u2014 Foto: Luizinho Andretto\/ Divulga\u00e7\u00e3o<\/p>\n<\/div>\n<\/div>\n<div class=\"mc-column content-text active-extra-styles \" style=\"text-align: justify;\" data-block-type=\"unstyled\" data-block-weight=\"21\" data-block-id=\"5\">\n<p class=\"content-text__container \" data-track-category=\"Link no Texto\" data-track-links=\"\">Devido ao vento, v\u00e1rios focos de inc\u00eandio foram registrados \u00e0s margens da via e o fogo acabou atravessando a pista.<\/p>\n<\/div>\n<div class=\"content-ads content-ads--reveal\" style=\"text-align: justify;\" data-block-type=\"ads\" data-block-id=\"6\">\n<div id=\"banner_materia2\" class=\"tag-manager-publicidade-container mc-has-reveal mc-has-ad-lazyload\" data-id=\"banner_materia2\"><\/div>\n<\/div>\n<div class=\"mc-column content-text active-extra-styles \" style=\"text-align: justify;\" data-block-type=\"unstyled\" data-block-weight=\"32\" data-block-id=\"7\">\n<p class=\"content-text__container \" data-track-category=\"Link no Texto\" data-track-links=\"\">Um congestionamento se formou no trecho por causa da interdi\u00e7\u00e3o do tr\u00e2nsito at\u00e9 o in\u00edcio da tarde. A pista foi liberada por volta das 13h. N\u00e3o houve registro de acidentes ou feridos.<\/p>\n<\/div>\n<div class=\"row medium-uncollapsed content-media content-photo\" data-block-type=\"backstage-photo\" data-block-id=\"8\">\n<div class=\"mc-column content-media__container\">\n<figure style=\"text-align: justify;\"><img decoding=\"async\" class=\"i-amphtml-fill-content i-amphtml-replaced-content\" src=\"https:\/\/s2.glbimg.com\/ntu5AWyXKxg0IZ2VVApalrY5z7Q=\/0x0:1042x615\/984x0\/smart\/filters:strip_icc()\/i.s3.glbimg.com\/v1\/AUTH_59edd422c0c84a879bd37670ae4f538a\/internal_photos\/bs\/2020\/0\/y\/OYSg3QRDAhAowRxHWrGA\/incendio-jau-rodovia1.jpg\" sizes=\"(max-width: 1366px) 648px, 100vw\" srcset=\"https:\/\/s2.glbimg.com\/MPqvcn1WMWJtCiqJONmo8FgnaUg=\/0x0:1042x615\/1000x0\/smart\/filters:strip_icc()\/i.s3.glbimg.com\/v1\/AUTH_59edd422c0c84a879bd37670ae4f538a\/internal_photos\/bs\/2020\/0\/y\/OYSg3QRDAhAowRxHWrGA\/incendio-jau-rodovia1.jpg 1000w, https:\/\/s2.glbimg.com\/ntu5AWyXKxg0IZ2VVApalrY5z7Q=\/0x0:1042x615\/984x0\/smart\/filters:strip_icc()\/i.s3.glbimg.com\/v1\/AUTH_59edd422c0c84a879bd37670ae4f538a\/internal_photos\/bs\/2020\/0\/y\/OYSg3QRDAhAowRxHWrGA\/incendio-jau-rodovia1.jpg 984w, https:\/\/s2.glbimg.com\/VIsAACzeO9shO8aS4DIQR7LJ8zY=\/0x0:1042x615\/640x0\/smart\/filters:strip_icc()\/i.s3.glbimg.com\/v1\/AUTH_59edd422c0c84a879bd37670ae4f538a\/internal_photos\/bs\/2020\/0\/y\/OYSg3QRDAhAowRxHWrGA\/incendio-jau-rodovia1.jpg 640w, https:\/\/s2.glbimg.com\/pWmip5T9s9h3tEhgXJz4UtHmR7k=\/0x0:1042x615\/600x0\/smart\/filters:strip_icc()\/i.s3.glbimg.com\/v1\/AUTH_59edd422c0c84a879bd37670ae4f538a\/internal_photos\/bs\/2020\/0\/y\/OYSg3QRDAhAowRxHWrGA\/incendio-jau-rodovia1.jpg 600w\" alt=\"Fuma\u00e7a deixou a visibilidade quase nula no trecho na rodovia em Ja\u00fa  \u2014 Foto: Luizinho Andretto \/ Divulga\u00e7\u00e3o \" \/><\/figure>\n<p class=\"content-media__description \" style=\"text-align: justify;\">Fuma\u00e7a deixou a visibilidade quase nula no trecho na rodovia em Ja\u00fa \u2014 Foto: Luizinho Andretto \/ Divulga\u00e7\u00e3o<\/p>\n<p style=\"text-align: justify;\">Fonte: G1<\/p>\n<\/div>\n<\/div>\n<\/div>\n","protected":false},"excerpt":{"rendered":"<p>Segundo a Pol\u00edcia Rodovi\u00e1ria, os dois sentidos da Comandante Jo\u00e3o Ribeiro de Barros no km 191 tiveram o tr\u00e1fego prejudicado por algumas horas. Via foi liberada por volta das 13 horas. Os dois sentidos da Rodovia Comandante Jo\u00e3o Ribeiro de Barros (SP-294) no km 191 entre Ja\u00fa e Pederneiras (SP) foram liberados ap\u00f3s ficaram interditados [&hellip;]<\/p>\n","protected":false},"author":1,"featured_media":35709,"comment_status":"closed","ping_status":"open","sticky":false,"template":"","format":"standard","meta":{"footnotes":""},"categories":[180,176,110],"tags":[],"class_list":["post-35708","post","type-post","status-publish","format-standard","has-post-thumbnail","hentry","category-estradastransitoveiculos","category-meioambienteeagricultura","category-noticiasdestaque"],"_links":{"self":[{"href":"https:\/\/jorgezanoni.com.br\/2019\/wp-json\/wp\/v2\/posts\/35708","targetHints":{"allow":["GET"]}}],"collection":[{"href":"https:\/\/jorgezanoni.com.br\/2019\/wp-json\/wp\/v2\/posts"}],"about":[{"href":"https:\/\/jorgezanoni.com.br\/2019\/wp-json\/wp\/v2\/types\/post"}],"author":[{"embeddable":true,"href":"https:\/\/jorgezanoni.com.br\/2019\/wp-json\/wp\/v2\/users\/1"}],"replies":[{"embeddable":true,"href":"https:\/\/jorgezanoni.com.br\/2019\/wp-json\/wp\/v2\/comments?post=35708"}],"version-history":[{"count":0,"href":"https:\/\/jorgezanoni.com.br\/2019\/wp-json\/wp\/v2\/posts\/35708\/revisions"}],"wp:featuredmedia":[{"embeddable":true,"href":"https:\/\/jorgezanoni.com.br\/2019\/wp-json\/wp\/v2\/media\/35709"}],"wp:attachment":[{"href":"https:\/\/jorgezanoni.com.br\/2019\/wp-json\/wp\/v2\/media?parent=35708"}],"wp:term":[{"taxonomy":"category","embeddable":true,"href":"https:\/\/jorgezanoni.com.br\/2019\/wp-json\/wp\/v2\/categories?post=35708"},{"taxonomy":"post_tag","embeddable":true,"href":"https:\/\/jorgezanoni.com.br\/2019\/wp-json\/wp\/v2\/tags?post=35708"}],"curies":[{"name":"wp","href":"https:\/\/api.w.org\/{rel}","templated":true}]}}