{"id":3570,"date":"2019-08-11T03:56:37","date_gmt":"2019-08-11T03:56:37","guid":{"rendered":"https:\/\/jorgezanoni.com.br\/2019\/?p=3570"},"modified":"2019-08-11T03:56:37","modified_gmt":"2019-08-11T03:56:37","slug":"aniversariantes-do-dia-11-08-19","status":"publish","type":"post","link":"https:\/\/jorgezanoni.com.br\/2019\/aniversariantes-do-dia-11-08-19\/","title":{"rendered":"Aniversariantes do dia 11\/08\/19"},"content":{"rendered":"<p>PARABENIZAMOS OS ANIVERSARIANTES DE HOJE:<img loading=\"lazy\" decoding=\"async\" class=\"alignnone size-full wp-image-3573\" src=\"https:\/\/jorgezanoni.com.br\/2019\/wp-content\/uploads\/2019\/08\/Alessandra-Poletto-de-La-Bandeira-1.jpg\" alt=\"\" width=\"640\" height=\"640\" srcset=\"https:\/\/jorgezanoni.com.br\/2019\/wp-content\/uploads\/2019\/08\/Alessandra-Poletto-de-La-Bandeira-1.jpg 640w, https:\/\/jorgezanoni.com.br\/2019\/wp-content\/uploads\/2019\/08\/Alessandra-Poletto-de-La-Bandeira-1-150x150.jpg 150w, https:\/\/jorgezanoni.com.br\/2019\/wp-content\/uploads\/2019\/08\/Alessandra-Poletto-de-La-Bandeira-1-300x300.jpg 300w, https:\/\/jorgezanoni.com.br\/2019\/wp-content\/uploads\/2019\/08\/Alessandra-Poletto-de-La-Bandeira-1-420x420.jpg 420w\" sizes=\"auto, (max-width: 640px) 100vw, 640px\" \/><\/p>\n<p>Alessandra Poletto de La Bandeira<\/p>\n<p><img loading=\"lazy\" decoding=\"async\" class=\"alignnone size-full wp-image-3574\" src=\"https:\/\/jorgezanoni.com.br\/2019\/wp-content\/uploads\/2019\/08\/Ana-Valetta-Fumagalli-1.jpg\" alt=\"\" width=\"720\" height=\"960\" srcset=\"https:\/\/jorgezanoni.com.br\/2019\/wp-content\/uploads\/2019\/08\/Ana-Valetta-Fumagalli-1.jpg 720w, https:\/\/jorgezanoni.com.br\/2019\/wp-content\/uploads\/2019\/08\/Ana-Valetta-Fumagalli-1-225x300.jpg 225w, https:\/\/jorgezanoni.com.br\/2019\/wp-content\/uploads\/2019\/08\/Ana-Valetta-Fumagalli-1-696x928.jpg 696w, https:\/\/jorgezanoni.com.br\/2019\/wp-content\/uploads\/2019\/08\/Ana-Valetta-Fumagalli-1-315x420.jpg 315w\" sizes=\"auto, (max-width: 720px) 100vw, 720px\" \/><\/p>\n<p>Ana Valetta Fumagalli<\/p>\n<p><img loading=\"lazy\" decoding=\"async\" class=\"alignnone size-full wp-image-3575\" src=\"https:\/\/jorgezanoni.com.br\/2019\/wp-content\/uploads\/2019\/08\/Claudete-Zanolo.jpg\" alt=\"\" width=\"503\" height=\"502\" srcset=\"https:\/\/jorgezanoni.com.br\/2019\/wp-content\/uploads\/2019\/08\/Claudete-Zanolo.jpg 503w, https:\/\/jorgezanoni.com.br\/2019\/wp-content\/uploads\/2019\/08\/Claudete-Zanolo-150x150.jpg 150w, https:\/\/jorgezanoni.com.br\/2019\/wp-content\/uploads\/2019\/08\/Claudete-Zanolo-300x300.jpg 300w, https:\/\/jorgezanoni.com.br\/2019\/wp-content\/uploads\/2019\/08\/Claudete-Zanolo-421x420.jpg 421w\" sizes=\"auto, (max-width: 503px) 100vw, 503px\" \/><\/p>\n<p>Claudete Zanolo<\/p>\n<p><img loading=\"lazy\" decoding=\"async\" class=\"alignnone size-full wp-image-3576\" src=\"https:\/\/jorgezanoni.com.br\/2019\/wp-content\/uploads\/2019\/08\/Elita.jpg\" alt=\"\" width=\"192\" height=\"192\" srcset=\"https:\/\/jorgezanoni.com.br\/2019\/wp-content\/uploads\/2019\/08\/Elita.jpg 192w, https:\/\/jorgezanoni.com.br\/2019\/wp-content\/uploads\/2019\/08\/Elita-150x150.jpg 150w\" sizes=\"auto, (max-width: 192px) 100vw, 192px\" \/><\/p>\n<p>Elita Magalh\u00e3es<\/p>\n<p><img loading=\"lazy\" decoding=\"async\" class=\"alignnone size-full wp-image-3577\" src=\"https:\/\/jorgezanoni.com.br\/2019\/wp-content\/uploads\/2019\/08\/Ellen-Fabbo-Malheiros.jpg\" alt=\"\" width=\"640\" height=\"960\" srcset=\"https:\/\/jorgezanoni.com.br\/2019\/wp-content\/uploads\/2019\/08\/Ellen-Fabbo-Malheiros.jpg 640w, https:\/\/jorgezanoni.com.br\/2019\/wp-content\/uploads\/2019\/08\/Ellen-Fabbo-Malheiros-200x300.jpg 200w, https:\/\/jorgezanoni.com.br\/2019\/wp-content\/uploads\/2019\/08\/Ellen-Fabbo-Malheiros-280x420.jpg 280w\" sizes=\"auto, (max-width: 640px) 100vw, 640px\" \/><\/p>\n<p>Ellen Fabbro Malheiros<\/p>\n<p><img loading=\"lazy\" decoding=\"async\" class=\"alignnone size-full wp-image-3578\" src=\"https:\/\/jorgezanoni.com.br\/2019\/wp-content\/uploads\/2019\/08\/Eunice-Feliciano.jpg\" alt=\"\" width=\"269\" height=\"269\" srcset=\"https:\/\/jorgezanoni.com.br\/2019\/wp-content\/uploads\/2019\/08\/Eunice-Feliciano.jpg 269w, https:\/\/jorgezanoni.com.br\/2019\/wp-content\/uploads\/2019\/08\/Eunice-Feliciano-150x150.jpg 150w\" sizes=\"auto, (max-width: 269px) 100vw, 269px\" \/><\/p>\n<p>Eunice Feliciano<\/p>\n<p><img loading=\"lazy\" decoding=\"async\" class=\"alignnone size-full wp-image-3579\" src=\"https:\/\/jorgezanoni.com.br\/2019\/wp-content\/uploads\/2019\/08\/Jos\u00e9-Otacilio-Silveira.jpg\" alt=\"\" width=\"960\" height=\"960\" srcset=\"https:\/\/jorgezanoni.com.br\/2019\/wp-content\/uploads\/2019\/08\/Jos\u00e9-Otacilio-Silveira.jpg 960w, https:\/\/jorgezanoni.com.br\/2019\/wp-content\/uploads\/2019\/08\/Jos\u00e9-Otacilio-Silveira-150x150.jpg 150w, https:\/\/jorgezanoni.com.br\/2019\/wp-content\/uploads\/2019\/08\/Jos\u00e9-Otacilio-Silveira-300x300.jpg 300w, https:\/\/jorgezanoni.com.br\/2019\/wp-content\/uploads\/2019\/08\/Jos\u00e9-Otacilio-Silveira-768x768.jpg 768w, https:\/\/jorgezanoni.com.br\/2019\/wp-content\/uploads\/2019\/08\/Jos\u00e9-Otacilio-Silveira-696x696.jpg 696w, https:\/\/jorgezanoni.com.br\/2019\/wp-content\/uploads\/2019\/08\/Jos\u00e9-Otacilio-Silveira-420x420.jpg 420w\" sizes=\"auto, (max-width: 960px) 100vw, 960px\" \/><\/p>\n<p>Jos\u00e9 Otacilio Silveira<\/p>\n<p><img loading=\"lazy\" decoding=\"async\" class=\"alignnone size-full wp-image-3580\" src=\"https:\/\/jorgezanoni.com.br\/2019\/wp-content\/uploads\/2019\/08\/Maria-Luciene-Cotarelli.jpg\" alt=\"\" width=\"418\" height=\"420\" srcset=\"https:\/\/jorgezanoni.com.br\/2019\/wp-content\/uploads\/2019\/08\/Maria-Luciene-Cotarelli.jpg 418w, https:\/\/jorgezanoni.com.br\/2019\/wp-content\/uploads\/2019\/08\/Maria-Luciene-Cotarelli-150x150.jpg 150w, https:\/\/jorgezanoni.com.br\/2019\/wp-content\/uploads\/2019\/08\/Maria-Luciene-Cotarelli-300x300.jpg 300w\" sizes=\"auto, (max-width: 418px) 100vw, 418px\" \/><\/p>\n<p>Maria Luciene Cotarelli<\/p>\n<p><img loading=\"lazy\" decoding=\"async\" class=\"alignnone size-full wp-image-3581\" src=\"https:\/\/jorgezanoni.com.br\/2019\/wp-content\/uploads\/2019\/08\/Marilei-Marostica-Custodio.jpg\" alt=\"\" width=\"830\" height=\"843\" srcset=\"https:\/\/jorgezanoni.com.br\/2019\/wp-content\/uploads\/2019\/08\/Marilei-Marostica-Custodio.jpg 830w, https:\/\/jorgezanoni.com.br\/2019\/wp-content\/uploads\/2019\/08\/Marilei-Marostica-Custodio-295x300.jpg 295w, https:\/\/jorgezanoni.com.br\/2019\/wp-content\/uploads\/2019\/08\/Marilei-Marostica-Custodio-768x780.jpg 768w, https:\/\/jorgezanoni.com.br\/2019\/wp-content\/uploads\/2019\/08\/Marilei-Marostica-Custodio-696x707.jpg 696w, https:\/\/jorgezanoni.com.br\/2019\/wp-content\/uploads\/2019\/08\/Marilei-Marostica-Custodio-414x420.jpg 414w\" sizes=\"auto, (max-width: 830px) 100vw, 830px\" \/><\/p>\n<p>Marilei Mar\u00f3stica Cust\u00f3dio<\/p>\n<p><img loading=\"lazy\" decoding=\"async\" class=\"alignnone size-full wp-image-3582\" src=\"https:\/\/jorgezanoni.com.br\/2019\/wp-content\/uploads\/2019\/08\/Marta-Furlan.jpg\" alt=\"\" width=\"576\" height=\"774\" srcset=\"https:\/\/jorgezanoni.com.br\/2019\/wp-content\/uploads\/2019\/08\/Marta-Furlan.jpg 576w, https:\/\/jorgezanoni.com.br\/2019\/wp-content\/uploads\/2019\/08\/Marta-Furlan-223x300.jpg 223w, https:\/\/jorgezanoni.com.br\/2019\/wp-content\/uploads\/2019\/08\/Marta-Furlan-313x420.jpg 313w\" sizes=\"auto, (max-width: 576px) 100vw, 576px\" \/><\/p>\n<p>Marta Furlan<\/p>\n<p><img loading=\"lazy\" decoding=\"async\" class=\"alignnone size-full wp-image-3583\" src=\"https:\/\/jorgezanoni.com.br\/2019\/wp-content\/uploads\/2019\/08\/Silene-Cris.jpg\" alt=\"\" width=\"622\" height=\"960\" srcset=\"https:\/\/jorgezanoni.com.br\/2019\/wp-content\/uploads\/2019\/08\/Silene-Cris.jpg 622w, https:\/\/jorgezanoni.com.br\/2019\/wp-content\/uploads\/2019\/08\/Silene-Cris-194x300.jpg 194w, https:\/\/jorgezanoni.com.br\/2019\/wp-content\/uploads\/2019\/08\/Silene-Cris-272x420.jpg 272w\" sizes=\"auto, (max-width: 622px) 100vw, 622px\" \/><\/p>\n<p>Silene Cris<\/p>\n<p><img loading=\"lazy\" decoding=\"async\" class=\"alignnone size-full wp-image-3584\" src=\"https:\/\/jorgezanoni.com.br\/2019\/wp-content\/uploads\/2019\/08\/Sueli-Rodero.jpg\" alt=\"\" width=\"477\" height=\"708\" srcset=\"https:\/\/jorgezanoni.com.br\/2019\/wp-content\/uploads\/2019\/08\/Sueli-Rodero.jpg 477w, https:\/\/jorgezanoni.com.br\/2019\/wp-content\/uploads\/2019\/08\/Sueli-Rodero-202x300.jpg 202w, https:\/\/jorgezanoni.com.br\/2019\/wp-content\/uploads\/2019\/08\/Sueli-Rodero-283x420.jpg 283w\" sizes=\"auto, (max-width: 477px) 100vw, 477px\" \/><\/p>\n<p>Sueli Rodero<\/p>\n<p>&nbsp;<\/p>\n<p>&nbsp;<\/p>\n","protected":false},"excerpt":{"rendered":"<p>PARABENIZAMOS OS ANIVERSARIANTES DE HOJE: Alessandra Poletto de La Bandeira Ana Valetta Fumagalli Claudete Zanolo Elita Magalh\u00e3es Ellen Fabbro Malheiros Eunice Feliciano Jos\u00e9 Otacilio Silveira Maria Luciene Cotarelli Marilei Mar\u00f3stica Cust\u00f3dio Marta Furlan Silene Cris Sueli Rodero &nbsp; &nbsp;<\/p>\n","protected":false},"author":1,"featured_media":3576,"comment_status":"closed","ping_status":"open","sticky":false,"template":"","format":"standard","meta":{"footnotes":""},"categories":[174],"tags":[],"class_list":["post-3570","post","type-post","status-publish","format-standard","has-post-thumbnail","hentry","category-aniversariantes"],"_links":{"self":[{"href":"https:\/\/jorgezanoni.com.br\/2019\/wp-json\/wp\/v2\/posts\/3570","targetHints":{"allow":["GET"]}}],"collection":[{"href":"https:\/\/jorgezanoni.com.br\/2019\/wp-json\/wp\/v2\/posts"}],"about":[{"href":"https:\/\/jorgezanoni.com.br\/2019\/wp-json\/wp\/v2\/types\/post"}],"author":[{"embeddable":true,"href":"https:\/\/jorgezanoni.com.br\/2019\/wp-json\/wp\/v2\/users\/1"}],"replies":[{"embeddable":true,"href":"https:\/\/jorgezanoni.com.br\/2019\/wp-json\/wp\/v2\/comments?post=3570"}],"version-history":[{"count":0,"href":"https:\/\/jorgezanoni.com.br\/2019\/wp-json\/wp\/v2\/posts\/3570\/revisions"}],"wp:featuredmedia":[{"embeddable":true,"href":"https:\/\/jorgezanoni.com.br\/2019\/wp-json\/wp\/v2\/media\/3576"}],"wp:attachment":[{"href":"https:\/\/jorgezanoni.com.br\/2019\/wp-json\/wp\/v2\/media?parent=3570"}],"wp:term":[{"taxonomy":"category","embeddable":true,"href":"https:\/\/jorgezanoni.com.br\/2019\/wp-json\/wp\/v2\/categories?post=3570"},{"taxonomy":"post_tag","embeddable":true,"href":"https:\/\/jorgezanoni.com.br\/2019\/wp-json\/wp\/v2\/tags?post=3570"}],"curies":[{"name":"wp","href":"https:\/\/api.w.org\/{rel}","templated":true}]}}