{"id":35684,"date":"2020-09-27T17:28:27","date_gmt":"2020-09-27T17:28:27","guid":{"rendered":"https:\/\/jorgezanoni.com.br\/2019\/?p=35684"},"modified":"2020-09-27T17:28:27","modified_gmt":"2020-09-27T17:28:27","slug":"vandalos-voltam-a-destruir-tumulos-no-cemiterio-de-osvaldo-cruz","status":"publish","type":"post","link":"https:\/\/jorgezanoni.com.br\/2019\/vandalos-voltam-a-destruir-tumulos-no-cemiterio-de-osvaldo-cruz\/","title":{"rendered":"V\u00e2ndalos voltam a destruir t\u00famulos no cemit\u00e9rio de Osvaldo Cruz"},"content":{"rendered":"<p style=\"text-align: justify;\"><strong>Reportagem do Portal Metr\u00f3pole de Not\u00edcias recebeu den\u00fancia sobre o fato.<\/strong><\/p>\n<p style=\"text-align: justify;\">Na manh\u00e3 deste domingo (27), a reportagem do Portal Metr\u00f3pole de Not\u00edcias esteve no cemit\u00e9rio de Osvaldo Cruz onde, ap\u00f3s den\u00fancias de vandalismo no local, constatou alguns t\u00famulos destru\u00eddos.<\/p>\n<p style=\"text-align: justify;\">Frequentadores, em conversa com a reportagem, relataram que ap\u00f3s as 18h os port\u00f5es do local s\u00e3o fechados, mas um deles, que fica na rua Feb, permanece aberto 24h sendo que v\u00e1rias pessoas t\u00eam acesso ao cemit\u00e9rio.<\/p>\n<p style=\"text-align: justify;\">Os atos de vandalismo no cemit\u00e9rio de Osvaldo Cruz acontecem desde 2017, e em mar\u00e7o de 2018 a Pol\u00edcia Civil conseguiu identificar um casal de adolescentes que assumiu ter danificado cerca de dez t\u00famulos sem motivos nenhum.<\/p>\n<p style=\"text-align: justify;\">Um sistema de monitoramento foi instalado no interior do cemit\u00e9rio e pode ajudar a Pol\u00edcia Civil a identificar os autores deste ato de vandalismo.<\/p>\n<p style=\"text-align: justify;\">Fonte: fmmetropole.com.br<\/p>\n","protected":false},"excerpt":{"rendered":"<p>Reportagem do Portal Metr\u00f3pole de Not\u00edcias recebeu den\u00fancia sobre o fato. Na manh\u00e3 deste domingo (27), a reportagem do Portal Metr\u00f3pole de Not\u00edcias esteve no cemit\u00e9rio de Osvaldo Cruz onde, ap\u00f3s den\u00fancias de vandalismo no local, constatou alguns t\u00famulos destru\u00eddos. Frequentadores, em conversa com a reportagem, relataram que ap\u00f3s as 18h os port\u00f5es do local [&hellip;]<\/p>\n","protected":false},"author":1,"featured_media":35685,"comment_status":"closed","ping_status":"open","sticky":false,"template":"","format":"standard","meta":{"footnotes":""},"categories":[110,2],"tags":[],"class_list":["post-35684","post","type-post","status-publish","format-standard","has-post-thumbnail","hentry","category-noticiasdestaque","category-policial"],"_links":{"self":[{"href":"https:\/\/jorgezanoni.com.br\/2019\/wp-json\/wp\/v2\/posts\/35684","targetHints":{"allow":["GET"]}}],"collection":[{"href":"https:\/\/jorgezanoni.com.br\/2019\/wp-json\/wp\/v2\/posts"}],"about":[{"href":"https:\/\/jorgezanoni.com.br\/2019\/wp-json\/wp\/v2\/types\/post"}],"author":[{"embeddable":true,"href":"https:\/\/jorgezanoni.com.br\/2019\/wp-json\/wp\/v2\/users\/1"}],"replies":[{"embeddable":true,"href":"https:\/\/jorgezanoni.com.br\/2019\/wp-json\/wp\/v2\/comments?post=35684"}],"version-history":[{"count":0,"href":"https:\/\/jorgezanoni.com.br\/2019\/wp-json\/wp\/v2\/posts\/35684\/revisions"}],"wp:featuredmedia":[{"embeddable":true,"href":"https:\/\/jorgezanoni.com.br\/2019\/wp-json\/wp\/v2\/media\/35685"}],"wp:attachment":[{"href":"https:\/\/jorgezanoni.com.br\/2019\/wp-json\/wp\/v2\/media?parent=35684"}],"wp:term":[{"taxonomy":"category","embeddable":true,"href":"https:\/\/jorgezanoni.com.br\/2019\/wp-json\/wp\/v2\/categories?post=35684"},{"taxonomy":"post_tag","embeddable":true,"href":"https:\/\/jorgezanoni.com.br\/2019\/wp-json\/wp\/v2\/tags?post=35684"}],"curies":[{"name":"wp","href":"https:\/\/api.w.org\/{rel}","templated":true}]}}