{"id":35610,"date":"2020-09-25T21:19:47","date_gmt":"2020-09-25T21:19:47","guid":{"rendered":"https:\/\/jorgezanoni.com.br\/2019\/?p=35610"},"modified":"2020-09-25T21:19:47","modified_gmt":"2020-09-25T21:19:47","slug":"capotamento-deixa-duas-mulheres-feridas-na-sp-294","status":"publish","type":"post","link":"https:\/\/jorgezanoni.com.br\/2019\/capotamento-deixa-duas-mulheres-feridas-na-sp-294\/","title":{"rendered":"Capotamento deixa duas mulheres feridas na SP-294"},"content":{"rendered":"<p style=\"text-align: justify;\">Est\u00e1 em atendimento neste momento uma ocorr\u00eancia de capotamento de ve\u00edculo na Rodovia Comandante Jo\u00e3o Ribeiro de Barros \u2013 (SP-294) em Fl\u00f3rida Paulista.<\/p>\n<p style=\"text-align: justify;\">Nossa equipe de reportagem esteve no local, pr\u00f3ximo da Agroind\u00fastria Alimenta, e a princ\u00edpio, duas mulheres que s\u00e3o m\u00e3e e filha residentes em Fl\u00f3rida Paulista sofreram ferimentos.<\/p>\n<p style=\"text-align: justify;\">Segundo a Pol\u00edcia Militar, elas estavam em um ve\u00edculo Voyage com placas de Pacaembu e seguiam no sentido Adamantina\/Fl\u00f3rida Paulista, quando por motivos desconhecidos houve a perda do controle da dire\u00e7\u00e3o fazendo com que ocorresse o capotamento.<\/p>\n<div class=\"tiled-gallery type-square\" style=\"text-align: justify;\" data-original-width=\"740\" data-carousel-extra=\"{&quot;blog_id&quot;:1,&quot;permalink&quot;:&quot;https:\\\/\\\/ifolharegional.com.br\\\/2020\\\/09\\\/25\\\/capotamento-deixa-duas-mulheres-feridas-na-sp-294\\\/&quot;,&quot;likes_blog_id&quot;:157395130}\">\n<div class=\"gallery-row\" data-original-width=\"740\" data-original-height=\"246\">\n<div class=\"gallery-group\" data-original-width=\"246\" data-original-height=\"246\">\n<div class=\"tiled-gallery-item \"><a href=\"https:\/\/ifolharegional.com.br\/2020\/09\/25\/capotamento-deixa-duas-mulheres-feridas-na-sp-294\/dsc_0012\/\"><img loading=\"lazy\" decoding=\"async\" title=\"DSC_0012\" src=\"https:\/\/i2.wp.com\/ifolharegional.com.br\/wp-content\/uploads\/2020\/09\/DSC_0012.jpg?w=242&amp;h=242&amp;crop=1&amp;ssl=1\" alt=\"DSC_0012\" width=\"242\" height=\"242\" data-attachment-id=\"25968\" data-orig-file=\"https:\/\/ifolharegional.com.br\/wp-content\/uploads\/2020\/09\/DSC_0012.jpg\" data-orig-size=\"600,399\" data-comments-opened=\"\" data-image-meta=\"{&quot;aperture&quot;:&quot;18&quot;,&quot;credit&quot;:&quot;&quot;,&quot;camera&quot;:&quot;NIKON D90&quot;,&quot;caption&quot;:&quot;&quot;,&quot;created_timestamp&quot;:&quot;1600963544&quot;,&quot;copyright&quot;:&quot;&quot;,&quot;focal_length&quot;:&quot;42&quot;,&quot;iso&quot;:&quot;1600&quot;,&quot;shutter_speed&quot;:&quot;0.0008&quot;,&quot;title&quot;:&quot;&quot;,&quot;orientation&quot;:&quot;1&quot;}\" data-image-title=\"DSC_0012\" data-image-description=\"\" data-medium-file=\"https:\/\/i2.wp.com\/ifolharegional.com.br\/wp-content\/uploads\/2020\/09\/DSC_0012.jpg?fit=300%2C200&amp;ssl=1\" data-large-file=\"https:\/\/i2.wp.com\/ifolharegional.com.br\/wp-content\/uploads\/2020\/09\/DSC_0012.jpg?fit=600%2C399&amp;ssl=1\" data-original-width=\"242\" data-original-height=\"242\" \/><\/a><\/div>\n<\/div>\n<div class=\"gallery-group\" data-original-width=\"246\" data-original-height=\"246\">\n<div class=\"tiled-gallery-item \"><a href=\"https:\/\/ifolharegional.com.br\/2020\/09\/25\/capotamento-deixa-duas-mulheres-feridas-na-sp-294\/dsc_0013\/\"><img loading=\"lazy\" decoding=\"async\" title=\"DSC_0013\" src=\"https:\/\/i2.wp.com\/ifolharegional.com.br\/wp-content\/uploads\/2020\/09\/DSC_0013.jpg?w=242&amp;h=242&amp;crop=1&amp;ssl=1\" alt=\"DSC_0013\" width=\"242\" height=\"242\" data-attachment-id=\"25969\" data-orig-file=\"https:\/\/ifolharegional.com.br\/wp-content\/uploads\/2020\/09\/DSC_0013.jpg\" data-orig-size=\"600,399\" data-comments-opened=\"\" data-image-meta=\"{&quot;aperture&quot;:&quot;14&quot;,&quot;credit&quot;:&quot;&quot;,&quot;camera&quot;:&quot;NIKON D90&quot;,&quot;caption&quot;:&quot;&quot;,&quot;created_timestamp&quot;:&quot;1600963754&quot;,&quot;copyright&quot;:&quot;&quot;,&quot;focal_length&quot;:&quot;22&quot;,&quot;iso&quot;:&quot;1600&quot;,&quot;shutter_speed&quot;:&quot;0.00125&quot;,&quot;title&quot;:&quot;&quot;,&quot;orientation&quot;:&quot;1&quot;}\" data-image-title=\"DSC_0013\" data-image-description=\"\" data-medium-file=\"https:\/\/i2.wp.com\/ifolharegional.com.br\/wp-content\/uploads\/2020\/09\/DSC_0013.jpg?fit=300%2C200&amp;ssl=1\" data-large-file=\"https:\/\/i2.wp.com\/ifolharegional.com.br\/wp-content\/uploads\/2020\/09\/DSC_0013.jpg?fit=600%2C399&amp;ssl=1\" data-original-width=\"242\" data-original-height=\"242\" \/><\/a><\/div>\n<\/div>\n<div class=\"gallery-group\" data-original-width=\"246\" data-original-height=\"246\">\n<div class=\"tiled-gallery-item \"><a href=\"https:\/\/ifolharegional.com.br\/2020\/09\/25\/capotamento-deixa-duas-mulheres-feridas-na-sp-294\/dsc_0022\/\"><img loading=\"lazy\" decoding=\"async\" title=\"DSC_0022\" src=\"https:\/\/i1.wp.com\/ifolharegional.com.br\/wp-content\/uploads\/2020\/09\/DSC_0022.jpg?w=242&amp;h=242&amp;crop=1&amp;ssl=1\" alt=\"DSC_0022\" width=\"242\" height=\"242\" data-attachment-id=\"25970\" data-orig-file=\"https:\/\/ifolharegional.com.br\/wp-content\/uploads\/2020\/09\/DSC_0022.jpg\" data-orig-size=\"600,427\" data-comments-opened=\"\" data-image-meta=\"{&quot;aperture&quot;:&quot;14&quot;,&quot;credit&quot;:&quot;&quot;,&quot;camera&quot;:&quot;NIKON D90&quot;,&quot;caption&quot;:&quot;&quot;,&quot;created_timestamp&quot;:&quot;1600963775&quot;,&quot;copyright&quot;:&quot;&quot;,&quot;focal_length&quot;:&quot;18&quot;,&quot;iso&quot;:&quot;1600&quot;,&quot;shutter_speed&quot;:&quot;0.00125&quot;,&quot;title&quot;:&quot;&quot;,&quot;orientation&quot;:&quot;1&quot;}\" data-image-title=\"DSC_0022\" data-image-description=\"\" data-medium-file=\"https:\/\/i1.wp.com\/ifolharegional.com.br\/wp-content\/uploads\/2020\/09\/DSC_0022.jpg?fit=300%2C214&amp;ssl=1\" data-large-file=\"https:\/\/i1.wp.com\/ifolharegional.com.br\/wp-content\/uploads\/2020\/09\/DSC_0022.jpg?fit=600%2C427&amp;ssl=1\" data-original-width=\"242\" data-original-height=\"242\" \/><\/a><\/div>\n<\/div>\n<\/div>\n<\/div>\n<p style=\"text-align: justify;\">Ainda segundo a PM, um caminh\u00e3o tamb\u00e9m teria se envolvido no acidente.<\/p>\n<p style=\"text-align: justify;\">Equipes do Corpo de Bombeiros socorreram as v\u00edtimas e as encaminharam para uma unidade de sa\u00fade.<\/p>\n<p style=\"text-align: justify;\">Fonte: Folha Regional &#8211; Fotos Diego Fernandes<\/p>\n","protected":false},"excerpt":{"rendered":"<p>Est\u00e1 em atendimento neste momento uma ocorr\u00eancia de capotamento de ve\u00edculo na Rodovia Comandante Jo\u00e3o Ribeiro de Barros \u2013 (SP-294) em Fl\u00f3rida Paulista. Nossa equipe de reportagem esteve no local, pr\u00f3ximo da Agroind\u00fastria Alimenta, e a princ\u00edpio, duas mulheres que s\u00e3o m\u00e3e e filha residentes em Fl\u00f3rida Paulista sofreram ferimentos. Segundo a Pol\u00edcia Militar, elas [&hellip;]<\/p>\n","protected":false},"author":1,"featured_media":35611,"comment_status":"closed","ping_status":"open","sticky":false,"template":"","format":"standard","meta":{"footnotes":""},"categories":[170,110],"tags":[],"class_list":["post-35610","post","type-post","status-publish","format-standard","has-post-thumbnail","hentry","category-acidentes","category-noticiasdestaque"],"_links":{"self":[{"href":"https:\/\/jorgezanoni.com.br\/2019\/wp-json\/wp\/v2\/posts\/35610","targetHints":{"allow":["GET"]}}],"collection":[{"href":"https:\/\/jorgezanoni.com.br\/2019\/wp-json\/wp\/v2\/posts"}],"about":[{"href":"https:\/\/jorgezanoni.com.br\/2019\/wp-json\/wp\/v2\/types\/post"}],"author":[{"embeddable":true,"href":"https:\/\/jorgezanoni.com.br\/2019\/wp-json\/wp\/v2\/users\/1"}],"replies":[{"embeddable":true,"href":"https:\/\/jorgezanoni.com.br\/2019\/wp-json\/wp\/v2\/comments?post=35610"}],"version-history":[{"count":0,"href":"https:\/\/jorgezanoni.com.br\/2019\/wp-json\/wp\/v2\/posts\/35610\/revisions"}],"wp:featuredmedia":[{"embeddable":true,"href":"https:\/\/jorgezanoni.com.br\/2019\/wp-json\/wp\/v2\/media\/35611"}],"wp:attachment":[{"href":"https:\/\/jorgezanoni.com.br\/2019\/wp-json\/wp\/v2\/media?parent=35610"}],"wp:term":[{"taxonomy":"category","embeddable":true,"href":"https:\/\/jorgezanoni.com.br\/2019\/wp-json\/wp\/v2\/categories?post=35610"},{"taxonomy":"post_tag","embeddable":true,"href":"https:\/\/jorgezanoni.com.br\/2019\/wp-json\/wp\/v2\/tags?post=35610"}],"curies":[{"name":"wp","href":"https:\/\/api.w.org\/{rel}","templated":true}]}}