{"id":35592,"date":"2020-09-25T12:51:17","date_gmt":"2020-09-25T12:51:17","guid":{"rendered":"https:\/\/jorgezanoni.com.br\/2019\/?p=35592"},"modified":"2020-09-25T12:51:18","modified_gmt":"2020-09-25T12:51:18","slug":"hoje-comemora-se-o-dia-nacional-do-radio","status":"publish","type":"post","link":"https:\/\/jorgezanoni.com.br\/2019\/hoje-comemora-se-o-dia-nacional-do-radio\/","title":{"rendered":"Hoje comemora-se o &#8220;Dia Nacional do R\u00e1dio&#8221;"},"content":{"rendered":"<h2 class=\"sppb-addon-title\" style=\"text-align: justify;\">Dia Nacional do R\u00e1dio<\/h2>\n<div class=\"sppb-addon-content\" style=\"text-align: justify;\">\nO Dia Nacional do R\u00e1dio \u00e9 comemorado oficialmente em 25 de setembro, em homenagem ao nascimento de Edgar Roquette-Pinto, considerado o pai da radiodifus\u00e3o no Brasil.<\/p>\n<p>Aqui, a primeira transmiss\u00e3o foi realizada no dia 7 de setembro de 1922, durante a inaugura\u00e7\u00e3o da Exposi\u00e7\u00e3o do Centen\u00e1rio da Independ\u00eancia. De acordo com Roquette-Pinto, a experi\u00eancia n\u00e3o chamou aten\u00e7\u00e3o de muita gente.<\/p>\n<p>\u201cCreio que a causa principal foram os alto-falantes, instalados na exposi\u00e7\u00e3o. Ouvindo discursos e m\u00fasicas, reproduzidos no meio de um barulho infernal, era uma curiosidade, sem maiores consequ\u00eancias\u201d, afirmou Roquette-Pinto.<\/p>\n<p>Em 1923, o pr\u00f3prio Roquette-Pinto criou a R\u00e1dio Sociedade do Rio de Janeiro, primeira esta\u00e7\u00e3o de r\u00e1dio brasileira. A emissora foi doada ao governo em 1936 e transformada na R\u00e1dio MEC, atualmente comandada pela EBC.<\/p><\/div>\n<div style=\"text-align: justify;\"><\/div>\n<div style=\"text-align: justify;\">Fonte: abert.org.br\/<\/div>\n<div>Imagem Ilustrativa<\/div>\n","protected":false},"excerpt":{"rendered":"<p>Dia Nacional do R\u00e1dio O Dia Nacional do R\u00e1dio \u00e9 comemorado oficialmente em 25 de setembro, em homenagem ao nascimento de Edgar Roquette-Pinto, considerado o pai da radiodifus\u00e3o no Brasil. Aqui, a primeira transmiss\u00e3o foi realizada no dia 7 de setembro de 1922, durante a inaugura\u00e7\u00e3o da Exposi\u00e7\u00e3o do Centen\u00e1rio da Independ\u00eancia. De acordo com [&hellip;]<\/p>\n","protected":false},"author":1,"featured_media":35593,"comment_status":"closed","ping_status":"open","sticky":false,"template":"","format":"standard","meta":{"footnotes":""},"categories":[114,110],"tags":[],"class_list":["post-35592","post","type-post","status-publish","format-standard","has-post-thumbnail","hentry","category-geralecomercio","category-noticiasdestaque"],"_links":{"self":[{"href":"https:\/\/jorgezanoni.com.br\/2019\/wp-json\/wp\/v2\/posts\/35592","targetHints":{"allow":["GET"]}}],"collection":[{"href":"https:\/\/jorgezanoni.com.br\/2019\/wp-json\/wp\/v2\/posts"}],"about":[{"href":"https:\/\/jorgezanoni.com.br\/2019\/wp-json\/wp\/v2\/types\/post"}],"author":[{"embeddable":true,"href":"https:\/\/jorgezanoni.com.br\/2019\/wp-json\/wp\/v2\/users\/1"}],"replies":[{"embeddable":true,"href":"https:\/\/jorgezanoni.com.br\/2019\/wp-json\/wp\/v2\/comments?post=35592"}],"version-history":[{"count":0,"href":"https:\/\/jorgezanoni.com.br\/2019\/wp-json\/wp\/v2\/posts\/35592\/revisions"}],"wp:featuredmedia":[{"embeddable":true,"href":"https:\/\/jorgezanoni.com.br\/2019\/wp-json\/wp\/v2\/media\/35593"}],"wp:attachment":[{"href":"https:\/\/jorgezanoni.com.br\/2019\/wp-json\/wp\/v2\/media?parent=35592"}],"wp:term":[{"taxonomy":"category","embeddable":true,"href":"https:\/\/jorgezanoni.com.br\/2019\/wp-json\/wp\/v2\/categories?post=35592"},{"taxonomy":"post_tag","embeddable":true,"href":"https:\/\/jorgezanoni.com.br\/2019\/wp-json\/wp\/v2\/tags?post=35592"}],"curies":[{"name":"wp","href":"https:\/\/api.w.org\/{rel}","templated":true}]}}