{"id":35560,"date":"2020-09-24T22:49:07","date_gmt":"2020-09-24T22:49:07","guid":{"rendered":"https:\/\/jorgezanoni.com.br\/2019\/?p=35560"},"modified":"2020-09-24T22:49:07","modified_gmt":"2020-09-24T22:49:07","slug":"centro-academico-de-dracena-realizara-congresso-de-medicina","status":"publish","type":"post","link":"https:\/\/jorgezanoni.com.br\/2019\/centro-academico-de-dracena-realizara-congresso-de-medicina\/","title":{"rendered":"Centro Acad\u00eamico de Dracena realizar\u00e1 Congresso de Medicina"},"content":{"rendered":"<p dir=\"ltr\" style=\"text-align: justify;\"><strong>O I CAMED (Congresso Acad\u00eamico de Medicina de Dracena) far\u00e1 uma homenagem p\u00f3stuma ao m\u00e9dico e docente Haroldo Deponte.<\/strong><\/p>\n<p>O Centro Acad\u00eamico Maria Bras\u00edlia (CAMBRA) e o curso de Medicina da Faculdade Unifadra\/Fundec Dracena realizar\u00e3o o I Congresso Acad\u00eamico de Medicina de Dracena &#8211; Prof. Haroldo Deponte (CAMED) de forma on-line e gratuita nos dias 8, 9 e 10 de outubro. O tema do evento \u00e9\u00a0 &#8220;Ser humano biopsicossocial&#8221;, contando com uma viagem singular pelas grandes \u00e1reas da Medicina, especialidades m\u00e9dicas e discuss\u00f5es multiprofissionais, a fim de promover a educa\u00e7\u00e3o em sa\u00fade em tempos t\u00e3o incertos.<br \/>\nO m\u00e9dico, cirurgi\u00e3o geral e docente Haroldo Deponte atuou em Dracena e regi\u00e3o por muitos anos e faleceu em 2019. Como uma homenagem p\u00f3stuma, o I CAMED leva o nome do renomado e t\u00e3o querido docente da Unifadra.<br \/>\nO diretor acad\u00eamico da Unifadra Prof. Dr. Enio Garbelini destacou que o evento \u00e9 muito importante para a dissemina\u00e7\u00e3o do conhecimento na \u00e1rea m\u00e9dica, com a participa\u00e7\u00e3o de profissionais de renome dentro de suas especialidades. Destaca tamb\u00e9m que a homenagem\u00a0 p\u00f3stuma ao m\u00e9dico e docente Haroldo Deponte demonstra o quanto ele era querido e respeitado por todos na Unifadra.<\/p>\n<p style=\"text-align: justify;\"><span id=\"gmail-docs-internal-guid-e9532773-7fff-b6bd-5ec4-d2ecf95f7f7e\">A programa\u00e7\u00e3o do evento est\u00e1 dispon\u00edvel na p\u00e1gina do evento: <a href=\"https:\/\/www.even3.com.br\/icamed2020\/\" target=\"_blank\" rel=\"noopener noreferrer\">https:\/\/www.even3.com.br\/icamed2020\/<\/a> . \u00c9 necess\u00e1rio efetivar as inscri\u00e7\u00f5es at\u00e9 o dia 07 de outubro para participar.<br \/>\nO m\u00e9dico neuropediatra Arm\u00eanio Alc\u00e2ntara Ribeiro abre o circuito de palestras com o tema &#8220;Transtorno do Espectro Autista (TEA), diagn\u00f3stico nos primeiros meses de vida \u00e9 poss\u00edvel?&#8221;.<br \/>\nO m\u00e9dico psiquiatra forense Guido Arturo Palomba abordar\u00e1 o tema &#8220;Loucura e crime&#8221;.\u00a0 A m\u00e9dica cirurgi\u00e3 geral Profa. Ma. Ros\u00e2ngela Lucinda Rocha Monteiro discutir\u00e1 o tema &#8220;Choques&#8221;. O m\u00e9dico cardiologista Randerson Cardoso falar\u00e1 sobre &#8220;Infarto com supra&#8221;. O m\u00e9dico cirurgi\u00e3o pl\u00e1stico Dr. Jos\u00e9 Carvalho levar\u00e1 aos participantes o tema &#8220;Cirurgi\u00e3o pl\u00e1stico: o psic\u00f3logo com bisturi&#8221;.<br \/>\nAl\u00e9m das palestras, o evento contar\u00e1 com mesas redondas mediadas por alunos de Medicina da Unifadra com os convidados Dra. Anelise Fonseca (m\u00e9dica, geriatra e paliativista), Daniela Artico (advogada, reikiana) e Maur\u00edcio Taves (engenheiro de telecomunica\u00e7\u00f5es).<br \/>\nNo I CAMED, o presidente docente ser\u00e1 o Prof. Me. Caio Ferreira de Oliveira e o presidente discente Leonardo Medeiro Oliveira, acad\u00eamico do IV termo de Medicina. O edital de submiss\u00e3o dos trabalhos cient\u00edficos j\u00e1 est\u00e1 dispon\u00edvel no site do evento.<\/span><\/p>\n<p style=\"text-align: justify;\">Foto:\u00a0 O I CAMED far\u00e1 uma homenagem p\u00f3stuma ao m\u00e9dico e docente Haroldo Deponte.<\/p>\n<div class=\"gmail_signature\" dir=\"ltr\">\n<div dir=\"ltr\" style=\"text-align: justify;\">Carolina Colnago<br \/>\nAssistente de Comunica\u00e7\u00e3o<br \/>\nFunda\u00e7\u00e3o Dracenense de Educa\u00e7\u00e3o e Cultura<\/div>\n<\/div>\n","protected":false},"excerpt":{"rendered":"<p>O I CAMED (Congresso Acad\u00eamico de Medicina de Dracena) far\u00e1 uma homenagem p\u00f3stuma ao m\u00e9dico e docente Haroldo Deponte. O Centro Acad\u00eamico Maria Bras\u00edlia (CAMBRA) e o curso de Medicina da Faculdade Unifadra\/Fundec Dracena realizar\u00e3o o I Congresso Acad\u00eamico de Medicina de Dracena &#8211; Prof. Haroldo Deponte (CAMED) de forma on-line e gratuita nos dias [&hellip;]<\/p>\n","protected":false},"author":1,"featured_media":35561,"comment_status":"closed","ping_status":"open","sticky":false,"template":"","format":"standard","meta":{"footnotes":""},"categories":[122],"tags":[],"class_list":["post-35560","post","type-post","status-publish","format-standard","has-post-thumbnail","hentry","category-saudeeducacaoeconcurso"],"_links":{"self":[{"href":"https:\/\/jorgezanoni.com.br\/2019\/wp-json\/wp\/v2\/posts\/35560","targetHints":{"allow":["GET"]}}],"collection":[{"href":"https:\/\/jorgezanoni.com.br\/2019\/wp-json\/wp\/v2\/posts"}],"about":[{"href":"https:\/\/jorgezanoni.com.br\/2019\/wp-json\/wp\/v2\/types\/post"}],"author":[{"embeddable":true,"href":"https:\/\/jorgezanoni.com.br\/2019\/wp-json\/wp\/v2\/users\/1"}],"replies":[{"embeddable":true,"href":"https:\/\/jorgezanoni.com.br\/2019\/wp-json\/wp\/v2\/comments?post=35560"}],"version-history":[{"count":0,"href":"https:\/\/jorgezanoni.com.br\/2019\/wp-json\/wp\/v2\/posts\/35560\/revisions"}],"wp:featuredmedia":[{"embeddable":true,"href":"https:\/\/jorgezanoni.com.br\/2019\/wp-json\/wp\/v2\/media\/35561"}],"wp:attachment":[{"href":"https:\/\/jorgezanoni.com.br\/2019\/wp-json\/wp\/v2\/media?parent=35560"}],"wp:term":[{"taxonomy":"category","embeddable":true,"href":"https:\/\/jorgezanoni.com.br\/2019\/wp-json\/wp\/v2\/categories?post=35560"},{"taxonomy":"post_tag","embeddable":true,"href":"https:\/\/jorgezanoni.com.br\/2019\/wp-json\/wp\/v2\/tags?post=35560"}],"curies":[{"name":"wp","href":"https:\/\/api.w.org\/{rel}","templated":true}]}}