{"id":35496,"date":"2020-09-24T00:12:28","date_gmt":"2020-09-24T00:12:28","guid":{"rendered":"https:\/\/jorgezanoni.com.br\/2019\/?p=35496"},"modified":"2020-09-24T00:12:28","modified_gmt":"2020-09-24T00:12:28","slug":"carro-fica-destruido-apos-batida-com-caminhao-motorista-ficou-ferida","status":"publish","type":"post","link":"https:\/\/jorgezanoni.com.br\/2019\/carro-fica-destruido-apos-batida-com-caminhao-motorista-ficou-ferida\/","title":{"rendered":"Carro fica destru\u00eddo ap\u00f3s batida com caminh\u00e3o; motorista ficou ferida"},"content":{"rendered":"<h2 class=\"content-head__subtitle\" style=\"text-align: justify;\"><strong>Mulher ficou presa \u00e0s ferragens, mas foi socorrida. Caminhoneiro n\u00e3o se machucou no acidente registrado na rodovia General Euclides de Oliveira Figueiredo, em Andradina (SP).<\/strong><\/h2>\n<div class=\"mc-column content-text active-extra-styles \" data-block-type=\"unstyled\" data-block-weight=\"36\" data-block-id=\"2\">\n<p class=\"content-text__container \" style=\"text-align: justify;\" data-track-category=\"Link no Texto\" data-track-links=\"\">Uma motorista ficou ferida em uma batida entre um carro e um caminh\u00e3o na rodovia General Euclides de Oliveira Figueiredo (SP-563), em Andradina (SP), na manh\u00e3 desta quarta-feira (23). O carro ficou destru\u00eddo com o impacto.<\/p>\n<\/div>\n<div class=\"wall protected-content\">\n<div class=\"mc-column content-text active-extra-styles \" style=\"text-align: justify;\" data-block-type=\"unstyled\" data-block-weight=\"20\" data-block-id=\"3\">\n<p class=\"content-text__container \" data-track-category=\"Link no Texto\" data-track-links=\"\">De acordo com o Corpo de Bombeiros, a mulher bateu o carro que dirigia de frente com um caminh\u00e3o.<\/p>\n<\/div>\n<div class=\"mc-column content-text active-extra-styles \" style=\"text-align: justify;\" data-block-type=\"unstyled\" data-block-weight=\"23\" data-block-id=\"4\">\n<p class=\"content-text__container \" data-track-category=\"Link no Texto\" data-track-links=\"\">Ela ficou presa \u00e0s ferragens, mas foi socorrida e levada \u00e0 Unidade de Pronto Atendimento (UPA) de Andradina. O caminhoneiro n\u00e3o se machucou.<\/p>\n<\/div>\n<div class=\"mc-column content-text active-extra-styles \" style=\"text-align: justify;\" data-block-type=\"unstyled\" data-block-weight=\"21\" data-block-id=\"5\">\n<p class=\"content-text__container \" data-track-category=\"Link no Texto\" data-track-links=\"\">Ainda segundo os bombeiros, o carro que a v\u00edtima dirigia ficou destru\u00eddo e o caminh\u00e3o tombou no acostamento da rodovia.<\/p>\n<\/div>\n<div class=\"mc-column content-text active-extra-styles \" style=\"text-align: justify;\" data-block-type=\"unstyled\" data-block-weight=\"17\" data-block-id=\"6\">\n<p class=\"content-text__container \" data-track-category=\"Link no Texto\" data-track-links=\"\">A per\u00edcia foi acionada e realizou exames no local. A Pol\u00edcia Civil investiga as causas do acidente.<\/p>\n<\/div>\n<div class=\"row medium-uncollapsed content-media content-photo\" data-block-type=\"backstage-photo\" data-block-id=\"7\">\n<div class=\"mc-column content-media__container\">\n<figure style=\"text-align: justify;\"><img decoding=\"async\" class=\"i-amphtml-fill-content i-amphtml-replaced-content\" src=\"https:\/\/s2.glbimg.com\/819z4xwGWFuRtiWagocwxx_g_Sw=\/0x0:1032x774\/984x0\/smart\/filters:strip_icc()\/i.s3.glbimg.com\/v1\/AUTH_59edd422c0c84a879bd37670ae4f538a\/internal_photos\/bs\/2020\/v\/n\/d2YfplSPCk0q59PVHyUA\/whatsapp-image-2020-09-23-at-10.24.49.jpeg\" sizes=\"(max-width: 1366px) 648px, 100vw\" srcset=\"https:\/\/s2.glbimg.com\/OeErOGjLWw9flcvwdnq7RJHGm5A=\/0x0:1032x774\/1000x0\/smart\/filters:strip_icc()\/i.s3.glbimg.com\/v1\/AUTH_59edd422c0c84a879bd37670ae4f538a\/internal_photos\/bs\/2020\/v\/n\/d2YfplSPCk0q59PVHyUA\/whatsapp-image-2020-09-23-at-10.24.49.jpeg 1000w, https:\/\/s2.glbimg.com\/819z4xwGWFuRtiWagocwxx_g_Sw=\/0x0:1032x774\/984x0\/smart\/filters:strip_icc()\/i.s3.glbimg.com\/v1\/AUTH_59edd422c0c84a879bd37670ae4f538a\/internal_photos\/bs\/2020\/v\/n\/d2YfplSPCk0q59PVHyUA\/whatsapp-image-2020-09-23-at-10.24.49.jpeg 984w, https:\/\/s2.glbimg.com\/9gREA1un5MXd2A74zb--fnxlnl0=\/0x0:1032x774\/640x0\/smart\/filters:strip_icc()\/i.s3.glbimg.com\/v1\/AUTH_59edd422c0c84a879bd37670ae4f538a\/internal_photos\/bs\/2020\/v\/n\/d2YfplSPCk0q59PVHyUA\/whatsapp-image-2020-09-23-at-10.24.49.jpeg 640w, https:\/\/s2.glbimg.com\/mthMa1BY26YvAGcDNP15fmfk_gk=\/0x0:1032x774\/600x0\/smart\/filters:strip_icc()\/i.s3.glbimg.com\/v1\/AUTH_59edd422c0c84a879bd37670ae4f538a\/internal_photos\/bs\/2020\/v\/n\/d2YfplSPCk0q59PVHyUA\/whatsapp-image-2020-09-23-at-10.24.49.jpeg 600w\" alt=\"Caminh\u00e3o tombou no acostamento de rodovia em Andradina  \u2014 Foto: Arquivo Pessoal \" \/><\/figure>\n<p class=\"content-media__description \" style=\"text-align: justify;\">Caminh\u00e3o tombou no acostamento de rodovia em Andradina \u2014 Foto: Arquivo Pessoal<\/p>\n<p style=\"text-align: justify;\">Fonte: G1<\/p>\n<\/div>\n<\/div>\n<\/div>\n","protected":false},"excerpt":{"rendered":"<p>Mulher ficou presa \u00e0s ferragens, mas foi socorrida. Caminhoneiro n\u00e3o se machucou no acidente registrado na rodovia General Euclides de Oliveira Figueiredo, em Andradina (SP). Uma motorista ficou ferida em uma batida entre um carro e um caminh\u00e3o na rodovia General Euclides de Oliveira Figueiredo (SP-563), em Andradina (SP), na manh\u00e3 desta quarta-feira (23). O [&hellip;]<\/p>\n","protected":false},"author":1,"featured_media":35497,"comment_status":"closed","ping_status":"open","sticky":false,"template":"","format":"standard","meta":{"footnotes":""},"categories":[170,110],"tags":[],"class_list":["post-35496","post","type-post","status-publish","format-standard","has-post-thumbnail","hentry","category-acidentes","category-noticiasdestaque"],"_links":{"self":[{"href":"https:\/\/jorgezanoni.com.br\/2019\/wp-json\/wp\/v2\/posts\/35496","targetHints":{"allow":["GET"]}}],"collection":[{"href":"https:\/\/jorgezanoni.com.br\/2019\/wp-json\/wp\/v2\/posts"}],"about":[{"href":"https:\/\/jorgezanoni.com.br\/2019\/wp-json\/wp\/v2\/types\/post"}],"author":[{"embeddable":true,"href":"https:\/\/jorgezanoni.com.br\/2019\/wp-json\/wp\/v2\/users\/1"}],"replies":[{"embeddable":true,"href":"https:\/\/jorgezanoni.com.br\/2019\/wp-json\/wp\/v2\/comments?post=35496"}],"version-history":[{"count":0,"href":"https:\/\/jorgezanoni.com.br\/2019\/wp-json\/wp\/v2\/posts\/35496\/revisions"}],"wp:featuredmedia":[{"embeddable":true,"href":"https:\/\/jorgezanoni.com.br\/2019\/wp-json\/wp\/v2\/media\/35497"}],"wp:attachment":[{"href":"https:\/\/jorgezanoni.com.br\/2019\/wp-json\/wp\/v2\/media?parent=35496"}],"wp:term":[{"taxonomy":"category","embeddable":true,"href":"https:\/\/jorgezanoni.com.br\/2019\/wp-json\/wp\/v2\/categories?post=35496"},{"taxonomy":"post_tag","embeddable":true,"href":"https:\/\/jorgezanoni.com.br\/2019\/wp-json\/wp\/v2\/tags?post=35496"}],"curies":[{"name":"wp","href":"https:\/\/api.w.org\/{rel}","templated":true}]}}