{"id":35477,"date":"2020-09-23T16:00:09","date_gmt":"2020-09-23T16:00:09","guid":{"rendered":"https:\/\/jorgezanoni.com.br\/2019\/?p=35477"},"modified":"2020-09-23T16:00:09","modified_gmt":"2020-09-23T16:00:09","slug":"e-o-velho-tempo-novo-da-politica-tupiniquim-esta-de-volta","status":"publish","type":"post","link":"https:\/\/jorgezanoni.com.br\/2019\/e-o-velho-tempo-novo-da-politica-tupiniquim-esta-de-volta\/","title":{"rendered":"E o &#8220;velho tempo novo&#8221; da Pol\u00edtica tupiniquim est\u00e1 de volta&#8230;"},"content":{"rendered":"<p style=\"text-align: justify;\">E o &#8220;velho tempo novo&#8221; da Pol\u00edtica tupiniquim est\u00e1 de volta&#8230;<\/p>\n<p style=\"text-align: justify;\"><em>&#8220;penso, logo existo.&#8221; (descartes)<\/em><\/p>\n<p style=\"text-align: justify;\"><strong><em>S\u00e9rgio Barbosa (*) <\/em><\/strong><\/p>\n<p style=\"text-align: justify;\">Parece que \u00e9, por\u00e9m, pode ser que &#8220;n\u00e3o \u00e9&#8221;, tal qual do dito popular tupiniquim, assim, &#8220;quem viver pode ver&#8221; e vamos que vamos em meio aos desencontros deste VELHO TEMPO NOVO que est\u00e1 &#8220;velho&#8221; do que nunca&#8230;<\/p>\n<p style=\"text-align: justify;\">E os ventos que sopram do &#8220;Planalto Central&#8221; prometem mais do que se pensa, portanto, cada qual deve ficar de prontid\u00e3o em todos os sentidos (sic), neste cen\u00e1rio que est\u00e1 al\u00e9m do &#8220;verde e amarelo&#8221;, pois, os fatos, bem como, &#8220;os n\u00fameros n\u00e3o mentem&#8221;&#8230;<\/p>\n<p style=\"text-align: justify;\">N\u00e3o se pode fazer de conta neste contexto de &#8220;virar \u00e0 direita&#8221; como ordena aquele sentina que continua mais atento do que nunca, al\u00e9m do mais ou de menos, existem outras tropas de apoio, entre as quais, dos &#8220;urubus togados&#8221; que est\u00e3o no &#8220;Olimpo&#8221; da Justi\u00e7a, como sempre, se colocam acima de tudo e de todos&#8230;<\/p>\n<p style=\"text-align: justify;\">Mas, ainda bem que existe o outro lado, ou seja, aquelas pessoas que est\u00e3o &#8220;de olho&#8221; nos desmandos do poder pelo poder em busca do poder, mesmo assim, o que prevalece neste contexto \u00e9 o denominado &#8220;senso comum&#8221; patrocinado pelas MENTES BOVINAS com apoio da m\u00eddia em n\u00edvel GLOCAL, ou seja, do GLOBAL para o LOCAL,<\/p>\n<p style=\"text-align: justify;\">As institui\u00e7\u00f5es tupiniquins comprometidas com as &#8220;causas&#8221;, que pode ser deste ou do outro lado, n\u00e3o podem ficar na &#8220;boca de espera&#8221;, pois, os desmandos dos &#8220;golpistas&#8221; de um passado recente est\u00e3o fazendo estragos sem precedentes em muitas conquistas sociais, ainda, dizem os analistas de plant\u00e3o, &#8220;que muita coisa, ainda, deve acontecer para os lados dos menos favorecidos&#8221; em tempo de COISO com suas COISAS&#8230;<\/p>\n<p style=\"text-align: justify;\">Escrever sobre tais &#8220;teorias&#8221;, ainda, sobre isto ou aquilo do &#8220;passado&#8221;, bem como, \u00a0daqueles velhos tempos de tristes mem\u00f3rias para a Hist\u00f3ria deste PA\u00cdS DO FAZ DE CONTA e tudo continua na MESMICE DE SEMPRE&#8230;<\/p>\n<p style=\"text-align: justify;\">O desconhecimento dos desencontros hist\u00f3ricos das MENTES BOVINAS que continuam seguindo o BERRANTE sem questionar o RU\u00cdDO, tamb\u00e9m, trata-se de uma MANADA comandada pelos pseudos donos das muitas mentiras travestidas de verdades, entretanto, acabam fazendo a diferen\u00e7a neste cen\u00e1rio com apoio dos POL\u00cdTICOS e outras \u00e1reas por meio das TROCAS NADA SIMC\u00d3LICAS&#8230;<\/p>\n<p style=\"text-align: justify;\">Espera-se que a uni\u00e3o possa fazer a for\u00e7a em n\u00edvel popular, caso contr\u00e1rio, o futuro ser\u00e1 mais incerto do que nunca, tendo em vista que o &#8220;jogo do poder&#8221; est\u00e1 sempre acima do bem e do mal, ainda, colocam o mau como sendo o bom e vice-versa&#8230;<\/p>\n<p style=\"text-align: justify;\">N\u00e3o se pode, como diz o outro dito popular, &#8220;baixar a guarda&#8221; neste momento, pois, &#8220;todo cuidado \u00e9 pouco&#8221; com os velhos mandat\u00e1rios de sempre, ainda, os sinais est\u00e3o mais do que evidentes neste PA\u00cdS DO FAZ DE CONTA&#8230;<\/p>\n<p style=\"text-align: justify;\">QUEM SOBREVIVER VAI SABER&#8230;.<\/p>\n<p style=\"text-align: justify;\"><em>___________________________________<\/em><\/p>\n<p style=\"text-align: justify;\"><em>Jornalista diplomado e professor universit\u00e1rio.<\/em><\/p>\n","protected":false},"excerpt":{"rendered":"<p>E o &#8220;velho tempo novo&#8221; da Pol\u00edtica tupiniquim est\u00e1 de volta&#8230; &#8220;penso, logo existo.&#8221; (descartes) S\u00e9rgio Barbosa (*) Parece que \u00e9, por\u00e9m, pode ser que &#8220;n\u00e3o \u00e9&#8221;, tal qual do dito popular tupiniquim, assim, &#8220;quem viver pode ver&#8221; e vamos que vamos em meio aos desencontros deste VELHO TEMPO NOVO que est\u00e1 &#8220;velho&#8221; do que [&hellip;]<\/p>\n","protected":false},"author":1,"featured_media":35478,"comment_status":"closed","ping_status":"open","sticky":false,"template":"","format":"standard","meta":{"footnotes":""},"categories":[175],"tags":[],"class_list":["post-35477","post","type-post","status-publish","format-standard","has-post-thumbnail","hentry","category-artigos"],"_links":{"self":[{"href":"https:\/\/jorgezanoni.com.br\/2019\/wp-json\/wp\/v2\/posts\/35477","targetHints":{"allow":["GET"]}}],"collection":[{"href":"https:\/\/jorgezanoni.com.br\/2019\/wp-json\/wp\/v2\/posts"}],"about":[{"href":"https:\/\/jorgezanoni.com.br\/2019\/wp-json\/wp\/v2\/types\/post"}],"author":[{"embeddable":true,"href":"https:\/\/jorgezanoni.com.br\/2019\/wp-json\/wp\/v2\/users\/1"}],"replies":[{"embeddable":true,"href":"https:\/\/jorgezanoni.com.br\/2019\/wp-json\/wp\/v2\/comments?post=35477"}],"version-history":[{"count":0,"href":"https:\/\/jorgezanoni.com.br\/2019\/wp-json\/wp\/v2\/posts\/35477\/revisions"}],"wp:featuredmedia":[{"embeddable":true,"href":"https:\/\/jorgezanoni.com.br\/2019\/wp-json\/wp\/v2\/media\/35478"}],"wp:attachment":[{"href":"https:\/\/jorgezanoni.com.br\/2019\/wp-json\/wp\/v2\/media?parent=35477"}],"wp:term":[{"taxonomy":"category","embeddable":true,"href":"https:\/\/jorgezanoni.com.br\/2019\/wp-json\/wp\/v2\/categories?post=35477"},{"taxonomy":"post_tag","embeddable":true,"href":"https:\/\/jorgezanoni.com.br\/2019\/wp-json\/wp\/v2\/tags?post=35477"}],"curies":[{"name":"wp","href":"https:\/\/api.w.org\/{rel}","templated":true}]}}