{"id":35435,"date":"2020-09-22T22:11:52","date_gmt":"2020-09-22T22:11:52","guid":{"rendered":"https:\/\/jorgezanoni.com.br\/2019\/?p=35435"},"modified":"2020-09-22T22:11:52","modified_gmt":"2020-09-22T22:11:52","slug":"motorista-fica-ferido-em-colisao-frontal-na-sp-294","status":"publish","type":"post","link":"https:\/\/jorgezanoni.com.br\/2019\/motorista-fica-ferido-em-colisao-frontal-na-sp-294\/","title":{"rendered":"Motorista fica ferido em colis\u00e3o frontal na SP-294"},"content":{"rendered":"<p style=\"text-align: justify;\">No in\u00edcio da noite deste domingo o condutor de um ve\u00edculo Gol trafegava pela Rodovia Comandante Jo\u00e3o Ribeiro de Barros, no sentido de Tup\u00e3 para Iacri, quando em dado momento perdeu controle da dire\u00e7\u00e3o vindo a colidir frontalmente contra uma carreta que seguia no sentido oposto.<\/p>\n<p style=\"text-align: justify;\">Com a viol\u00eancia do impacto o Gol ficou praticamente destru\u00eddo, no entanto o motorista sofreu apenas ferimentos leves, e foi socorrido por equipes da Eixo e do Corpo de Bombeiros de Tup\u00e3.<\/p>\n<p style=\"text-align: justify;\">A Pol\u00edcia Militar Rodovi\u00e1ria foi acionada, e ao chegar no local o motorista da carreta prontamente se prontificou a realizar o teste do baf\u00f4metro, no entanto o motorista do Gol se recusou a realizar o teste, sendo assim autuado pela infra\u00e7\u00e3o de recusa ao teste do baf\u00f4metro.<\/p>\n<p style=\"text-align: justify;\">Fonte: Mais Tup\u00e3<\/p>\n","protected":false},"excerpt":{"rendered":"<p>No in\u00edcio da noite deste domingo o condutor de um ve\u00edculo Gol trafegava pela Rodovia Comandante Jo\u00e3o Ribeiro de Barros, no sentido de Tup\u00e3 para Iacri, quando em dado momento perdeu controle da dire\u00e7\u00e3o vindo a colidir frontalmente contra uma carreta que seguia no sentido oposto. Com a viol\u00eancia do impacto o Gol ficou praticamente [&hellip;]<\/p>\n","protected":false},"author":1,"featured_media":35437,"comment_status":"closed","ping_status":"open","sticky":false,"template":"","format":"standard","meta":{"footnotes":""},"categories":[170,110],"tags":[],"class_list":["post-35435","post","type-post","status-publish","format-standard","has-post-thumbnail","hentry","category-acidentes","category-noticiasdestaque"],"_links":{"self":[{"href":"https:\/\/jorgezanoni.com.br\/2019\/wp-json\/wp\/v2\/posts\/35435","targetHints":{"allow":["GET"]}}],"collection":[{"href":"https:\/\/jorgezanoni.com.br\/2019\/wp-json\/wp\/v2\/posts"}],"about":[{"href":"https:\/\/jorgezanoni.com.br\/2019\/wp-json\/wp\/v2\/types\/post"}],"author":[{"embeddable":true,"href":"https:\/\/jorgezanoni.com.br\/2019\/wp-json\/wp\/v2\/users\/1"}],"replies":[{"embeddable":true,"href":"https:\/\/jorgezanoni.com.br\/2019\/wp-json\/wp\/v2\/comments?post=35435"}],"version-history":[{"count":0,"href":"https:\/\/jorgezanoni.com.br\/2019\/wp-json\/wp\/v2\/posts\/35435\/revisions"}],"wp:featuredmedia":[{"embeddable":true,"href":"https:\/\/jorgezanoni.com.br\/2019\/wp-json\/wp\/v2\/media\/35437"}],"wp:attachment":[{"href":"https:\/\/jorgezanoni.com.br\/2019\/wp-json\/wp\/v2\/media?parent=35435"}],"wp:term":[{"taxonomy":"category","embeddable":true,"href":"https:\/\/jorgezanoni.com.br\/2019\/wp-json\/wp\/v2\/categories?post=35435"},{"taxonomy":"post_tag","embeddable":true,"href":"https:\/\/jorgezanoni.com.br\/2019\/wp-json\/wp\/v2\/tags?post=35435"}],"curies":[{"name":"wp","href":"https:\/\/api.w.org\/{rel}","templated":true}]}}