{"id":35371,"date":"2020-09-22T00:24:58","date_gmt":"2020-09-22T00:24:58","guid":{"rendered":"https:\/\/jorgezanoni.com.br\/2019\/?p=35371"},"modified":"2020-09-22T00:24:58","modified_gmt":"2020-09-22T00:24:58","slug":"live-com-tecnicos-da-secretaria-de-agricultura-e-abastecimento-esclarecera-as-regras-da-chamada-publica-do-programa-de-aquisicao-de-alimentos","status":"publish","type":"post","link":"https:\/\/jorgezanoni.com.br\/2019\/live-com-tecnicos-da-secretaria-de-agricultura-e-abastecimento-esclarecera-as-regras-da-chamada-publica-do-programa-de-aquisicao-de-alimentos\/","title":{"rendered":"Live com t\u00e9cnicos da Secretaria de Agricultura e Abastecimento esclarecer\u00e1 as regras da Chamada P\u00fablica do Programa de Aquisi\u00e7\u00e3o de Alimentos"},"content":{"rendered":"<p style=\"text-align: justify;\">Nesta quarta-feira, 23 de setembro, \u00e0s 14h30, tr\u00eas t\u00e9cnicos da Secretaria de Agricultura e Abastecimento do Estado de S\u00e3o Paulo participar\u00e3o de uma live para esclarecer os interessados em participar da Chamada P\u00fablica para venda de produtos do Programa de Aquisi\u00e7\u00e3o de Alimentos (PAA). Por meio do certame, ser\u00e3o adquiridos g\u00eaneros aliment\u00edcios dos agricultores familiares para doa\u00e7\u00e3o \u00e0 popula\u00e7\u00e3o em situa\u00e7\u00e3o de vulnerabilidade social e inseguran\u00e7a alimentar, atendida pelo PAA \u2013 na modalidade Compra com Doa\u00e7\u00e3o Simult\u00e2nea. O edital poder\u00e1 ser consultado pelos interessados no Di\u00e1rio Oficial do Estado de S\u00e3o Paulo (DOE), na se\u00e7\u00e3o Neg\u00f3cios P\u00fablicos, e no link:\u00a0<a href=\"http:\/\/chamamento.agricultura.paa.sp.gov.br\/\">http:\/\/chamamento.agricultura.paa.sp.gov.br<\/a>.<\/p>\n<p style=\"text-align: justify;\">Por\u00e9m, para Fabiana Ferreira da Costa Gouv\u00eaa, da Coordenadoria de Desenvolvimento Rural Sustent\u00e1vel (CDRS) e uma das palestrantes da live, \u00e9 importante participar no dia 23 de setembro para poder tirar as d\u00favidas. \u201cOs t\u00e9cnicos da CDRS tamb\u00e9m participar\u00e3o, para que possam melhor auxiliar os produtores rurais que tenham interesse na Chamada e todas as d\u00favidas poder\u00e3o ser tiradas. O projeto de venda deve ser feito em conjunto com o t\u00e9cnico da Casa da Agricultura local at\u00e9 o dia 8 de outubro, ou seja, o tempo \u00e9 curto, ent\u00e3o \u00e9 bom estarem todos devidamente por dentro de todas as exig\u00eancias do processo\u201d, argumenta Fabiana, que tem trabalhado com o levantamento dos munic\u00edpios envolvidos (s\u00e3o 170 no total, escolhidos pelos t\u00e9cnicos que desenvolvem o PAA em \u00e2mbito federal) e com os produtores em potencial. Al\u00e9m de Fabiana, tamb\u00e9m participar\u00e3o da live Maur\u00edcio Konrad, da CDRS, e Jos\u00e9 Carlos de Faria J\u00fanior, da assessoria t\u00e9cnica do Gabinete da Secretaria.<\/p>\n<p style=\"text-align: justify;\">\u201cOs agricultores ser\u00e3o devidamente selecionados para participar e os pre\u00e7os dos seus produtos dever\u00e3o estar de acordo com a Tabela de Pre\u00e7o de Refer\u00eancia do PAA, com base na Companhia Nacional de Abastecimento (CONAB). Existem ainda outros requisitos como ter Declara\u00e7\u00e3o de Aptid\u00e3o ao Pronaf (DAP) ativa. Os produtos org\u00e2nicos e ou agroecol\u00f3gicos, com certifica\u00e7\u00e3o, receber\u00e3o um acr\u00e9scimo de 30% em rela\u00e7\u00e3o aos produtos convencionais\u201d, explica Maur\u00edcio Konrad.<\/p>\n<p>Na ocasi\u00e3o, todo o material informativo estar\u00e1 dispon\u00edvel para ser amplamente divulgado a todos que queiram participar. Trata-se de um processo de \u201cganha-ganha\u201d, ou seja, de um lado est\u00e1 o produtor rural, que se beneficia com a comercializa\u00e7\u00e3o certa e de outro, est\u00e3o as fam\u00edlias necessitadas que poder\u00e3o contar com uma alimenta\u00e7\u00e3o adequada.<\/p>\n<p><a href=\"https:\/\/agricultura.sp.gov.br\/media\/13386-saa_apresentacao-chamada-publica-paa.pdf\">Veja aqui\u00a0<\/a>apresenta\u00e7\u00e3o sobre a Chamada P\u00fablica.<\/p>\n<p><img loading=\"lazy\" decoding=\"async\" class=\"alignnone size-full wp-image-35372\" src=\"https:\/\/jorgezanoni.com.br\/2019\/wp-content\/uploads\/2020\/09\/agricultor.jpg\" alt=\"\" width=\"1080\" height=\"1080\" srcset=\"https:\/\/jorgezanoni.com.br\/2019\/wp-content\/uploads\/2020\/09\/agricultor.jpg 1080w, https:\/\/jorgezanoni.com.br\/2019\/wp-content\/uploads\/2020\/09\/agricultor-300x300.jpg 300w, https:\/\/jorgezanoni.com.br\/2019\/wp-content\/uploads\/2020\/09\/agricultor-1024x1024.jpg 1024w, https:\/\/jorgezanoni.com.br\/2019\/wp-content\/uploads\/2020\/09\/agricultor-150x150.jpg 150w, https:\/\/jorgezanoni.com.br\/2019\/wp-content\/uploads\/2020\/09\/agricultor-768x768.jpg 768w, https:\/\/jorgezanoni.com.br\/2019\/wp-content\/uploads\/2020\/09\/agricultor-696x696.jpg 696w, https:\/\/jorgezanoni.com.br\/2019\/wp-content\/uploads\/2020\/09\/agricultor-1068x1068.jpg 1068w, https:\/\/jorgezanoni.com.br\/2019\/wp-content\/uploads\/2020\/09\/agricultor-420x420.jpg 420w\" sizes=\"auto, (max-width: 1080px) 100vw, 1080px\" \/><\/p>\n<p>&nbsp;<\/p>\n<p>&nbsp;<\/p>\n","protected":false},"excerpt":{"rendered":"<p>Nesta quarta-feira, 23 de setembro, \u00e0s 14h30, tr\u00eas t\u00e9cnicos da Secretaria de Agricultura e Abastecimento do Estado de S\u00e3o Paulo participar\u00e3o de uma live para esclarecer os interessados em participar da Chamada P\u00fablica para venda de produtos do Programa de Aquisi\u00e7\u00e3o de Alimentos (PAA). Por meio do certame, ser\u00e3o adquiridos g\u00eaneros aliment\u00edcios dos agricultores familiares [&hellip;]<\/p>\n","protected":false},"author":1,"featured_media":35373,"comment_status":"closed","ping_status":"open","sticky":false,"template":"","format":"standard","meta":{"footnotes":""},"categories":[176,110],"tags":[],"class_list":["post-35371","post","type-post","status-publish","format-standard","has-post-thumbnail","hentry","category-meioambienteeagricultura","category-noticiasdestaque"],"_links":{"self":[{"href":"https:\/\/jorgezanoni.com.br\/2019\/wp-json\/wp\/v2\/posts\/35371","targetHints":{"allow":["GET"]}}],"collection":[{"href":"https:\/\/jorgezanoni.com.br\/2019\/wp-json\/wp\/v2\/posts"}],"about":[{"href":"https:\/\/jorgezanoni.com.br\/2019\/wp-json\/wp\/v2\/types\/post"}],"author":[{"embeddable":true,"href":"https:\/\/jorgezanoni.com.br\/2019\/wp-json\/wp\/v2\/users\/1"}],"replies":[{"embeddable":true,"href":"https:\/\/jorgezanoni.com.br\/2019\/wp-json\/wp\/v2\/comments?post=35371"}],"version-history":[{"count":0,"href":"https:\/\/jorgezanoni.com.br\/2019\/wp-json\/wp\/v2\/posts\/35371\/revisions"}],"wp:featuredmedia":[{"embeddable":true,"href":"https:\/\/jorgezanoni.com.br\/2019\/wp-json\/wp\/v2\/media\/35373"}],"wp:attachment":[{"href":"https:\/\/jorgezanoni.com.br\/2019\/wp-json\/wp\/v2\/media?parent=35371"}],"wp:term":[{"taxonomy":"category","embeddable":true,"href":"https:\/\/jorgezanoni.com.br\/2019\/wp-json\/wp\/v2\/categories?post=35371"},{"taxonomy":"post_tag","embeddable":true,"href":"https:\/\/jorgezanoni.com.br\/2019\/wp-json\/wp\/v2\/tags?post=35371"}],"curies":[{"name":"wp","href":"https:\/\/api.w.org\/{rel}","templated":true}]}}