{"id":35348,"date":"2020-09-21T14:20:27","date_gmt":"2020-09-21T14:20:27","guid":{"rendered":"https:\/\/jorgezanoni.com.br\/2019\/?p=35348"},"modified":"2020-09-21T14:20:27","modified_gmt":"2020-09-21T14:20:27","slug":"caminhoneiro-de-adamantina-e-localizado-apos-ser-liberado-por-assaltantes","status":"publish","type":"post","link":"https:\/\/jorgezanoni.com.br\/2019\/caminhoneiro-de-adamantina-e-localizado-apos-ser-liberado-por-assaltantes\/","title":{"rendered":"Caminhoneiro de Adamantina \u00e9 localizado ap\u00f3s ser liberado por assaltantes"},"content":{"rendered":"<p style=\"text-align: justify;\">Na manh\u00e3 desta segunda-feira (21) a fam\u00edlia do caminhoneiro adamantinense Valter Ferreira, popular \u201cNego Drama\u201d, morador do Jardim Adamantina, que estava desaparecido desde s\u00e1bado teve not\u00edcia e um al\u00edvio: ele foi localizado nas primeiras horas da manh\u00e3, depois de ser liberado na madrugada por assaltantes. O caminh\u00e3o que dirigia foi alvo de roubo. O ve\u00edculo transportava uma carga de pneus.<\/p>\n<p style=\"text-align: justify;\">Segundo familiares, apesar do susto o motorista est\u00e1 bem, e presta esclarecimentos na manh\u00e3 desta segunda-feira em uma delegacia da Pol\u00edcia Civil na regi\u00e3o metropolitana de S\u00e3o Paulo. De acordo com familiares, o caminh\u00e3o tamb\u00e9m foi localizado, abandonado, na regi\u00e3o de Americana.<\/p>\n<p style=\"text-align: justify;\">Fonte: sigamais.com<\/p>\n","protected":false},"excerpt":{"rendered":"<p>Na manh\u00e3 desta segunda-feira (21) a fam\u00edlia do caminhoneiro adamantinense Valter Ferreira, popular \u201cNego Drama\u201d, morador do Jardim Adamantina, que estava desaparecido desde s\u00e1bado teve not\u00edcia e um al\u00edvio: ele foi localizado nas primeiras horas da manh\u00e3, depois de ser liberado na madrugada por assaltantes. O caminh\u00e3o que dirigia foi alvo de roubo. O ve\u00edculo [&hellip;]<\/p>\n","protected":false},"author":1,"featured_media":35349,"comment_status":"closed","ping_status":"open","sticky":false,"template":"","format":"standard","meta":{"footnotes":""},"categories":[110,2],"tags":[],"class_list":["post-35348","post","type-post","status-publish","format-standard","has-post-thumbnail","hentry","category-noticiasdestaque","category-policial"],"_links":{"self":[{"href":"https:\/\/jorgezanoni.com.br\/2019\/wp-json\/wp\/v2\/posts\/35348","targetHints":{"allow":["GET"]}}],"collection":[{"href":"https:\/\/jorgezanoni.com.br\/2019\/wp-json\/wp\/v2\/posts"}],"about":[{"href":"https:\/\/jorgezanoni.com.br\/2019\/wp-json\/wp\/v2\/types\/post"}],"author":[{"embeddable":true,"href":"https:\/\/jorgezanoni.com.br\/2019\/wp-json\/wp\/v2\/users\/1"}],"replies":[{"embeddable":true,"href":"https:\/\/jorgezanoni.com.br\/2019\/wp-json\/wp\/v2\/comments?post=35348"}],"version-history":[{"count":0,"href":"https:\/\/jorgezanoni.com.br\/2019\/wp-json\/wp\/v2\/posts\/35348\/revisions"}],"wp:featuredmedia":[{"embeddable":true,"href":"https:\/\/jorgezanoni.com.br\/2019\/wp-json\/wp\/v2\/media\/35349"}],"wp:attachment":[{"href":"https:\/\/jorgezanoni.com.br\/2019\/wp-json\/wp\/v2\/media?parent=35348"}],"wp:term":[{"taxonomy":"category","embeddable":true,"href":"https:\/\/jorgezanoni.com.br\/2019\/wp-json\/wp\/v2\/categories?post=35348"},{"taxonomy":"post_tag","embeddable":true,"href":"https:\/\/jorgezanoni.com.br\/2019\/wp-json\/wp\/v2\/tags?post=35348"}],"curies":[{"name":"wp","href":"https:\/\/api.w.org\/{rel}","templated":true}]}}