{"id":35341,"date":"2020-09-21T14:06:44","date_gmt":"2020-09-21T14:06:44","guid":{"rendered":"https:\/\/jorgezanoni.com.br\/2019\/?p=35341"},"modified":"2020-09-21T14:06:44","modified_gmt":"2020-09-21T14:06:44","slug":"carreata-de-inclusao-social-das-pessoas-com-deficiencia-aconteceu-em-osvaldo-cruz","status":"publish","type":"post","link":"https:\/\/jorgezanoni.com.br\/2019\/carreata-de-inclusao-social-das-pessoas-com-deficiencia-aconteceu-em-osvaldo-cruz\/","title":{"rendered":"Carreata de Inclus\u00e3o Social das Pessoas com Defici\u00eancia aconteceu em Osvaldo Cruz"},"content":{"rendered":"<p style=\"text-align: justify;\">CARREATA INCLUSIVA! \u2665\ufe0f\ud83e\udd1d\u2665\ufe0f<\/p>\n<p style=\"text-align: justify;\">Neste 21de setembro, comemoramos, e devemos celebrar a &#8220;Inclus\u00e3o Social das Pessoas com Defici\u00eancia&#8221;, e como forma de marcar a data, a APAE de Osvaldo Cruz, realizou na manh\u00e3 desta segunda-feira, uma carreata o qual, Unidades de Servi\u00e7o da Pol\u00edcia Militar e Corpo de Bombeiros participaram do evento manifestando n\u00e3o somente o apoio relacionado ao cuidado e seguran\u00e7a, mas tamb\u00e9m, como Institui\u00e7\u00e3o que reconhece a import\u00e2ncia de valoriza\u00e7\u00e3o aos trabalhos e movimentos que buscam promover conceitos de cont\u00ednua efici\u00eancia e efic\u00e1cia no atendimento aos alunos assistidos pela APAE, Entidade que contribu\u00ed com amor, servi\u00e7o, responsabilidade e comprometimento para a melhoria da qualidade de vida da pessoa com defici\u00eancia, assegurando o seu acesso a um atendimento que propicie a supera\u00e7\u00e3o das suas dificuldades e o desenvolvimento de suas potencialidades.<\/p>\n<p style=\"text-align: justify;\">Parab\u00e9ns a APAE de Osvaldo Cruz!<\/p>\n<p style=\"text-align: justify;\">Pol\u00edcia Militar, a For\u00e7a P\u00fablica de S\u00e3o Paulo.<\/p>\n<p style=\"text-align: justify;\">Cr\u00e9dito fotos: Soldado PM J\u00e9ssica S. Santos.<\/p>\n<p><img loading=\"lazy\" decoding=\"async\" class=\"alignnone size-full wp-image-35342\" src=\"https:\/\/jorgezanoni.com.br\/2019\/wp-content\/uploads\/2020\/09\/oc.jpg\" alt=\"\" width=\"534\" height=\"823\" srcset=\"https:\/\/jorgezanoni.com.br\/2019\/wp-content\/uploads\/2020\/09\/oc.jpg 534w, https:\/\/jorgezanoni.com.br\/2019\/wp-content\/uploads\/2020\/09\/oc-195x300.jpg 195w, https:\/\/jorgezanoni.com.br\/2019\/wp-content\/uploads\/2020\/09\/oc-273x420.jpg 273w\" sizes=\"auto, (max-width: 534px) 100vw, 534px\" \/><img loading=\"lazy\" decoding=\"async\" class=\"alignnone size-full wp-image-35343\" src=\"https:\/\/jorgezanoni.com.br\/2019\/wp-content\/uploads\/2020\/09\/oc1.jpg\" alt=\"\" width=\"534\" height=\"1156\" srcset=\"https:\/\/jorgezanoni.com.br\/2019\/wp-content\/uploads\/2020\/09\/oc1.jpg 534w, https:\/\/jorgezanoni.com.br\/2019\/wp-content\/uploads\/2020\/09\/oc1-139x300.jpg 139w, https:\/\/jorgezanoni.com.br\/2019\/wp-content\/uploads\/2020\/09\/oc1-473x1024.jpg 473w, https:\/\/jorgezanoni.com.br\/2019\/wp-content\/uploads\/2020\/09\/oc1-194x420.jpg 194w\" sizes=\"auto, (max-width: 534px) 100vw, 534px\" \/> <img loading=\"lazy\" decoding=\"async\" class=\"alignnone size-full wp-image-35344\" src=\"https:\/\/jorgezanoni.com.br\/2019\/wp-content\/uploads\/2020\/09\/oc2.jpg\" alt=\"\" width=\"780\" height=\"1040\" srcset=\"https:\/\/jorgezanoni.com.br\/2019\/wp-content\/uploads\/2020\/09\/oc2.jpg 780w, https:\/\/jorgezanoni.com.br\/2019\/wp-content\/uploads\/2020\/09\/oc2-225x300.jpg 225w, https:\/\/jorgezanoni.com.br\/2019\/wp-content\/uploads\/2020\/09\/oc2-768x1024.jpg 768w, https:\/\/jorgezanoni.com.br\/2019\/wp-content\/uploads\/2020\/09\/oc2-696x928.jpg 696w, https:\/\/jorgezanoni.com.br\/2019\/wp-content\/uploads\/2020\/09\/oc2-315x420.jpg 315w\" sizes=\"auto, (max-width: 780px) 100vw, 780px\" \/> <img loading=\"lazy\" decoding=\"async\" class=\"alignnone size-full wp-image-35345\" src=\"https:\/\/jorgezanoni.com.br\/2019\/wp-content\/uploads\/2020\/09\/oc3.jpg\" alt=\"\" width=\"534\" height=\"1036\" srcset=\"https:\/\/jorgezanoni.com.br\/2019\/wp-content\/uploads\/2020\/09\/oc3.jpg 534w, https:\/\/jorgezanoni.com.br\/2019\/wp-content\/uploads\/2020\/09\/oc3-155x300.jpg 155w, https:\/\/jorgezanoni.com.br\/2019\/wp-content\/uploads\/2020\/09\/oc3-528x1024.jpg 528w, https:\/\/jorgezanoni.com.br\/2019\/wp-content\/uploads\/2020\/09\/oc3-216x420.jpg 216w\" sizes=\"auto, (max-width: 534px) 100vw, 534px\" \/><\/p>\n","protected":false},"excerpt":{"rendered":"<p>CARREATA INCLUSIVA! \u2665\ufe0f\ud83e\udd1d\u2665\ufe0f Neste 21de setembro, comemoramos, e devemos celebrar a &#8220;Inclus\u00e3o Social das Pessoas com Defici\u00eancia&#8221;, e como forma de marcar a data, a APAE de Osvaldo Cruz, realizou na manh\u00e3 desta segunda-feira, uma carreata o qual, Unidades de Servi\u00e7o da Pol\u00edcia Militar e Corpo de Bombeiros participaram do evento manifestando n\u00e3o somente o [&hellip;]<\/p>\n","protected":false},"author":1,"featured_media":35346,"comment_status":"closed","ping_status":"open","sticky":false,"template":"","format":"standard","meta":{"footnotes":""},"categories":[110,2],"tags":[],"class_list":["post-35341","post","type-post","status-publish","format-standard","has-post-thumbnail","hentry","category-noticiasdestaque","category-policial"],"_links":{"self":[{"href":"https:\/\/jorgezanoni.com.br\/2019\/wp-json\/wp\/v2\/posts\/35341","targetHints":{"allow":["GET"]}}],"collection":[{"href":"https:\/\/jorgezanoni.com.br\/2019\/wp-json\/wp\/v2\/posts"}],"about":[{"href":"https:\/\/jorgezanoni.com.br\/2019\/wp-json\/wp\/v2\/types\/post"}],"author":[{"embeddable":true,"href":"https:\/\/jorgezanoni.com.br\/2019\/wp-json\/wp\/v2\/users\/1"}],"replies":[{"embeddable":true,"href":"https:\/\/jorgezanoni.com.br\/2019\/wp-json\/wp\/v2\/comments?post=35341"}],"version-history":[{"count":0,"href":"https:\/\/jorgezanoni.com.br\/2019\/wp-json\/wp\/v2\/posts\/35341\/revisions"}],"wp:featuredmedia":[{"embeddable":true,"href":"https:\/\/jorgezanoni.com.br\/2019\/wp-json\/wp\/v2\/media\/35346"}],"wp:attachment":[{"href":"https:\/\/jorgezanoni.com.br\/2019\/wp-json\/wp\/v2\/media?parent=35341"}],"wp:term":[{"taxonomy":"category","embeddable":true,"href":"https:\/\/jorgezanoni.com.br\/2019\/wp-json\/wp\/v2\/categories?post=35341"},{"taxonomy":"post_tag","embeddable":true,"href":"https:\/\/jorgezanoni.com.br\/2019\/wp-json\/wp\/v2\/tags?post=35341"}],"curies":[{"name":"wp","href":"https:\/\/api.w.org\/{rel}","templated":true}]}}