{"id":35335,"date":"2020-09-21T13:27:41","date_gmt":"2020-09-21T13:27:41","guid":{"rendered":"https:\/\/jorgezanoni.com.br\/2019\/?p=35335"},"modified":"2020-09-21T13:27:41","modified_gmt":"2020-09-21T13:27:41","slug":"unifadra-realiza-a-11a-edicao-do-ecap","status":"publish","type":"post","link":"https:\/\/jorgezanoni.com.br\/2019\/unifadra-realiza-a-11a-edicao-do-ecap\/","title":{"rendered":"Unifadra realiza a 11\u00aa edi\u00e7\u00e3o do ECAP"},"content":{"rendered":"<div>\n<p dir=\"ltr\" style=\"text-align: justify;\">De 11 a 13 de novembro, a Unifadra, mantida pela Fundec, promover\u00e1 a 11\u00aa edi\u00e7\u00e3o do ECAP (Encontro Cient\u00edfico da Alta Paulista). O evento \u00e9 desenvolvido por sua comiss\u00e3o organizadora, seus departamentos de ensino, pesquisa e extens\u00e3o e seus cursos de gradua\u00e7\u00e3o.<\/p>\n<p dir=\"ltr\" style=\"text-align: justify;\">Os objetivos do evento s\u00e3o promover a atividade cient\u00edfica com palestrantes\/profissionais de reconhecimento nacional e internacional, permitindo a intera\u00e7\u00e3o de experi\u00eancias entre os participantes; divulgar a pesquisa cient\u00edfica realizada pelos alunos e docentes de Institui\u00e7\u00f5es de Ensino Superior; estimular o interesse pela inicia\u00e7\u00e3o cient\u00edfica entre os alunos e incentivar a pesquisa cient\u00edfica entre alunos e docentes da institui\u00e7\u00e3o promotora.<\/p>\n<p dir=\"ltr\" style=\"text-align: justify;\">Diante do cen\u00e1rio atual, com a pandemia da COVID-19, a edi\u00e7\u00e3o chega no formato on-line e com dois grandes desafios: continuar desenvolvendo trabalhos acad\u00eamicos e cient\u00edficos e levar esses conhecimentos para a sociedade, respeitando a necessidade de distanciamento social.<\/p>\n<p dir=\"ltr\" style=\"text-align: justify;\">Cumprindo seu papel social diante do atual cen\u00e1rio econ\u00f4mico, a Unifadra desenvolveu, excepcionalmente, esta edi\u00e7\u00e3o com inscri\u00e7\u00f5es gratuitas e com apresenta\u00e7\u00f5es on-line visando \u00e0 intera\u00e7\u00e3o dos autores com os docentes, alunos participantes do evento e toda a comunidade externa.<\/p>\n<p dir=\"ltr\" style=\"text-align: justify;\">O per\u00edodo para submiss\u00e3o de resumos de trabalhos est\u00e1 aberto e vai at\u00e9 16 de outubro.<\/p>\n<p><span id=\"gmail-docs-internal-guid-a0143269-7fff-9603-afaa-55995ba5a613\">Mais informa\u00e7\u00f5es sobre o evento est\u00e3o dispon\u00edveis no site <a href=\"https:\/\/fundec.edu.br\/unifadra\/ecap\" target=\"_blank\" rel=\"noopener noreferrer\">https:\/\/fundec.edu.br\/unifadra\/ecap<\/a><\/span><\/div>\n<div style=\"text-align: justify;\"><\/div>\n<div class=\"gmail_signature\" dir=\"ltr\">\n<div dir=\"ltr\" style=\"text-align: justify;\"><b>Carolina Colnago<br \/>\nAssistente de Comunica\u00e7\u00e3o\u00a0<\/b><br \/>\n<b>Funda\u00e7\u00e3o Dracenense de Educa\u00e7\u00e3o e Cultura<\/b><\/div>\n<\/div>\n","protected":false},"excerpt":{"rendered":"<p>De 11 a 13 de novembro, a Unifadra, mantida pela Fundec, promover\u00e1 a 11\u00aa edi\u00e7\u00e3o do ECAP (Encontro Cient\u00edfico da Alta Paulista). O evento \u00e9 desenvolvido por sua comiss\u00e3o organizadora, seus departamentos de ensino, pesquisa e extens\u00e3o e seus cursos de gradua\u00e7\u00e3o. Os objetivos do evento s\u00e3o promover a atividade cient\u00edfica com palestrantes\/profissionais de reconhecimento [&hellip;]<\/p>\n","protected":false},"author":1,"featured_media":35336,"comment_status":"closed","ping_status":"open","sticky":false,"template":"","format":"standard","meta":{"footnotes":""},"categories":[122],"tags":[],"class_list":["post-35335","post","type-post","status-publish","format-standard","has-post-thumbnail","hentry","category-saudeeducacaoeconcurso"],"_links":{"self":[{"href":"https:\/\/jorgezanoni.com.br\/2019\/wp-json\/wp\/v2\/posts\/35335","targetHints":{"allow":["GET"]}}],"collection":[{"href":"https:\/\/jorgezanoni.com.br\/2019\/wp-json\/wp\/v2\/posts"}],"about":[{"href":"https:\/\/jorgezanoni.com.br\/2019\/wp-json\/wp\/v2\/types\/post"}],"author":[{"embeddable":true,"href":"https:\/\/jorgezanoni.com.br\/2019\/wp-json\/wp\/v2\/users\/1"}],"replies":[{"embeddable":true,"href":"https:\/\/jorgezanoni.com.br\/2019\/wp-json\/wp\/v2\/comments?post=35335"}],"version-history":[{"count":0,"href":"https:\/\/jorgezanoni.com.br\/2019\/wp-json\/wp\/v2\/posts\/35335\/revisions"}],"wp:featuredmedia":[{"embeddable":true,"href":"https:\/\/jorgezanoni.com.br\/2019\/wp-json\/wp\/v2\/media\/35336"}],"wp:attachment":[{"href":"https:\/\/jorgezanoni.com.br\/2019\/wp-json\/wp\/v2\/media?parent=35335"}],"wp:term":[{"taxonomy":"category","embeddable":true,"href":"https:\/\/jorgezanoni.com.br\/2019\/wp-json\/wp\/v2\/categories?post=35335"},{"taxonomy":"post_tag","embeddable":true,"href":"https:\/\/jorgezanoni.com.br\/2019\/wp-json\/wp\/v2\/tags?post=35335"}],"curies":[{"name":"wp","href":"https:\/\/api.w.org\/{rel}","templated":true}]}}