{"id":35321,"date":"2020-09-21T13:04:27","date_gmt":"2020-09-21T13:04:27","guid":{"rendered":"https:\/\/jorgezanoni.com.br\/2019\/?p=35321"},"modified":"2020-09-21T13:04:27","modified_gmt":"2020-09-21T13:04:27","slug":"conselho-estadual-de-educacao-do-estado-de-sao-paulo-empossa-novos-conselheiros","status":"publish","type":"post","link":"https:\/\/jorgezanoni.com.br\/2019\/conselho-estadual-de-educacao-do-estado-de-sao-paulo-empossa-novos-conselheiros\/","title":{"rendered":"Conselho Estadual de Educa\u00e7\u00e3o do Estado de S\u00e3o Paulo empossa novos conselheiros"},"content":{"rendered":"<h3 dir=\"ltr\" style=\"text-align: justify;\"><strong>O diretor executivo da Fundec Edson Hissatomi Kai integra o CEE-SP desde o ano de 2017 e participou da cerim\u00f4nia de posse.<\/strong><\/h3>\n<p style=\"text-align: justify;\"><span id=\"gmail-docs-internal-guid-ce611eed-7fff-2b8e-2b1c-23b52a1fc944\">O diretor executivo da Fundec Edson Hissatomi Kai participou, nesta quarta-feira, dia 16, da Sess\u00e3o Plen\u00e1ria Ordin\u00e1ria de Car\u00e1ter Especial para Posse de Conselheiros \u2013 novos e reconduzidos \u2013 do Conselho Estadual de Educa\u00e7\u00e3o do Estado de S\u00e3o Paulo. O evento foi realizado virtualmente e ao vivo.<br \/>\nA sess\u00e3o foi presidida pelo Prof. Hubert Alqu\u00e9res, presidente do Conselho Estadual de Educa\u00e7\u00e3o de S\u00e3o Paulo (gest\u00e3o 2019-2020). A solenidade contou com a presen\u00e7a do Secret\u00e1rio de Estado da Educa\u00e7\u00e3o Prof. Rossieli Soares.<br \/>\nOs novos integrantes do Conselho Estadual de Educa\u00e7\u00e3o de S\u00e3o Paulo atuar\u00e3o no estabelecimento de normas para todas as escolas das redes estadual, municipal e particular, desde a educa\u00e7\u00e3o infantil, at\u00e9 o ensino m\u00e9dio e profissional, nas modalidades presencial e a dist\u00e2ncia.<br \/>\nTamb\u00e9m cabe ao CEE-SP credenciar, regulamentar e orientar as institui\u00e7\u00f5es de ensino superior p\u00fablicas do Estado, bem como seus respectivos cursos.<br \/>\nAp\u00f3s a Posse dos Conselheiros, foi realizada a elei\u00e7\u00e3o para a escolha de presidente e vice-presidente do Colegiado, para o mandato 2020-2021, e a indica\u00e7\u00e3o dos Conselheiros para a composi\u00e7\u00e3o das C\u00e2maras de Educa\u00e7\u00e3o Superior e de Educa\u00e7\u00e3o B\u00e1sica e das Comiss\u00f5es de Planejamento e de Legisla\u00e7\u00e3o e Normas. Foram eleitos para a gest\u00e3o 2020-2021 do Conselho Estadual de Educa\u00e7\u00e3o Ghisleine Trigo Silveira como Presidente e Hubert Alqu\u00e9res como Vice-presidente. Presidir\u00e3o as C\u00e2maras de Educa\u00e7\u00e3o do CEE-SP os conselheiros K\u00e1tia Cristina Stocco Smole e D\u00e9bora Gonzalez Costa Blanco (Educa\u00e7\u00e3o B\u00e1sica); e Hubert Alqu\u00e9res e Roque The\u00f3philo J\u00fanior (Educa\u00e7\u00e3o Superior). As Comiss\u00f5es do CEE-SP ficar\u00e3o sob responsabilidade dos conselheiros Roque The\u00f3philo J\u00fanior (Comiss\u00e3o de Planejamento) e Nina Beatriz Stocco Ranieri (Comiss\u00e3o de Legisla\u00e7\u00e3o e Normas).<br \/>\nEdson Kai, cujo mandato vence em 31 de julho de 2021, aproveitou a posse para desejar ao Conselho e aos seus novos membros um \u00f3timo trabalho nesta gest\u00e3o que se inicia. &#8220;Estamos sempre \u00e0 disposi\u00e7\u00e3o do Conselho para todas as demandas na \u00e1rea educacional, buscando, como todas as institui\u00e7\u00f5es de ensino, sempre melhorias para a educa\u00e7\u00e3o&#8221;, ressaltou o diretor executivo da Fundec.<\/span><\/p>\n<div style=\"text-align: justify;\">Foto: Posse do Conselho Estadual de Educa\u00e7\u00e3o do Estado de S\u00e3o Paulo.<\/div>\n<div style=\"text-align: justify;\"><\/div>\n<div class=\"gmail_signature\" dir=\"ltr\">\n<div dir=\"ltr\" style=\"text-align: justify;\">Carolina Colnago<br \/>\nAssistente de Comunica\u00e7\u00e3o<br \/>\nFunda\u00e7\u00e3o Dracenense de Educa\u00e7\u00e3o e Cultura<\/div>\n<\/div>\n","protected":false},"excerpt":{"rendered":"<p>O diretor executivo da Fundec Edson Hissatomi Kai integra o CEE-SP desde o ano de 2017 e participou da cerim\u00f4nia de posse. O diretor executivo da Fundec Edson Hissatomi Kai participou, nesta quarta-feira, dia 16, da Sess\u00e3o Plen\u00e1ria Ordin\u00e1ria de Car\u00e1ter Especial para Posse de Conselheiros \u2013 novos e reconduzidos \u2013 do Conselho Estadual de [&hellip;]<\/p>\n","protected":false},"author":1,"featured_media":35322,"comment_status":"closed","ping_status":"open","sticky":false,"template":"","format":"standard","meta":{"footnotes":""},"categories":[122],"tags":[],"class_list":["post-35321","post","type-post","status-publish","format-standard","has-post-thumbnail","hentry","category-saudeeducacaoeconcurso"],"_links":{"self":[{"href":"https:\/\/jorgezanoni.com.br\/2019\/wp-json\/wp\/v2\/posts\/35321","targetHints":{"allow":["GET"]}}],"collection":[{"href":"https:\/\/jorgezanoni.com.br\/2019\/wp-json\/wp\/v2\/posts"}],"about":[{"href":"https:\/\/jorgezanoni.com.br\/2019\/wp-json\/wp\/v2\/types\/post"}],"author":[{"embeddable":true,"href":"https:\/\/jorgezanoni.com.br\/2019\/wp-json\/wp\/v2\/users\/1"}],"replies":[{"embeddable":true,"href":"https:\/\/jorgezanoni.com.br\/2019\/wp-json\/wp\/v2\/comments?post=35321"}],"version-history":[{"count":0,"href":"https:\/\/jorgezanoni.com.br\/2019\/wp-json\/wp\/v2\/posts\/35321\/revisions"}],"wp:featuredmedia":[{"embeddable":true,"href":"https:\/\/jorgezanoni.com.br\/2019\/wp-json\/wp\/v2\/media\/35322"}],"wp:attachment":[{"href":"https:\/\/jorgezanoni.com.br\/2019\/wp-json\/wp\/v2\/media?parent=35321"}],"wp:term":[{"taxonomy":"category","embeddable":true,"href":"https:\/\/jorgezanoni.com.br\/2019\/wp-json\/wp\/v2\/categories?post=35321"},{"taxonomy":"post_tag","embeddable":true,"href":"https:\/\/jorgezanoni.com.br\/2019\/wp-json\/wp\/v2\/tags?post=35321"}],"curies":[{"name":"wp","href":"https:\/\/api.w.org\/{rel}","templated":true}]}}