{"id":35312,"date":"2020-09-21T12:13:04","date_gmt":"2020-09-21T12:13:04","guid":{"rendered":"https:\/\/jorgezanoni.com.br\/2019\/?p=35312"},"modified":"2020-09-21T12:13:04","modified_gmt":"2020-09-21T12:13:04","slug":"hoje-comemoramos-o-dia-da-arvore","status":"publish","type":"post","link":"https:\/\/jorgezanoni.com.br\/2019\/hoje-comemoramos-o-dia-da-arvore\/","title":{"rendered":"Hoje comemoramos o &#8220;Dia da \u00c1rvore&#8221;"},"content":{"rendered":"<div>\n<p style=\"text-align: justify;\">O Dia da \u00c1rvore \u00e9 comemorado no Brasil em 21 de setembro e tem como objetivo principal a conscientiza\u00e7\u00e3o a respeito da preserva\u00e7\u00e3o desse bem t\u00e3o valioso. A data, que \u00e9 diferente em outras partes do mundo, foi escolhida em raz\u00e3o do in\u00edcio da\u00a0<a href=\"https:\/\/brasilescola.uol.com.br\/geografia\/primavera.htm\">primavera<\/a>, que come\u00e7a no dia 23 de setembro no hemisf\u00e9rio Sul.<\/p>\n<p style=\"text-align: justify;\"><strong>Leia tamb\u00e9m:\u00a0<\/strong><a href=\"https:\/\/brasilescola.uol.com.br\/datas-comemorativas\/dia-mundial-do-meio-ambiente-ecologia.htm\">05 de Junho \u2014 Dia Mundial do Meio Ambiente<\/a><\/p>\n<h2 style=\"text-align: justify;\"><strong>Qual a import\u00e2ncia da \u00e1rvore?<\/strong><\/h2>\n<p style=\"text-align: justify;\">A \u00e1rvore \u00e9 um<strong>\u00a0grande s\u00edmbolo da natureza<\/strong>\u00a0e \u00e9\u00a0<strong>uma das mais importantes riquezas naturais<\/strong>\u00a0que possu\u00edmos. As diversas esp\u00e9cies arb\u00f3reas existentes s\u00e3o fundamentais para a vida na Terra porque:<\/p>\n<ul style=\"text-align: justify;\">\n<li>aumentam a\u00a0<a href=\"https:\/\/brasilescola.uol.com.br\/fisica\/umidade-relativa-ar-ur.htm\">umidade do ar<\/a>\u00a0gra\u00e7as \u00e0 evapotranspira\u00e7\u00e3o;<\/li>\n<li>evitam\u00a0<a href=\"https:\/\/brasilescola.uol.com.br\/geografia\/erosao.htm\">eros\u00f5es<\/a>;<\/li>\n<li>produzem oxig\u00eanio no processo de\u00a0<a href=\"https:\/\/brasilescola.uol.com.br\/biologia\/fotossintese.htm\">fotoss\u00edntese<\/a>;<\/li>\n<li>reduzem a temperatura;<\/li>\n<li>fornecem sombra e abrigo para algumas esp\u00e9cies animais.<\/li>\n<\/ul>\n<p style=\"text-align: justify;\">Al\u00e9m disso, entre as diversas esp\u00e9cies arb\u00f3reas existentes, incluem-se\u00a0<strong>v\u00e1rias\u00a0<\/strong>plantas frut\u00edferas, como \u00e9 o caso da mangueira, limoeiro, goiabeira, abacateiro, pessegueiro e laranjeira.<\/p>\n<p style=\"text-align: justify;\">Al\u00e9m de produzirem alimento, as \u00e1rvores tamb\u00e9m possuem outras<strong>\u00a0aplica\u00e7\u00f5es econ\u00f4micas<\/strong>. A madeira por elas produzidas serve como mat\u00e9ria-prima para a cria\u00e7\u00e3o de m\u00f3veis e at\u00e9 mesmo casas. A\u00a0<a href=\"https:\/\/brasilescola.uol.com.br\/quimica\/celulose.htm\">celulose<\/a>\u00a0extra\u00edda dessas plantas, principalmente pinheiros e eucaliptos, \u00e9 fundamental para a fabrica\u00e7\u00e3o de papel. Al\u00e9m disso, algumas esp\u00e9cies apresentam aplicabilidade na ind\u00fastria farmac\u00eautica por possu\u00edrem importantes compostos.<\/p>\n<h2 style=\"text-align: justify;\"><strong>Qual o objetivo do Dia da \u00c1rvore?<\/strong><\/h2>\n<p style=\"text-align: justify;\">Em virtude da grande quantidade de utiliza\u00e7\u00f5es e da expans\u00e3o urbana, as \u00e1rvores s\u00e3o constantemente exterminadas, o que resulta em grandes \u00e1reas desmatadas. O\u00a0<a href=\"https:\/\/brasilescola.uol.com.br\/geografia\/o-desmatamento.htm\">desmatamento<\/a>\u00a0afeta diretamente a vida de toda a popula\u00e7\u00e3o, que passa a enfrentar eros\u00f5es, assoreamento de rios, redu\u00e7\u00e3o do regime de chuvas e da umidade relativa do ar, desertifica\u00e7\u00e3o e perda de\u00a0<a href=\"https:\/\/brasilescola.uol.com.br\/geografia\/biodiversidade.htm\">biodiversidade<\/a>.<\/p>\n<div style=\"text-align: justify;\">\n<figure class=\"image\"><img loading=\"lazy\" decoding=\"async\" src=\"https:\/\/s3.static.brasilescola.uol.com.br\/be\/2020\/09\/dia-da-arvore.jpg\" alt=\"O Dia da \u00c1rvore \u00e9 comemorado no dia 21 de setembro.\" width=\"600\" height=\"400\" \/><figcaption>O Dia da \u00c1rvore \u00e9 comemorado no dia 21 de setembro.<\/figcaption><\/figure>\n<\/div>\n<p style=\"text-align: justify;\">Sendo assim, o dia 21 de setembro deve ser visto como um dia de<strong>\u00a0reflex\u00e3o sobre nossas atitudes em rela\u00e7\u00e3o a essa importante riqueza natural<\/strong>. Esse dia \u00e9 muito mais do que o ato simb\u00f3lico de plantar uma \u00e1rvore e deve ser encarado como um momento de mudan\u00e7a de postura e conscientiza\u00e7\u00e3o de que nossos atos afetam as gera\u00e7\u00f5es futuras. \u00c9 importante tamb\u00e9m haver conscientiza\u00e7\u00e3o a respeito da import\u00e2ncia da conserva\u00e7\u00e3o, bem como da necessidade de cria\u00e7\u00e3o de pol\u00edticas p\u00fablicas que combatam a explora\u00e7\u00e3o ilegal de \u00e1rvores.<\/p>\n<p style=\"text-align: justify;\"><strong>Veja tamb\u00e9m<\/strong>:\u00a0<a href=\"https:\/\/brasilescola.uol.com.br\/datas-comemorativas\/dia-nacional-da-agua.htm\">22 de mar\u00e7o \u2013 Dia Mundial da \u00c1gua<\/a><\/p>\n<p style=\"text-align: justify;\"><strong>Curiosidades<\/strong><\/p>\n<p style=\"text-align: justify;\"><em>Cada regi\u00e3o do nosso pa\u00eds possui uma \u00e1rvore s\u00edmbolo diferente. Observe:<\/em><\/p>\n<ul style=\"text-align: justify;\">\n<li><em>\u00c1rvore s\u00edmbolo da regi\u00e3o Norte \u2013 castanheira;<\/em><\/li>\n<li><em>\u00c1rvore s\u00edmbolo da regi\u00e3o Nordeste \u2013\u00a0<\/em><a href=\"https:\/\/brasilescola.uol.com.br\/biologia\/carnauba.htm\"><em>carna\u00faba<\/em><\/a><em>;<\/em><\/li>\n<li><em>\u00c1rvore s\u00edmbolo da regi\u00e3o Centro-Oeste \u2013 ip\u00ea amarelo;<\/em><\/li>\n<li><em>\u00c1rvore s\u00edmbolo da regi\u00e3o Sudeste \u2013 pau-brasil;<\/em><\/li>\n<li><em>\u00c1rvore s\u00edmbolo da regi\u00e3o Sul \u2013\u00a0<\/em><a href=\"https:\/\/brasilescola.uol.com.br\/biologia\/araucaria.htm\"><em>arauc\u00e1ria<\/em><\/a><em>.<\/em><\/li>\n<\/ul>\n<p style=\"text-align: justify;\">&#8211; No dia 21 de mar\u00e7o \u00e9 comemorado o Dia Mundial da \u00c1rvore.<\/p>\n<p style=\"text-align: justify;\">Por Vanessa Sardinha dos Santos<br \/>\nProfessora de Biologia<\/p>\n<\/div>\n<div>\n<div>\n<p style=\"text-align: justify;\">Gostaria de fazer a refer\u00eancia deste texto em um trabalho escolar ou acad\u00eamico? Veja:<\/p>\n<p style=\"text-align: justify;\">SANTOS, Vanessa Sardinha dos. &#8220;21 de setembro \u2013 Dia da \u00c1rvore&#8221;;\u00a0<i>Brasil Escola<\/i>. Dispon\u00edvel em: https:\/\/brasilescola.uol.com.br\/datas-comemorativas\/dia-da-arvore.htm. Acesso em 21 de setembro de 2020.<\/p>\n<p style=\"text-align: justify;\">Fonte: https:\/\/brasilescola.uol.com.br\/datas-comemorativas\/dia-da-arvore.htm<\/p>\n<\/div>\n<\/div>\n","protected":false},"excerpt":{"rendered":"<p>O Dia da \u00c1rvore \u00e9 comemorado no Brasil em 21 de setembro e tem como objetivo principal a conscientiza\u00e7\u00e3o a respeito da preserva\u00e7\u00e3o desse bem t\u00e3o valioso. A data, que \u00e9 diferente em outras partes do mundo, foi escolhida em raz\u00e3o do in\u00edcio da\u00a0primavera, que come\u00e7a no dia 23 de setembro no hemisf\u00e9rio Sul. Leia [&hellip;]<\/p>\n","protected":false},"author":1,"featured_media":35313,"comment_status":"closed","ping_status":"open","sticky":false,"template":"","format":"standard","meta":{"footnotes":""},"categories":[176,110],"tags":[],"class_list":["post-35312","post","type-post","status-publish","format-standard","has-post-thumbnail","hentry","category-meioambienteeagricultura","category-noticiasdestaque"],"_links":{"self":[{"href":"https:\/\/jorgezanoni.com.br\/2019\/wp-json\/wp\/v2\/posts\/35312","targetHints":{"allow":["GET"]}}],"collection":[{"href":"https:\/\/jorgezanoni.com.br\/2019\/wp-json\/wp\/v2\/posts"}],"about":[{"href":"https:\/\/jorgezanoni.com.br\/2019\/wp-json\/wp\/v2\/types\/post"}],"author":[{"embeddable":true,"href":"https:\/\/jorgezanoni.com.br\/2019\/wp-json\/wp\/v2\/users\/1"}],"replies":[{"embeddable":true,"href":"https:\/\/jorgezanoni.com.br\/2019\/wp-json\/wp\/v2\/comments?post=35312"}],"version-history":[{"count":0,"href":"https:\/\/jorgezanoni.com.br\/2019\/wp-json\/wp\/v2\/posts\/35312\/revisions"}],"wp:featuredmedia":[{"embeddable":true,"href":"https:\/\/jorgezanoni.com.br\/2019\/wp-json\/wp\/v2\/media\/35313"}],"wp:attachment":[{"href":"https:\/\/jorgezanoni.com.br\/2019\/wp-json\/wp\/v2\/media?parent=35312"}],"wp:term":[{"taxonomy":"category","embeddable":true,"href":"https:\/\/jorgezanoni.com.br\/2019\/wp-json\/wp\/v2\/categories?post=35312"},{"taxonomy":"post_tag","embeddable":true,"href":"https:\/\/jorgezanoni.com.br\/2019\/wp-json\/wp\/v2\/tags?post=35312"}],"curies":[{"name":"wp","href":"https:\/\/api.w.org\/{rel}","templated":true}]}}