{"id":35294,"date":"2020-09-20T21:07:05","date_gmt":"2020-09-20T21:07:05","guid":{"rendered":"https:\/\/jorgezanoni.com.br\/2019\/?p=35294"},"modified":"2020-09-20T21:07:05","modified_gmt":"2020-09-20T21:07:05","slug":"pai-cantando-com-bebe-deitado-no-violao-viraliza-nas-redes-sociais-ate-dormiu","status":"publish","type":"post","link":"https:\/\/jorgezanoni.com.br\/2019\/pai-cantando-com-bebe-deitado-no-violao-viraliza-nas-redes-sociais-ate-dormiu\/","title":{"rendered":"Pai cantando com beb\u00ea deitado no viol\u00e3o viraliza nas redes sociais: &#8216;At\u00e9 dormiu&#8217;"},"content":{"rendered":"<h2 class=\"content-head__subtitle\" style=\"text-align: justify;\"><strong>Fam\u00edlia de Ara\u00e7oiaba da Serra (SP) gravou o beb\u00ea Ravi, de dois meses, dormindo no viol\u00e3o do pai durante a cantoria. Post j\u00e1 tem quase 10 mil compartilhamentos.<\/strong><\/h2>\n<div class=\"mc-column content-text active-extra-styles \" data-block-type=\"unstyled\" data-block-weight=\"41\" data-block-id=\"2\">\n<p class=\"content-text__container \" style=\"text-align: justify;\" data-track-category=\"Link no Texto\" data-track-links=\"\">Uma cena de encantar o cora\u00e7\u00e3o foi registrada por um morador de Ara\u00e7oiaba da Serra (SP) que acabou de se tornar pai. Ele colocou o filho Ravi, de apenas dois meses, em cima do viol\u00e3o enquanto cantava e gravou um v\u00eddeo.<\/p>\n<\/div>\n<div class=\"wall protected-content\">\n<div class=\"mc-column content-text active-extra-styles \" style=\"text-align: justify;\" data-block-type=\"unstyled\" data-block-weight=\"33\" data-block-id=\"3\">\n<p class=\"content-text__container \" data-track-category=\"Link no Texto\" data-track-links=\"\">A cantoria, que a princ\u00edpio foi compartilhada apenas com amigos, acabou viralizando nas redes sociais. At\u00e9 a tarde de quinta-feira (17), o post j\u00e1 tinha quase duas mil curtidas e 10 mil compartilhamentos.<\/p>\n<\/div>\n<div class=\"mc-column content-text active-extra-styles \" style=\"text-align: justify;\" data-block-type=\"unstyled\" data-block-weight=\"28\" data-block-id=\"4\">\n<p class=\"content-text__container \" data-track-category=\"Link no Texto\" data-track-links=\"\">O empres\u00e1rio Itamar Ruberti, de 40 anos, contou ao\u00a0<strong>G1<\/strong>\u00a0que resolveu colocar o pequeno no viol\u00e3o ap\u00f3s ter visto uma pose parecida em uma foto na internet.<\/p>\n<\/div>\n<div class=\"mc-column content-text active-extra-styles\" style=\"text-align: justify;\" data-block-type=\"raw\" data-block-weight=\"56\" data-block-id=\"5\">\n<blockquote class=\"content-blockquote theme-border-color-primary-before\"><p>&#8220;Eu achei que ele nem ia gostar muito de ficar no viol\u00e3o, mas at\u00e9 dormiu. Eu gosto de tocar e cantar, a\u00ed gravei esse v\u00eddeo e mandei para um grupo de amigos e acabou sendo compartilhado com v\u00e1rias pessoas. Uma pessoa de Goi\u00e1s postou na rede social e bombou. N\u00e3o esperava nunca, achei super legal&#8221;, comenta.<\/p><\/blockquote>\n<\/div>\n<div class=\"mc-column content-text active-extra-styles \" data-block-type=\"unstyled\" data-block-weight=\"25\" data-block-id=\"6\">\n<p class=\"content-text__container \" style=\"text-align: justify;\" data-track-category=\"Link no Texto\" data-track-links=\"\">No v\u00eddeo, Itamar toca uma m\u00fasica da dupla sertaneja Victor e L\u00e9o, enquanto o filho Ravi fica apoiado no viol\u00e3o e acaba dormindo.<\/p>\n<div class=\"mc-column content-text active-extra-styles \" style=\"text-align: justify;\" data-block-type=\"unstyled\" data-block-weight=\"56\" data-block-id=\"9\">\n<p class=\"content-text__container \" data-track-category=\"Link no Texto\" data-track-links=\"\">O empres\u00e1rio j\u00e1 tem uma filha de 11 anos e lembra que a espera pela chegada de Ravi foi grande. Ele explica que a esposa, C\u00edntia Tozze, de 33 anos, teve complica\u00e7\u00f5es durante a gravidez e o pequeno acabou nascendo prematuramente, com apenas 31 semanas. Ap\u00f3s um per\u00edodo de recupera\u00e7\u00e3o, o menino finalmente foi para casa.<\/p>\n<\/div>\n<div class=\"mc-column content-text active-extra-styles \" style=\"text-align: justify;\" data-block-type=\"unstyled\" data-block-weight=\"30\" data-block-id=\"10\">\n<p class=\"content-text__container \" data-track-category=\"Link no Texto\" data-track-links=\"\">Enquanto Ravi ainda estava na barriga da m\u00e3e, Itamar j\u00e1 costumava tocar para o filho. &#8220;Cantei algumas vezes para ele ainda na barriga. Ele foi muito desejado e esperado&#8221;, completa.<\/p>\n<\/div>\n<div class=\"row medium-uncollapsed content-media content-photo\" style=\"text-align: justify;\" data-block-type=\"backstage-photo\" data-block-id=\"11\">\n<div class=\"mc-column content-media__container\">\n<figure><img decoding=\"async\" class=\"i-amphtml-fill-content i-amphtml-replaced-content\" src=\"https:\/\/s2.glbimg.com\/0NRV2l5i7qj6YxVjsXkU6GajJdk=\/0x0:1209x831\/984x0\/smart\/filters:strip_icc()\/i.s3.glbimg.com\/v1\/AUTH_59edd422c0c84a879bd37670ae4f538a\/internal_photos\/bs\/2020\/5\/o\/kPke5lSYClke2hpSre7g\/whatsapp-image-2020-09-17-at-16.02.56.jpeg\" sizes=\"(max-width: 1366px) 648px, 100vw\" srcset=\"https:\/\/s2.glbimg.com\/oDznpJy1UZ2muNwI6_Gh-mFD-Ro=\/0x0:1209x831\/1000x0\/smart\/filters:strip_icc()\/i.s3.glbimg.com\/v1\/AUTH_59edd422c0c84a879bd37670ae4f538a\/internal_photos\/bs\/2020\/5\/o\/kPke5lSYClke2hpSre7g\/whatsapp-image-2020-09-17-at-16.02.56.jpeg 1000w, https:\/\/s2.glbimg.com\/0NRV2l5i7qj6YxVjsXkU6GajJdk=\/0x0:1209x831\/984x0\/smart\/filters:strip_icc()\/i.s3.glbimg.com\/v1\/AUTH_59edd422c0c84a879bd37670ae4f538a\/internal_photos\/bs\/2020\/5\/o\/kPke5lSYClke2hpSre7g\/whatsapp-image-2020-09-17-at-16.02.56.jpeg 984w, https:\/\/s2.glbimg.com\/v1HrAxpx8cHDVBLaObJ7UpCDcUM=\/0x0:1209x831\/640x0\/smart\/filters:strip_icc()\/i.s3.glbimg.com\/v1\/AUTH_59edd422c0c84a879bd37670ae4f538a\/internal_photos\/bs\/2020\/5\/o\/kPke5lSYClke2hpSre7g\/whatsapp-image-2020-09-17-at-16.02.56.jpeg 640w, https:\/\/s2.glbimg.com\/ezpSaZE5jV6PnEqtHs72_DoZa4A=\/0x0:1209x831\/600x0\/smart\/filters:strip_icc()\/i.s3.glbimg.com\/v1\/AUTH_59edd422c0c84a879bd37670ae4f538a\/internal_photos\/bs\/2020\/5\/o\/kPke5lSYClke2hpSre7g\/whatsapp-image-2020-09-17-at-16.02.56.jpeg 600w\" alt=\"Fam\u00edlia cantava para o beb\u00ea ainda na gravidez \u2014 Foto: Arquivo pessoal\" \/><\/figure>\n<p class=\"content-media__description \">Fam\u00edlia cantava para o beb\u00ea ainda na gravidez \u2014 Foto: Arquivo pessoal<\/p>\n<\/div>\n<\/div>\n<div class=\"row medium-uncollapsed content-media content-photo\" data-block-type=\"backstage-photo\" data-block-id=\"12\">\n<div class=\"mc-column content-media__container\">\n<figure style=\"text-align: justify;\"><img decoding=\"async\" class=\"i-amphtml-fill-content i-amphtml-replaced-content\" src=\"https:\/\/s2.glbimg.com\/K4F_OAbv5IgMbW0DnfLJcV4kziU=\/0x0:768x1024\/984x0\/smart\/filters:strip_icc()\/i.s3.glbimg.com\/v1\/AUTH_59edd422c0c84a879bd37670ae4f538a\/internal_photos\/bs\/2020\/g\/I\/C3DivKSWA59Y4KmNBmBg\/whatsapp-image-2020-09-17-at-15.58.59.jpeg\" sizes=\"(max-width: 1366px) 648px, 100vw\" srcset=\"https:\/\/s2.glbimg.com\/_9Odjul4Fb5HeWF8yw41C_oudlE=\/0x0:768x1024\/1000x0\/smart\/filters:strip_icc()\/i.s3.glbimg.com\/v1\/AUTH_59edd422c0c84a879bd37670ae4f538a\/internal_photos\/bs\/2020\/g\/I\/C3DivKSWA59Y4KmNBmBg\/whatsapp-image-2020-09-17-at-15.58.59.jpeg 1000w, https:\/\/s2.glbimg.com\/K4F_OAbv5IgMbW0DnfLJcV4kziU=\/0x0:768x1024\/984x0\/smart\/filters:strip_icc()\/i.s3.glbimg.com\/v1\/AUTH_59edd422c0c84a879bd37670ae4f538a\/internal_photos\/bs\/2020\/g\/I\/C3DivKSWA59Y4KmNBmBg\/whatsapp-image-2020-09-17-at-15.58.59.jpeg 984w, https:\/\/s2.glbimg.com\/QsrUduPAxPVZnBYqa_aWfn7hlP8=\/0x0:768x1024\/640x0\/smart\/filters:strip_icc()\/i.s3.glbimg.com\/v1\/AUTH_59edd422c0c84a879bd37670ae4f538a\/internal_photos\/bs\/2020\/g\/I\/C3DivKSWA59Y4KmNBmBg\/whatsapp-image-2020-09-17-at-15.58.59.jpeg 640w, https:\/\/s2.glbimg.com\/ld6MOSPO4I5mVkxpX3HqB4yiuzY=\/0x0:768x1024\/600x0\/smart\/filters:strip_icc()\/i.s3.glbimg.com\/v1\/AUTH_59edd422c0c84a879bd37670ae4f538a\/internal_photos\/bs\/2020\/g\/I\/C3DivKSWA59Y4KmNBmBg\/whatsapp-image-2020-09-17-at-15.58.59.jpeg 600w\" alt=\"Ravi Ruberti nasceu com apenas 31 semanas \u2014 Foto: Arquivo pessoal\" \/><\/figure>\n<p class=\"content-media__description \" style=\"text-align: justify;\">Ravi Ruberti nasceu com apenas 31 semanas \u2014 Foto: Arquivo pessoal<\/p>\n<p style=\"text-align: justify;\">Fonte: https:\/\/g1.globo.com\/sp\/sorocaba-jundiai\/noticia\/2020\/09\/20\/video-de-pai-cantando-com-bebe-deitado-no-violao-viraliza-nas-redes-sociais-ate-dormiu.ghtml<\/p>\n<\/div>\n<\/div>\n<p data-track-category=\"Link no Texto\" data-track-links=\"\">\n<\/div>\n<\/div>\n","protected":false},"excerpt":{"rendered":"<p>Fam\u00edlia de Ara\u00e7oiaba da Serra (SP) gravou o beb\u00ea Ravi, de dois meses, dormindo no viol\u00e3o do pai durante a cantoria. Post j\u00e1 tem quase 10 mil compartilhamentos. Uma cena de encantar o cora\u00e7\u00e3o foi registrada por um morador de Ara\u00e7oiaba da Serra (SP) que acabou de se tornar pai. Ele colocou o filho Ravi, [&hellip;]<\/p>\n","protected":false},"author":1,"featured_media":35295,"comment_status":"closed","ping_status":"open","sticky":false,"template":"","format":"standard","meta":{"footnotes":""},"categories":[183,110],"tags":[],"class_list":["post-35294","post","type-post","status-publish","format-standard","has-post-thumbnail","hentry","category-musicaeturismo","category-noticiasdestaque"],"_links":{"self":[{"href":"https:\/\/jorgezanoni.com.br\/2019\/wp-json\/wp\/v2\/posts\/35294","targetHints":{"allow":["GET"]}}],"collection":[{"href":"https:\/\/jorgezanoni.com.br\/2019\/wp-json\/wp\/v2\/posts"}],"about":[{"href":"https:\/\/jorgezanoni.com.br\/2019\/wp-json\/wp\/v2\/types\/post"}],"author":[{"embeddable":true,"href":"https:\/\/jorgezanoni.com.br\/2019\/wp-json\/wp\/v2\/users\/1"}],"replies":[{"embeddable":true,"href":"https:\/\/jorgezanoni.com.br\/2019\/wp-json\/wp\/v2\/comments?post=35294"}],"version-history":[{"count":0,"href":"https:\/\/jorgezanoni.com.br\/2019\/wp-json\/wp\/v2\/posts\/35294\/revisions"}],"wp:featuredmedia":[{"embeddable":true,"href":"https:\/\/jorgezanoni.com.br\/2019\/wp-json\/wp\/v2\/media\/35295"}],"wp:attachment":[{"href":"https:\/\/jorgezanoni.com.br\/2019\/wp-json\/wp\/v2\/media?parent=35294"}],"wp:term":[{"taxonomy":"category","embeddable":true,"href":"https:\/\/jorgezanoni.com.br\/2019\/wp-json\/wp\/v2\/categories?post=35294"},{"taxonomy":"post_tag","embeddable":true,"href":"https:\/\/jorgezanoni.com.br\/2019\/wp-json\/wp\/v2\/tags?post=35294"}],"curies":[{"name":"wp","href":"https:\/\/api.w.org\/{rel}","templated":true}]}}