{"id":35281,"date":"2020-09-20T19:34:27","date_gmt":"2020-09-20T19:34:27","guid":{"rendered":"https:\/\/jorgezanoni.com.br\/2019\/?p=35281"},"modified":"2020-09-20T19:34:27","modified_gmt":"2020-09-20T19:34:27","slug":"infracao-de-medida-sanitaria-e-de-transito-foram-registradas-pela-policia-militar-em-osvaldo-cruz","status":"publish","type":"post","link":"https:\/\/jorgezanoni.com.br\/2019\/infracao-de-medida-sanitaria-e-de-transito-foram-registradas-pela-policia-militar-em-osvaldo-cruz\/","title":{"rendered":"Infra\u00e7\u00e3o de medida sanit\u00e1ria e de tr\u00e2nsito foram registradas pela Pol\u00edcia Militar em Osvaldo Cruz"},"content":{"rendered":"<p style=\"text-align: justify;\">INFRA\u00c7\u00c3O DE MEDIDA SANIT\u00c1RIA E INFRA\u00c7\u00d5ES DE TR\u00c2NSITO FORAM REGISTRADAS PELA POL\u00cdCIA MILITAR NA MANH\u00c3 DESTE DOMINGO EM OSVALDO CRUZ.<\/p>\n<p style=\"text-align: justify;\">Nesta manh\u00e3, 20 de setembro, a Pol\u00edcia Militar recebeu denuncia an\u00f4nima atrav\u00e9s do COPOM de aglomera\u00e7\u00e3o de pessoas e pr\u00e1tica de infra\u00e7\u00f5es administrativas de tr\u00e2nsito na vicinal Alameda Pedro Ciciliati. No local a Pol\u00edcia Militar constatou a presen\u00e7a de v\u00e1rias pessoas e motocicletas em um estabelecimento comercial as margens da mencionada via onde autua\u00e7\u00f5es de tr\u00e2nsito foram confeccionadas em alguns condutores de motocicletas e foi registrado Boletim de Ocorr\u00eancia (autor propriet\u00e1rio do estabelecimento comercial) de natureza &#8220;Infra\u00e7\u00e3o de medida sanit\u00e1ria preventiva&#8221;, por viola\u00e7\u00e3o ao DECRETO ESTADUAL N\u00ba 64.881, DE 22\/3\/2020.<\/p>\n<p>Fonte: Com. Social Pol\u00edcia Militar<\/p>\n","protected":false},"excerpt":{"rendered":"<p>INFRA\u00c7\u00c3O DE MEDIDA SANIT\u00c1RIA E INFRA\u00c7\u00d5ES DE TR\u00c2NSITO FORAM REGISTRADAS PELA POL\u00cdCIA MILITAR NA MANH\u00c3 DESTE DOMINGO EM OSVALDO CRUZ. Nesta manh\u00e3, 20 de setembro, a Pol\u00edcia Militar recebeu denuncia an\u00f4nima atrav\u00e9s do COPOM de aglomera\u00e7\u00e3o de pessoas e pr\u00e1tica de infra\u00e7\u00f5es administrativas de tr\u00e2nsito na vicinal Alameda Pedro Ciciliati. No local a Pol\u00edcia Militar [&hellip;]<\/p>\n","protected":false},"author":1,"featured_media":35282,"comment_status":"closed","ping_status":"open","sticky":false,"template":"","format":"standard","meta":{"footnotes":""},"categories":[110,2],"tags":[],"class_list":["post-35281","post","type-post","status-publish","format-standard","has-post-thumbnail","hentry","category-noticiasdestaque","category-policial"],"_links":{"self":[{"href":"https:\/\/jorgezanoni.com.br\/2019\/wp-json\/wp\/v2\/posts\/35281","targetHints":{"allow":["GET"]}}],"collection":[{"href":"https:\/\/jorgezanoni.com.br\/2019\/wp-json\/wp\/v2\/posts"}],"about":[{"href":"https:\/\/jorgezanoni.com.br\/2019\/wp-json\/wp\/v2\/types\/post"}],"author":[{"embeddable":true,"href":"https:\/\/jorgezanoni.com.br\/2019\/wp-json\/wp\/v2\/users\/1"}],"replies":[{"embeddable":true,"href":"https:\/\/jorgezanoni.com.br\/2019\/wp-json\/wp\/v2\/comments?post=35281"}],"version-history":[{"count":0,"href":"https:\/\/jorgezanoni.com.br\/2019\/wp-json\/wp\/v2\/posts\/35281\/revisions"}],"wp:featuredmedia":[{"embeddable":true,"href":"https:\/\/jorgezanoni.com.br\/2019\/wp-json\/wp\/v2\/media\/35282"}],"wp:attachment":[{"href":"https:\/\/jorgezanoni.com.br\/2019\/wp-json\/wp\/v2\/media?parent=35281"}],"wp:term":[{"taxonomy":"category","embeddable":true,"href":"https:\/\/jorgezanoni.com.br\/2019\/wp-json\/wp\/v2\/categories?post=35281"},{"taxonomy":"post_tag","embeddable":true,"href":"https:\/\/jorgezanoni.com.br\/2019\/wp-json\/wp\/v2\/tags?post=35281"}],"curies":[{"name":"wp","href":"https:\/\/api.w.org\/{rel}","templated":true}]}}