{"id":35278,"date":"2020-09-20T19:22:18","date_gmt":"2020-09-20T19:22:18","guid":{"rendered":"https:\/\/jorgezanoni.com.br\/2019\/?p=35278"},"modified":"2020-09-20T19:22:18","modified_gmt":"2020-09-20T19:22:18","slug":"batida-frontal-entre-caminhao-e-van-deixa-12-mortos-e-1-ferido-na-br-365-em-patos-de-minas","status":"publish","type":"post","link":"https:\/\/jorgezanoni.com.br\/2019\/batida-frontal-entre-caminhao-e-van-deixa-12-mortos-e-1-ferido-na-br-365-em-patos-de-minas\/","title":{"rendered":"Batida frontal entre caminh\u00e3o e van deixa 12 mortos e 1 ferido na BR-365, em Patos de Minas"},"content":{"rendered":"<h2 class=\"content-head__subtitle\" style=\"text-align: justify;\"><strong>Acidente foi registrado na madrugada deste domingo (20), pr\u00f3ximo ao trecho conhecido como &#8216;Curva dos Moreiras&#8217;.<\/strong><\/h2>\n<div class=\"mc-column content-text active-extra-styles \" data-block-type=\"unstyled\" data-block-weight=\"27\" data-block-id=\"2\">\n<p class=\"content-text__container \" style=\"text-align: justify;\" data-track-category=\"Link no Texto\" data-track-links=\"\">Uma batida frontal entre um caminh\u00e3o e uma van na BR-365 deixou 12 mortos e 1 ferido em Patos de Minas (MG), na madrugada deste domingo (20).<\/p>\n<\/div>\n<div class=\"wall protected-content\">\n<div class=\"mc-column content-text active-extra-styles \" style=\"text-align: justify;\" data-block-type=\"unstyled\" data-block-weight=\"33\" data-block-id=\"3\">\n<p class=\"content-text__container \" data-track-category=\"Link no Texto\" data-track-links=\"\">Segundo o Corpo de Bombeiros de Minas Gerais, os mortos s\u00e3o 11 passageiros que estavam na van, que seguia para Patroc\u00ednio (MG), e o motorista do caminh\u00e3o, que tem placa de Itabaiana (SE).<\/p>\n<\/div>\n<div class=\"mc-column content-text active-extra-styles \" style=\"text-align: justify;\" data-block-type=\"unstyled\" data-block-weight=\"29\" data-block-id=\"4\">\n<p class=\"content-text__container \" data-track-category=\"Link no Texto\" data-track-links=\"\">Um passageiro da van de 26 anos foi socorrido para o Hospital Regional de Patos de Minas em estado grave, com ferimentos na cabe\u00e7a, no abdome e no joelho.<\/p>\n<\/div>\n<div class=\"mc-column content-text active-extra-styles \" style=\"text-align: justify;\" data-block-type=\"unstyled\" data-block-weight=\"29\" data-block-id=\"5\">\n<p class=\"content-text__container \" data-track-category=\"Link no Texto\" data-track-links=\"\">Os corpos foram levados para o Instituto M\u00e9dico Legal (IML) de Patos de Minas, que ainda n\u00e3o divulgou a identidade de todas das v\u00edtimas, apenas uma foi identificada.<\/p>\n<\/div>\n<div class=\"mc-column content-text active-extra-styles \" style=\"text-align: justify;\" data-block-type=\"unstyled\" data-block-weight=\"52\" data-block-id=\"6\">\n<p class=\"content-text__container \" data-track-category=\"Link no Texto\" data-track-links=\"\">O corpo do motorista da van, de 27 anos, e dos passageiros que morreram ser\u00e3o levados para as cidades de S\u00e3o Jo\u00e3o de Minas, Varzel\u00e2ndia, Bras\u00edlia de Minas e Janu\u00e1ria, todas no norte de Minas. J\u00e1 o corpo do condutor do caminh\u00e3o, de 31 anos, ser\u00e1 encaminhado para Itabaiana, no Sergipe.<\/p>\n<\/div>\n<div class=\"mc-column content-text active-extra-styles \" style=\"text-align: justify;\" data-block-type=\"unstyled\" data-block-weight=\"38\" data-block-id=\"7\">\n<p class=\"content-text__container \" data-track-category=\"Link no Texto\" data-track-links=\"\">Segundo a Pol\u00edcia Rodovi\u00e1ria Federal (PRF), a suspeita \u00e9 que o motorista da van tentou desviar de uma \u00e1rvore que caiu na pista por conta de uma queimada e atingiu o caminh\u00e3o que estava no sentido contr\u00e1rio.<\/p>\n<\/div>\n<div class=\"content-ads content-ads--reveal\" style=\"text-align: justify;\" data-block-type=\"ads\" data-block-id=\"8\">\n<div id=\"banner_materia2\" class=\"tag-manager-publicidade-container mc-has-reveal mc-has-ad-lazyload\" data-id=\"banner_materia2\"><\/div>\n<\/div>\n<div class=\"mc-column content-text active-extra-styles \" style=\"text-align: justify;\" data-block-type=\"unstyled\" data-block-weight=\"39\" data-block-id=\"9\">\n<p class=\"content-text__container \" data-track-category=\"Link no Texto\" data-track-links=\"\">&#8220;A \u00e1rvore na estrada pode ter sido o resultado de uma queimada \u00e0s margens da rodovia. A base da \u00e1rvore estava queimada, danificada pelo fogo. Ela caiu e bloqueou metade da pista de rolamento&#8221;, explicou o PRF Jo\u00e3o Alvarenga.<\/p>\n<\/div>\n<div class=\"row medium-uncollapsed content-media content-photo\" style=\"text-align: justify;\" data-block-type=\"backstage-photo\" data-block-id=\"10\">\n<div class=\"mc-column content-media__container\">\n<figure><img decoding=\"async\" class=\"i-amphtml-fill-content i-amphtml-replaced-content\" src=\"https:\/\/s2.glbimg.com\/aNUma3kOPg8-zdPimyQsebuCX2w=\/0x0:1152x648\/984x0\/smart\/filters:strip_icc()\/i.s3.glbimg.com\/v1\/AUTH_59edd422c0c84a879bd37670ae4f538a\/internal_photos\/bs\/2020\/f\/d\/X3uMWrRKAzulkRYp8xKw\/batida-patos-de-minas-5.jpeg\" sizes=\"(max-width: 1366px) 648px, 100vw\" srcset=\"https:\/\/s2.glbimg.com\/TNDuJiiTENvVDmKFxEV51T_x03Q=\/0x0:1152x648\/1000x0\/smart\/filters:strip_icc()\/i.s3.glbimg.com\/v1\/AUTH_59edd422c0c84a879bd37670ae4f538a\/internal_photos\/bs\/2020\/f\/d\/X3uMWrRKAzulkRYp8xKw\/batida-patos-de-minas-5.jpeg 1000w, https:\/\/s2.glbimg.com\/aNUma3kOPg8-zdPimyQsebuCX2w=\/0x0:1152x648\/984x0\/smart\/filters:strip_icc()\/i.s3.glbimg.com\/v1\/AUTH_59edd422c0c84a879bd37670ae4f538a\/internal_photos\/bs\/2020\/f\/d\/X3uMWrRKAzulkRYp8xKw\/batida-patos-de-minas-5.jpeg 984w, https:\/\/s2.glbimg.com\/ReOGtyP_ivnxFBd5Z24CNAj85Zc=\/0x0:1152x648\/640x0\/smart\/filters:strip_icc()\/i.s3.glbimg.com\/v1\/AUTH_59edd422c0c84a879bd37670ae4f538a\/internal_photos\/bs\/2020\/f\/d\/X3uMWrRKAzulkRYp8xKw\/batida-patos-de-minas-5.jpeg 640w, https:\/\/s2.glbimg.com\/w3qovqzH76NHorncvx2W-FG87jc=\/0x0:1152x648\/600x0\/smart\/filters:strip_icc()\/i.s3.glbimg.com\/v1\/AUTH_59edd422c0c84a879bd37670ae4f538a\/internal_photos\/bs\/2020\/f\/d\/X3uMWrRKAzulkRYp8xKw\/batida-patos-de-minas-5.jpeg 600w\" alt=\"Suspeita \u00e9 que o motorista da van tentou desviar da \u00e1rvore queimada que estava na pista em Patos de Minas (MG), segundo a PRF  \u2014 Foto: Pol\u00edcia Rodovi\u00e1ria Federal\/Divulga\u00e7\u00e3o\" \/><\/figure>\n<p class=\"content-media__description \">Suspeita \u00e9 que o motorista da van tentou desviar da \u00e1rvore queimada que estava na pista em Patos de Minas (MG), segundo a PRF \u2014 Foto: Pol\u00edcia Rodovi\u00e1ria Federal\/Divulga\u00e7\u00e3o<\/p>\n<\/div>\n<\/div>\n<div class=\"mc-column content-text active-extra-styles \" style=\"text-align: justify;\" data-block-type=\"unstyled\" data-block-weight=\"25\" data-block-id=\"11\">\n<p class=\"content-text__container \" data-track-category=\"Link no Texto\" data-track-links=\"\">O acidente ocorreu no km 373 da rodovia, num trecho conhecido como Curva dos Moreiras. Os bombeiros informaram que a van seguia para Patroc\u00ednio.<\/p>\n<\/div>\n<div class=\"mc-column content-text active-extra-styles \" style=\"text-align: justify;\" data-block-type=\"unstyled\" data-block-weight=\"19\" data-block-id=\"12\">\n<p class=\"content-text__container \" data-track-category=\"Link no Texto\" data-track-links=\"\">O tr\u00e2nsito foi totalmente interditado at\u00e9 as 5h30 e a pista foi totalmente liberada \u00e0s 8h, segundo a PRF.<\/p>\n<\/div>\n<div class=\"row medium-uncollapsed content-media content-photo\" style=\"text-align: justify;\" data-block-type=\"backstage-photo\" data-block-id=\"13\">\n<div class=\"mc-column content-media__container\">\n<figure><img decoding=\"async\" class=\"i-amphtml-fill-content i-amphtml-replaced-content\" src=\"https:\/\/s2.glbimg.com\/mcqPvjDrwP4oWncdXoQWh3b2MGo=\/0x0:1152x648\/984x0\/smart\/filters:strip_icc()\/i.s3.glbimg.com\/v1\/AUTH_59edd422c0c84a879bd37670ae4f538a\/internal_photos\/bs\/2020\/8\/4\/5qp3eBS6CUMPUbrMiWRA\/batida-patos-de-minas.jpeg\" sizes=\"(max-width: 1366px) 648px, 100vw\" srcset=\"https:\/\/s2.glbimg.com\/awBwJzK4gB74B9UNWA79LaFXb1I=\/0x0:1152x648\/1000x0\/smart\/filters:strip_icc()\/i.s3.glbimg.com\/v1\/AUTH_59edd422c0c84a879bd37670ae4f538a\/internal_photos\/bs\/2020\/8\/4\/5qp3eBS6CUMPUbrMiWRA\/batida-patos-de-minas.jpeg 1000w, https:\/\/s2.glbimg.com\/mcqPvjDrwP4oWncdXoQWh3b2MGo=\/0x0:1152x648\/984x0\/smart\/filters:strip_icc()\/i.s3.glbimg.com\/v1\/AUTH_59edd422c0c84a879bd37670ae4f538a\/internal_photos\/bs\/2020\/8\/4\/5qp3eBS6CUMPUbrMiWRA\/batida-patos-de-minas.jpeg 984w, https:\/\/s2.glbimg.com\/u30mmHE7dYIRpz7JDNLhNhnz5GU=\/0x0:1152x648\/640x0\/smart\/filters:strip_icc()\/i.s3.glbimg.com\/v1\/AUTH_59edd422c0c84a879bd37670ae4f538a\/internal_photos\/bs\/2020\/8\/4\/5qp3eBS6CUMPUbrMiWRA\/batida-patos-de-minas.jpeg 640w, https:\/\/s2.glbimg.com\/ZfYuDBzxiUubtcELZjVyj64qRCc=\/0x0:1152x648\/600x0\/smart\/filters:strip_icc()\/i.s3.glbimg.com\/v1\/AUTH_59edd422c0c84a879bd37670ae4f538a\/internal_photos\/bs\/2020\/8\/4\/5qp3eBS6CUMPUbrMiWRA\/batida-patos-de-minas.jpeg 600w\" alt=\"Caminh\u00e3o envolvido no acidente em Patos de Minas (MG) na madrugada deste domingo (20) \u2014 Foto: Pol\u00edcia Rodovi\u00e1ria Federal\/Divulga\u00e7\u00e3o\" \/><\/figure>\n<p class=\"content-media__description \">Caminh\u00e3o envolvido no acidente em Patos de Minas (MG) na madrugada deste domingo (20) \u2014 Foto: Pol\u00edcia Rodovi\u00e1ria Federal\/Divulga\u00e7\u00e3o<\/p>\n<\/div>\n<\/div>\n<div class=\"mc-column content-text active-extra-styles \" style=\"text-align: justify;\" data-block-type=\"unstyled\" data-block-weight=\"35\" data-block-id=\"14\">\n<p class=\"content-text__container \" data-track-category=\"Link no Texto\" data-track-links=\"\">Na tarde deste domingo, o Corpo de Bombeiros afirmou que a van transportava trabalhadores rurais do norte de Minas, da regi\u00e3o de S\u00e3o Jo\u00e3o da Ponte, e estavam em Patroc\u00ednio para a colheita do caf\u00e9.<\/p>\n<\/div>\n<div class=\"content-ads content-ads--reveal\" style=\"text-align: justify;\" data-block-type=\"ads\" data-block-id=\"15\">\n<div id=\"banner_materia__26c89b23-f902-49f3-9bc3-1a9363fb3543\" class=\"tag-manager-publicidade-container mc-has-reveal mc-has-ad-lazyload\" data-id=\"banner_materia__26c89b23-f902-49f3-9bc3-1a9363fb3543\"><\/div>\n<\/div>\n<div class=\"mc-column content-text active-extra-styles \" style=\"text-align: justify;\" data-block-type=\"unstyled\" data-block-weight=\"24\" data-block-id=\"16\">\n<p class=\"content-text__container \" data-track-category=\"Link no Texto\" data-track-links=\"\">Al\u00e9m do corte dos galhos da \u00e1rvore que estavam na pista, os militares tamb\u00e9m realizaram a supress\u00e3o da mesma, pois o tronco estava comprometido.<\/p>\n<\/div>\n<div class=\"mc-column content-text active-extra-styles \" style=\"text-align: justify;\" data-block-type=\"unstyled\" data-block-weight=\"43\" data-block-id=\"17\">\n<p class=\"content-text__container \" data-track-category=\"Link no Texto\" data-track-links=\"\">Os bombeiros disseram ainda que foram acionados, neste s\u00e1bado (19), para atua\u00e7\u00e3o em v\u00e1rios inc\u00eandios de grandes propor\u00e7\u00f5es em fazendas. Contudo, a corpora\u00e7\u00e3o afirma n\u00e3o teve como precisar se a localiza\u00e7\u00e3o do acidente foi consequ\u00eancia de uma das queimadas registradas no dia anterior.<\/p>\n<\/div>\n<div class=\"row medium-uncollapsed content-media content-photo\" style=\"text-align: justify;\" data-block-type=\"backstage-photo\" data-block-id=\"18\">\n<div class=\"mc-column content-media__container\">\n<figure><img decoding=\"async\" class=\"i-amphtml-fill-content i-amphtml-replaced-content\" src=\"https:\/\/s2.glbimg.com\/JsLg7QdWEq0YZ8lLemQ6shldecA=\/0x0:1280x960\/984x0\/smart\/filters:strip_icc()\/i.s3.glbimg.com\/v1\/AUTH_59edd422c0c84a879bd37670ae4f538a\/internal_photos\/bs\/2020\/h\/b\/kgpobSRJecQwGV7jsQoQ\/batida-patos-de-minas-6.jpeg\" sizes=\"(max-width: 1366px) 648px, 100vw\" srcset=\"https:\/\/s2.glbimg.com\/eeQOd1c4q9b9u--k0ZXFERyvHkU=\/0x0:1280x960\/1000x0\/smart\/filters:strip_icc()\/i.s3.glbimg.com\/v1\/AUTH_59edd422c0c84a879bd37670ae4f538a\/internal_photos\/bs\/2020\/h\/b\/kgpobSRJecQwGV7jsQoQ\/batida-patos-de-minas-6.jpeg 1000w, https:\/\/s2.glbimg.com\/JsLg7QdWEq0YZ8lLemQ6shldecA=\/0x0:1280x960\/984x0\/smart\/filters:strip_icc()\/i.s3.glbimg.com\/v1\/AUTH_59edd422c0c84a879bd37670ae4f538a\/internal_photos\/bs\/2020\/h\/b\/kgpobSRJecQwGV7jsQoQ\/batida-patos-de-minas-6.jpeg 984w, https:\/\/s2.glbimg.com\/Y-UF0J4b5aVjz3SluBSxWVXnnZU=\/0x0:1280x960\/640x0\/smart\/filters:strip_icc()\/i.s3.glbimg.com\/v1\/AUTH_59edd422c0c84a879bd37670ae4f538a\/internal_photos\/bs\/2020\/h\/b\/kgpobSRJecQwGV7jsQoQ\/batida-patos-de-minas-6.jpeg 640w, https:\/\/s2.glbimg.com\/kdndJzxSlyfaArti39sCFJXqmSs=\/0x0:1280x960\/600x0\/smart\/filters:strip_icc()\/i.s3.glbimg.com\/v1\/AUTH_59edd422c0c84a879bd37670ae4f538a\/internal_photos\/bs\/2020\/h\/b\/kgpobSRJecQwGV7jsQoQ\/batida-patos-de-minas-6.jpeg 600w\" alt=\"Galhos que estavam na pista em Patos de Minas (MG) foram cortados pelos bombeiros, assim como a \u00e1rvore que apresentava comprometimento no tronco \u2014 Foto: Corpo de Bombeiros\/Divulga\u00e7\u00e3o\" \/><\/figure>\n<p class=\"content-media__description \">Galhos que estavam na pista em Patos de Minas (MG) foram cortados pelos bombeiros, assim como a \u00e1rvore que apresentava comprometimento no tronco \u2014 Foto: Corpo de Bombeiros\/Divulga\u00e7\u00e3o<\/p>\n<\/div>\n<\/div>\n<div class=\"mc-column content-text active-extra-styles\" style=\"text-align: justify;\" data-block-type=\"raw\" data-block-weight=\"2\" data-block-id=\"19\">\n<div class=\"content-intertitle\">\n<h2>Segundo acidente<\/h2>\n<\/div>\n<\/div>\n<div class=\"mc-column content-text active-extra-styles \" style=\"text-align: justify;\" data-block-type=\"unstyled\" data-block-weight=\"20\" data-block-id=\"20\">\n<p class=\"content-text__container \" data-track-category=\"Link no Texto\" data-track-links=\"\">De acordo com a PRF, cinco minutos ap\u00f3s a pista ter sido totalmente liberada, um segundo acidente foi registrado.<\/p>\n<\/div>\n<div class=\"row medium-uncollapsed content-media content-photo\" style=\"text-align: justify;\" data-block-type=\"backstage-photo\" data-block-id=\"21\">\n<div class=\"mc-column content-media__container\">\n<figure><img decoding=\"async\" class=\"i-amphtml-fill-content i-amphtml-replaced-content\" src=\"https:\/\/s2.glbimg.com\/GTlnXJXr2SNHUxZdyApGwM731xs=\/0x0:1280x720\/984x0\/smart\/filters:strip_icc()\/i.s3.glbimg.com\/v1\/AUTH_59edd422c0c84a879bd37670ae4f538a\/internal_photos\/bs\/2020\/O\/P\/RCTi7eSkKZfG0K1wnQEg\/batida-patos-de-minas-segundo-acidente-3.jpeg\" sizes=\"(max-width: 1366px) 648px, 100vw\" srcset=\"https:\/\/s2.glbimg.com\/Mp3986gV6_FfsJ4UAG9OhBnYM1w=\/0x0:1280x720\/1000x0\/smart\/filters:strip_icc()\/i.s3.glbimg.com\/v1\/AUTH_59edd422c0c84a879bd37670ae4f538a\/internal_photos\/bs\/2020\/O\/P\/RCTi7eSkKZfG0K1wnQEg\/batida-patos-de-minas-segundo-acidente-3.jpeg 1000w, https:\/\/s2.glbimg.com\/GTlnXJXr2SNHUxZdyApGwM731xs=\/0x0:1280x720\/984x0\/smart\/filters:strip_icc()\/i.s3.glbimg.com\/v1\/AUTH_59edd422c0c84a879bd37670ae4f538a\/internal_photos\/bs\/2020\/O\/P\/RCTi7eSkKZfG0K1wnQEg\/batida-patos-de-minas-segundo-acidente-3.jpeg 984w, https:\/\/s2.glbimg.com\/GaglFdVg5sBi-8hRzIvRU3YIdsU=\/0x0:1280x720\/640x0\/smart\/filters:strip_icc()\/i.s3.glbimg.com\/v1\/AUTH_59edd422c0c84a879bd37670ae4f538a\/internal_photos\/bs\/2020\/O\/P\/RCTi7eSkKZfG0K1wnQEg\/batida-patos-de-minas-segundo-acidente-3.jpeg 640w, https:\/\/s2.glbimg.com\/fwdMyl92tDO8MvtBRkxGZ2B1O8A=\/0x0:1280x720\/600x0\/smart\/filters:strip_icc()\/i.s3.glbimg.com\/v1\/AUTH_59edd422c0c84a879bd37670ae4f538a\/internal_photos\/bs\/2020\/O\/P\/RCTi7eSkKZfG0K1wnQEg\/batida-patos-de-minas-segundo-acidente-3.jpeg 600w\" alt=\"Batida traseira entre dois caminh\u00f5es em Patos de Minas (MG) \u2014 Foto: Paulo Barbosa\/G1\" \/><\/figure>\n<p class=\"content-media__description \">Batida traseira entre dois caminh\u00f5es em Patos de Minas (MG) \u2014 Foto: Paulo Barbosa\/G1<\/p>\n<\/div>\n<\/div>\n<div class=\"mc-column content-text active-extra-styles \" style=\"text-align: justify;\" data-block-type=\"unstyled\" data-block-weight=\"23\" data-block-id=\"22\">\n<p class=\"content-text__container \" data-track-category=\"Link no Texto\" data-track-links=\"\">A PRF informou que por pressa e falta de aten\u00e7\u00e3o, um caminh\u00e3o bateu na traseira do outro, espalhando a carga pelo local.<\/p>\n<\/div>\n<div class=\"mc-column content-text active-extra-styles \" style=\"text-align: justify;\" data-block-type=\"unstyled\" data-block-weight=\"48\" data-block-id=\"24\">\n<p class=\"content-text__container \" data-track-category=\"Link no Texto\" data-track-links=\"\">J\u00e1 o Corpo de Bombeiro disse que um dos ve\u00edculos teve uma pane el\u00e9trica assim que a rodovia foi liberada e n\u00e3o conseguiu sair do local. Com o fluxo do tr\u00e2nsito em andamento, um segundo caminh\u00e3o n\u00e3o conseguiu desviar e bateu no outro que estava parado na pista.<\/p>\n<\/div>\n<div class=\"mc-column content-text active-extra-styles \" style=\"text-align: justify;\" data-block-type=\"unstyled\" data-block-weight=\"28\" data-block-id=\"25\">\n<p class=\"content-text__container \" data-track-category=\"Link no Texto\" data-track-links=\"\">Um dos condutores ficou preso na cabine e precisou ser retirado pelos bombeiros. Ele estava consciente, sem ferimentos aparentes e recusou atendimento pr\u00e9-hospitalar e encaminhamento para uma unidade.<\/p>\n<\/div>\n<div class=\"mc-column content-text active-extra-styles \" style=\"text-align: justify;\" data-block-type=\"unstyled\" data-block-weight=\"35\" data-block-id=\"26\">\n<p class=\"content-text__container \" data-track-category=\"Link no Texto\" data-track-links=\"\">Com o impacto da batida, um dos caminh\u00f5es rodou nas duas pistas e ocupou os dois sentidos. A pista novamente teve que ser interditada e, at\u00e9 o momento, funciona em sistema pare e siga.<\/p>\n<\/div>\n<div class=\"mc-column content-text active-extra-styles \" style=\"text-align: justify;\" data-block-type=\"unstyled\" data-block-weight=\"11\" data-block-id=\"27\">\n<p class=\"content-text__container \" data-track-category=\"Link no Texto\" data-track-links=\"\">O trecho ser\u00e1 totalmente liberado ap\u00f3s a remo\u00e7\u00e3o dos caminh\u00f5es.<\/p>\n<\/div>\n<div data-track-category=\"multicontent\" data-track-action=\"ultimo chunk conteudo\" data-track-noninteraction=\"false\" data-track-scroll=\"view\">\n<div class=\"row medium-uncollapsed content-media content-photo\" data-block-type=\"backstage-photo\" data-block-id=\"28\">\n<div class=\"mc-column content-media__container\">\n<figure style=\"text-align: justify;\"><img decoding=\"async\" class=\"i-amphtml-fill-content i-amphtml-replaced-content\" src=\"https:\/\/s2.glbimg.com\/251eCRiAf6aAqcPVsLYZrCT2nZk=\/0x0:1152x648\/984x0\/smart\/filters:strip_icc()\/i.s3.glbimg.com\/v1\/AUTH_59edd422c0c84a879bd37670ae4f538a\/internal_photos\/bs\/2020\/i\/a\/jjyQuQQ16tFgFPSFtFRA\/batida-patos-de-minas-segundo-acidente-2.jpeg\" sizes=\"(max-width: 1366px) 648px, 100vw\" srcset=\"https:\/\/s2.glbimg.com\/oCFlIoI5hJR0dNw0NDo01MkO7tU=\/0x0:1152x648\/1000x0\/smart\/filters:strip_icc()\/i.s3.glbimg.com\/v1\/AUTH_59edd422c0c84a879bd37670ae4f538a\/internal_photos\/bs\/2020\/i\/a\/jjyQuQQ16tFgFPSFtFRA\/batida-patos-de-minas-segundo-acidente-2.jpeg 1000w, https:\/\/s2.glbimg.com\/251eCRiAf6aAqcPVsLYZrCT2nZk=\/0x0:1152x648\/984x0\/smart\/filters:strip_icc()\/i.s3.glbimg.com\/v1\/AUTH_59edd422c0c84a879bd37670ae4f538a\/internal_photos\/bs\/2020\/i\/a\/jjyQuQQ16tFgFPSFtFRA\/batida-patos-de-minas-segundo-acidente-2.jpeg 984w, https:\/\/s2.glbimg.com\/brYIwIpaA7ddH-FDmFoOZK5pJlk=\/0x0:1152x648\/640x0\/smart\/filters:strip_icc()\/i.s3.glbimg.com\/v1\/AUTH_59edd422c0c84a879bd37670ae4f538a\/internal_photos\/bs\/2020\/i\/a\/jjyQuQQ16tFgFPSFtFRA\/batida-patos-de-minas-segundo-acidente-2.jpeg 640w, https:\/\/s2.glbimg.com\/L0RE0ihKDlPH3onqCejmwuo014Y=\/0x0:1152x648\/600x0\/smart\/filters:strip_icc()\/i.s3.glbimg.com\/v1\/AUTH_59edd422c0c84a879bd37670ae4f538a\/internal_photos\/bs\/2020\/i\/a\/jjyQuQQ16tFgFPSFtFRA\/batida-patos-de-minas-segundo-acidente-2.jpeg 600w\" alt=\"Ap\u00f3s segundo acidente, pista foi novamente interditada em Patos de Minas (MG) \u2014 Foto: Pol\u00edcia Rodovi\u00e1ria Federal\/Divulga\u00e7\u00e3o\" \/><\/figure>\n<p class=\"content-media__description \" style=\"text-align: justify;\">Ap\u00f3s segundo acidente, pista foi novamente interditada em Patos de Minas (MG) \u2014 Foto: Pol\u00edcia Rodovi\u00e1ria Federal\/Divulga\u00e7\u00e3o<\/p>\n<p>Fonte: G1<\/p>\n<\/div>\n<\/div>\n<\/div>\n<\/div>\n","protected":false},"excerpt":{"rendered":"<p>Acidente foi registrado na madrugada deste domingo (20), pr\u00f3ximo ao trecho conhecido como &#8216;Curva dos Moreiras&#8217;. Uma batida frontal entre um caminh\u00e3o e uma van na BR-365 deixou 12 mortos e 1 ferido em Patos de Minas (MG), na madrugada deste domingo (20). Segundo o Corpo de Bombeiros de Minas Gerais, os mortos s\u00e3o 11 [&hellip;]<\/p>\n","protected":false},"author":1,"featured_media":35279,"comment_status":"closed","ping_status":"open","sticky":false,"template":"","format":"standard","meta":{"footnotes":""},"categories":[170,110],"tags":[],"class_list":["post-35278","post","type-post","status-publish","format-standard","has-post-thumbnail","hentry","category-acidentes","category-noticiasdestaque"],"_links":{"self":[{"href":"https:\/\/jorgezanoni.com.br\/2019\/wp-json\/wp\/v2\/posts\/35278","targetHints":{"allow":["GET"]}}],"collection":[{"href":"https:\/\/jorgezanoni.com.br\/2019\/wp-json\/wp\/v2\/posts"}],"about":[{"href":"https:\/\/jorgezanoni.com.br\/2019\/wp-json\/wp\/v2\/types\/post"}],"author":[{"embeddable":true,"href":"https:\/\/jorgezanoni.com.br\/2019\/wp-json\/wp\/v2\/users\/1"}],"replies":[{"embeddable":true,"href":"https:\/\/jorgezanoni.com.br\/2019\/wp-json\/wp\/v2\/comments?post=35278"}],"version-history":[{"count":0,"href":"https:\/\/jorgezanoni.com.br\/2019\/wp-json\/wp\/v2\/posts\/35278\/revisions"}],"wp:featuredmedia":[{"embeddable":true,"href":"https:\/\/jorgezanoni.com.br\/2019\/wp-json\/wp\/v2\/media\/35279"}],"wp:attachment":[{"href":"https:\/\/jorgezanoni.com.br\/2019\/wp-json\/wp\/v2\/media?parent=35278"}],"wp:term":[{"taxonomy":"category","embeddable":true,"href":"https:\/\/jorgezanoni.com.br\/2019\/wp-json\/wp\/v2\/categories?post=35278"},{"taxonomy":"post_tag","embeddable":true,"href":"https:\/\/jorgezanoni.com.br\/2019\/wp-json\/wp\/v2\/tags?post=35278"}],"curies":[{"name":"wp","href":"https:\/\/api.w.org\/{rel}","templated":true}]}}