{"id":35272,"date":"2020-09-20T18:48:26","date_gmt":"2020-09-20T18:48:26","guid":{"rendered":"https:\/\/jorgezanoni.com.br\/2019\/?p=35272"},"modified":"2020-09-20T18:48:26","modified_gmt":"2020-09-20T18:48:26","slug":"morre-o-ex-locutor-da-california-fm-milton-bala","status":"publish","type":"post","link":"https:\/\/jorgezanoni.com.br\/2019\/morre-o-ex-locutor-da-california-fm-milton-bala\/","title":{"rendered":"Morre o ex-locutor da Calif\u00f3rnia FM, Milton Bala"},"content":{"rendered":"<h2 style=\"text-align: justify;\"><strong>Milton Pr\u00f3spero faleceu v\u00edtima de pneumonia.<\/strong><\/h2>\n<p style=\"text-align: justify;\">Morreu hoje (20) o ex-locutor e programador da Calif\u00f3rnia FM, Milton Pr\u00f3spero, o &#8220;Milton Bala&#8221;.<\/p>\n<p>Nos anos 80 e 90, Miltinho (como tamb\u00e9m era conhecido) foi programador da emissora e locutor, onde ficou conhecido com o j\u00e1 extinto programa &#8220;Calif\u00f3rnia Rock&#8221;.<\/p>\n<p>Milton faleceu v\u00edtima de uma pneumonia. Seu corpo estar\u00e1 sendo velado no Memorial Tamoios a partir das 13 horas.<\/p>\n<p style=\"text-align: justify;\">O sepultamento ser\u00e1 \u00e0s 17h30 no Cemit\u00e9rio Municipal de Osvaldo Cruz.<\/p>\n<p style=\"text-align: justify;\">Fonte: OCNews<\/p>\n","protected":false},"excerpt":{"rendered":"<p>Milton Pr\u00f3spero faleceu v\u00edtima de pneumonia. Morreu hoje (20) o ex-locutor e programador da Calif\u00f3rnia FM, Milton Pr\u00f3spero, o &#8220;Milton Bala&#8221;. Nos anos 80 e 90, Miltinho (como tamb\u00e9m era conhecido) foi programador da emissora e locutor, onde ficou conhecido com o j\u00e1 extinto programa &#8220;Calif\u00f3rnia Rock&#8221;. Milton faleceu v\u00edtima de uma pneumonia. Seu corpo [&hellip;]<\/p>\n","protected":false},"author":1,"featured_media":35273,"comment_status":"closed","ping_status":"open","sticky":false,"template":"","format":"standard","meta":{"footnotes":""},"categories":[178,110],"tags":[],"class_list":["post-35272","post","type-post","status-publish","format-standard","has-post-thumbnail","hentry","category-notadefalecimento","category-noticiasdestaque"],"_links":{"self":[{"href":"https:\/\/jorgezanoni.com.br\/2019\/wp-json\/wp\/v2\/posts\/35272","targetHints":{"allow":["GET"]}}],"collection":[{"href":"https:\/\/jorgezanoni.com.br\/2019\/wp-json\/wp\/v2\/posts"}],"about":[{"href":"https:\/\/jorgezanoni.com.br\/2019\/wp-json\/wp\/v2\/types\/post"}],"author":[{"embeddable":true,"href":"https:\/\/jorgezanoni.com.br\/2019\/wp-json\/wp\/v2\/users\/1"}],"replies":[{"embeddable":true,"href":"https:\/\/jorgezanoni.com.br\/2019\/wp-json\/wp\/v2\/comments?post=35272"}],"version-history":[{"count":0,"href":"https:\/\/jorgezanoni.com.br\/2019\/wp-json\/wp\/v2\/posts\/35272\/revisions"}],"wp:featuredmedia":[{"embeddable":true,"href":"https:\/\/jorgezanoni.com.br\/2019\/wp-json\/wp\/v2\/media\/35273"}],"wp:attachment":[{"href":"https:\/\/jorgezanoni.com.br\/2019\/wp-json\/wp\/v2\/media?parent=35272"}],"wp:term":[{"taxonomy":"category","embeddable":true,"href":"https:\/\/jorgezanoni.com.br\/2019\/wp-json\/wp\/v2\/categories?post=35272"},{"taxonomy":"post_tag","embeddable":true,"href":"https:\/\/jorgezanoni.com.br\/2019\/wp-json\/wp\/v2\/tags?post=35272"}],"curies":[{"name":"wp","href":"https:\/\/api.w.org\/{rel}","templated":true}]}}