{"id":35269,"date":"2020-09-20T18:32:47","date_gmt":"2020-09-20T18:32:47","guid":{"rendered":"https:\/\/jorgezanoni.com.br\/2019\/?p=35269"},"modified":"2020-09-20T18:32:47","modified_gmt":"2020-09-20T18:32:47","slug":"idoso-fica-ferido-apos-cair-com-o-carro-em-corrego","status":"publish","type":"post","link":"https:\/\/jorgezanoni.com.br\/2019\/idoso-fica-ferido-apos-cair-com-o-carro-em-corrego\/","title":{"rendered":"Idoso fica ferido ap\u00f3s cair com o carro em c\u00f3rrego"},"content":{"rendered":"<div class=\"mc-column content-text active-extra-styles \" data-block-type=\"unstyled\" data-block-weight=\"39\" data-block-id=\"2\">\n<p class=\"content-text__container \" style=\"text-align: justify;\" data-track-category=\"Link no Texto\" data-track-links=\"\">Um idoso de 72 anos ficou ferido na manh\u00e3 deste s\u00e1bado (19), ap\u00f3s perder o controle do carro e cair dentro de um c\u00f3rrego que passa ao lado da via expressa da Avenida Sampaio Vidal, em Mar\u00edlia (SP).<\/p>\n<\/div>\n<div class=\"wall protected-content\">\n<div class=\"mc-column content-text active-extra-styles \" style=\"text-align: justify;\" data-block-type=\"unstyled\" data-block-weight=\"32\" data-block-id=\"3\">\n<p class=\"content-text__container \" data-track-category=\"Link no Texto\" data-track-links=\"\">Segundo o Corpo de Bombeiros, a queda foi de aproximadamente 10 metros. Luiz Rosa da Silva foi retirado do ve\u00edculo, imobilizado e levado at\u00e9 a viatura ap\u00f3s trabalho utilizando t\u00e9cnicas de rapel.<\/p>\n<\/div>\n<div class=\"mc-column content-text active-extra-styles \" data-block-type=\"unstyled\" data-block-weight=\"33\" data-block-id=\"4\">\n<p class=\"content-text__container \" style=\"text-align: justify;\" data-track-category=\"Link no Texto\" data-track-links=\"\">Ele foi atendido pela equipe do Corpo de Bombeiros e pelo Samu e encaminhado para o Hospital das Cl\u00ednicas de Mar\u00edlia. N\u00e3o foram divulgadas informa\u00e7\u00f5es sobre o estado de sa\u00fade do idoso.<\/p>\n<p style=\"text-align: justify;\" data-track-category=\"Link no Texto\" data-track-links=\"\">Fonte: Marilia Noticias<\/p>\n<\/div>\n<\/div>\n","protected":false},"excerpt":{"rendered":"<p>Um idoso de 72 anos ficou ferido na manh\u00e3 deste s\u00e1bado (19), ap\u00f3s perder o controle do carro e cair dentro de um c\u00f3rrego que passa ao lado da via expressa da Avenida Sampaio Vidal, em Mar\u00edlia (SP). Segundo o Corpo de Bombeiros, a queda foi de aproximadamente 10 metros. Luiz Rosa da Silva foi [&hellip;]<\/p>\n","protected":false},"author":1,"featured_media":35270,"comment_status":"closed","ping_status":"open","sticky":false,"template":"","format":"standard","meta":{"footnotes":""},"categories":[170,110],"tags":[],"class_list":["post-35269","post","type-post","status-publish","format-standard","has-post-thumbnail","hentry","category-acidentes","category-noticiasdestaque"],"_links":{"self":[{"href":"https:\/\/jorgezanoni.com.br\/2019\/wp-json\/wp\/v2\/posts\/35269","targetHints":{"allow":["GET"]}}],"collection":[{"href":"https:\/\/jorgezanoni.com.br\/2019\/wp-json\/wp\/v2\/posts"}],"about":[{"href":"https:\/\/jorgezanoni.com.br\/2019\/wp-json\/wp\/v2\/types\/post"}],"author":[{"embeddable":true,"href":"https:\/\/jorgezanoni.com.br\/2019\/wp-json\/wp\/v2\/users\/1"}],"replies":[{"embeddable":true,"href":"https:\/\/jorgezanoni.com.br\/2019\/wp-json\/wp\/v2\/comments?post=35269"}],"version-history":[{"count":0,"href":"https:\/\/jorgezanoni.com.br\/2019\/wp-json\/wp\/v2\/posts\/35269\/revisions"}],"wp:featuredmedia":[{"embeddable":true,"href":"https:\/\/jorgezanoni.com.br\/2019\/wp-json\/wp\/v2\/media\/35270"}],"wp:attachment":[{"href":"https:\/\/jorgezanoni.com.br\/2019\/wp-json\/wp\/v2\/media?parent=35269"}],"wp:term":[{"taxonomy":"category","embeddable":true,"href":"https:\/\/jorgezanoni.com.br\/2019\/wp-json\/wp\/v2\/categories?post=35269"},{"taxonomy":"post_tag","embeddable":true,"href":"https:\/\/jorgezanoni.com.br\/2019\/wp-json\/wp\/v2\/tags?post=35269"}],"curies":[{"name":"wp","href":"https:\/\/api.w.org\/{rel}","templated":true}]}}