{"id":35266,"date":"2020-09-20T18:22:31","date_gmt":"2020-09-20T18:22:31","guid":{"rendered":"https:\/\/jorgezanoni.com.br\/2019\/?p=35266"},"modified":"2020-09-20T18:22:31","modified_gmt":"2020-09-20T18:22:31","slug":"menor-furta-veiculo-e-causa-acidente","status":"publish","type":"post","link":"https:\/\/jorgezanoni.com.br\/2019\/menor-furta-veiculo-e-causa-acidente\/","title":{"rendered":"Menor furta ve\u00edculo e causa acidente"},"content":{"rendered":"<p style=\"text-align: justify;\">Um menor de 15 anos, causou um acidente com danos de grande monta na manh\u00e3 desta sexta-feira (18), ap\u00f3s furtar e bater o ve\u00edculo do namorado de sua irm\u00e3 contra um caminh\u00e3o pipa da Prefeitura de Fl\u00f3rida Paulista.<\/p>\n<p style=\"text-align: justify;\"><a href=\"https:\/\/i2.wp.com\/ifolharegional.com.br\/wp-content\/uploads\/2020\/09\/carro-03.jpg?ssl=1\"><img loading=\"lazy\" decoding=\"async\" class=\"aligncenter  wp-image-25644\" src=\"https:\/\/i2.wp.com\/ifolharegional.com.br\/wp-content\/uploads\/2020\/09\/carro-03.jpg?resize=714%2C523&amp;ssl=1\" sizes=\"auto, (max-width: 714px) 100vw, 714px\" srcset=\"https:\/\/i2.wp.com\/ifolharegional.com.br\/wp-content\/uploads\/2020\/09\/carro-03.jpg?w=800&amp;ssl=1 800w, https:\/\/i2.wp.com\/ifolharegional.com.br\/wp-content\/uploads\/2020\/09\/carro-03.jpg?resize=300%2C220&amp;ssl=1 300w, https:\/\/i2.wp.com\/ifolharegional.com.br\/wp-content\/uploads\/2020\/09\/carro-03.jpg?resize=768%2C563&amp;ssl=1 768w\" alt=\"\" width=\"714\" height=\"523\" data-attachment-id=\"25644\" data-permalink=\"https:\/\/ifolharegional.com.br\/2020\/09\/19\/florida-menor-furta-veiculo-e-causa-acidente\/carro-03\/\" data-orig-file=\"https:\/\/i2.wp.com\/ifolharegional.com.br\/wp-content\/uploads\/2020\/09\/carro-03.jpg?fit=800%2C586&amp;ssl=1\" data-orig-size=\"800,586\" data-comments-opened=\"0\" data-image-meta=\"{&quot;aperture&quot;:&quot;0&quot;,&quot;credit&quot;:&quot;&quot;,&quot;camera&quot;:&quot;&quot;,&quot;caption&quot;:&quot;&quot;,&quot;created_timestamp&quot;:&quot;0&quot;,&quot;copyright&quot;:&quot;&quot;,&quot;focal_length&quot;:&quot;0&quot;,&quot;iso&quot;:&quot;0&quot;,&quot;shutter_speed&quot;:&quot;0&quot;,&quot;title&quot;:&quot;&quot;,&quot;orientation&quot;:&quot;1&quot;}\" data-image-title=\"carro-03\" data-image-description=\"\" data-medium-file=\"https:\/\/i2.wp.com\/ifolharegional.com.br\/wp-content\/uploads\/2020\/09\/carro-03.jpg?fit=300%2C220&amp;ssl=1\" data-large-file=\"https:\/\/i2.wp.com\/ifolharegional.com.br\/wp-content\/uploads\/2020\/09\/carro-03.jpg?fit=740%2C542&amp;ssl=1\" \/><\/a><br \/>\nSegundo informa\u00e7\u00f5es da Pol\u00edcia Militar, o menor estaria em posse das chaves da resid\u00eancia do floridense que estava em viagem fora da cidade. Ele era respons\u00e1vel por alimentar e cuidar do cachorro que ficou no local.<\/p>\n<p style=\"text-align: justify;\">Ao chegar da viagem, momentos ap\u00f3s o acidente, o floridense deparou-se com o seu carro j\u00e1 batido e bastante danificado no cruzamento da Avenida XV de Novembro com a Rua Engenheiro Jos\u00e9 Fonterrada Vieira. O carro cujo condutor n\u00e3o respeitou o sinal de \u201cPARE\u201d, havia atingido o pneu traseiro do caminh\u00e3o.<\/p>\n<p style=\"text-align: justify;\"><a href=\"https:\/\/i0.wp.com\/ifolharegional.com.br\/wp-content\/uploads\/2020\/09\/carro-04.jpg?ssl=1\"><img loading=\"lazy\" decoding=\"async\" class=\"aligncenter  wp-image-25641\" src=\"https:\/\/i0.wp.com\/ifolharegional.com.br\/wp-content\/uploads\/2020\/09\/carro-04.jpg?resize=715%2C512&amp;ssl=1\" sizes=\"auto, (max-width: 715px) 100vw, 715px\" srcset=\"https:\/\/i0.wp.com\/ifolharegional.com.br\/wp-content\/uploads\/2020\/09\/carro-04.jpg?w=700&amp;ssl=1 700w, https:\/\/i0.wp.com\/ifolharegional.com.br\/wp-content\/uploads\/2020\/09\/carro-04.jpg?resize=300%2C215&amp;ssl=1 300w\" alt=\"\" width=\"715\" height=\"512\" data-attachment-id=\"25641\" data-permalink=\"https:\/\/ifolharegional.com.br\/2020\/09\/19\/florida-menor-furta-veiculo-e-causa-acidente\/carro-04\/\" data-orig-file=\"https:\/\/i0.wp.com\/ifolharegional.com.br\/wp-content\/uploads\/2020\/09\/carro-04.jpg?fit=700%2C501&amp;ssl=1\" data-orig-size=\"700,501\" data-comments-opened=\"0\" data-image-meta=\"{&quot;aperture&quot;:&quot;0&quot;,&quot;credit&quot;:&quot;&quot;,&quot;camera&quot;:&quot;&quot;,&quot;caption&quot;:&quot;&quot;,&quot;created_timestamp&quot;:&quot;0&quot;,&quot;copyright&quot;:&quot;&quot;,&quot;focal_length&quot;:&quot;0&quot;,&quot;iso&quot;:&quot;0&quot;,&quot;shutter_speed&quot;:&quot;0&quot;,&quot;title&quot;:&quot;&quot;,&quot;orientation&quot;:&quot;1&quot;}\" data-image-title=\"carro-04\" data-image-description=\"\" data-medium-file=\"https:\/\/i0.wp.com\/ifolharegional.com.br\/wp-content\/uploads\/2020\/09\/carro-04.jpg?fit=300%2C215&amp;ssl=1\" data-large-file=\"https:\/\/i0.wp.com\/ifolharegional.com.br\/wp-content\/uploads\/2020\/09\/carro-04.jpg?fit=700%2C501&amp;ssl=1\" data-recalc-dims=\"1\" \/><\/a><\/p>\n<p style=\"text-align: justify;\">Com a colis\u00e3o, o carro ficou bastante danificado. O infrator estava na companhia de outros dois menores de idade, por\u00e9m, ningu\u00e9m se feriu.<\/p>\n<p style=\"text-align: justify;\"><a href=\"https:\/\/i0.wp.com\/ifolharegional.com.br\/wp-content\/uploads\/2020\/09\/carro-02.jpg?ssl=1\"><img loading=\"lazy\" decoding=\"async\" class=\"aligncenter  wp-image-25643\" src=\"https:\/\/i0.wp.com\/ifolharegional.com.br\/wp-content\/uploads\/2020\/09\/carro-02.jpg?resize=717%2C464&amp;ssl=1\" sizes=\"auto, (max-width: 717px) 100vw, 717px\" srcset=\"https:\/\/i0.wp.com\/ifolharegional.com.br\/wp-content\/uploads\/2020\/09\/carro-02.jpg?w=800&amp;ssl=1 800w, https:\/\/i0.wp.com\/ifolharegional.com.br\/wp-content\/uploads\/2020\/09\/carro-02.jpg?resize=300%2C194&amp;ssl=1 300w, https:\/\/i0.wp.com\/ifolharegional.com.br\/wp-content\/uploads\/2020\/09\/carro-02.jpg?resize=768%2C497&amp;ssl=1 768w\" alt=\"\" width=\"717\" height=\"464\" data-attachment-id=\"25643\" data-permalink=\"https:\/\/ifolharegional.com.br\/2020\/09\/19\/florida-menor-furta-veiculo-e-causa-acidente\/carro-02\/\" data-orig-file=\"https:\/\/i0.wp.com\/ifolharegional.com.br\/wp-content\/uploads\/2020\/09\/carro-02.jpg?fit=800%2C518&amp;ssl=1\" data-orig-size=\"800,518\" data-comments-opened=\"0\" data-image-meta=\"{&quot;aperture&quot;:&quot;0&quot;,&quot;credit&quot;:&quot;&quot;,&quot;camera&quot;:&quot;&quot;,&quot;caption&quot;:&quot;&quot;,&quot;created_timestamp&quot;:&quot;0&quot;,&quot;copyright&quot;:&quot;&quot;,&quot;focal_length&quot;:&quot;0&quot;,&quot;iso&quot;:&quot;0&quot;,&quot;shutter_speed&quot;:&quot;0&quot;,&quot;title&quot;:&quot;&quot;,&quot;orientation&quot;:&quot;1&quot;}\" data-image-title=\"carro-02\" data-image-description=\"\" data-medium-file=\"https:\/\/i0.wp.com\/ifolharegional.com.br\/wp-content\/uploads\/2020\/09\/carro-02.jpg?fit=300%2C194&amp;ssl=1\" data-large-file=\"https:\/\/i0.wp.com\/ifolharegional.com.br\/wp-content\/uploads\/2020\/09\/carro-02.jpg?fit=740%2C479&amp;ssl=1\" data-recalc-dims=\"1\" \/><\/a><\/p>\n<p style=\"text-align: justify;\">As Pol\u00edcias Civil e Militar atenderam a ocorr\u00eancia. Foi registrado o furto, auto de infra\u00e7\u00e3o devido o condutor n\u00e3o ser habilitado e tomadas as demais provid\u00eancias pertinentes.<\/p>\n<p style=\"text-align: justify;\">Ap\u00f3s a apresenta\u00e7\u00e3o da ocorr\u00eancia, os menores foram liberados para os respectivos respons\u00e1veis.<\/p>\n<p style=\"text-align: justify;\">Fonte: Folha Regional<\/p>\n","protected":false},"excerpt":{"rendered":"<p>Um menor de 15 anos, causou um acidente com danos de grande monta na manh\u00e3 desta sexta-feira (18), ap\u00f3s furtar e bater o ve\u00edculo do namorado de sua irm\u00e3 contra um caminh\u00e3o pipa da Prefeitura de Fl\u00f3rida Paulista. Segundo informa\u00e7\u00f5es da Pol\u00edcia Militar, o menor estaria em posse das chaves da resid\u00eancia do floridense que [&hellip;]<\/p>\n","protected":false},"author":1,"featured_media":35267,"comment_status":"closed","ping_status":"open","sticky":false,"template":"","format":"standard","meta":{"footnotes":""},"categories":[170,110],"tags":[],"class_list":["post-35266","post","type-post","status-publish","format-standard","has-post-thumbnail","hentry","category-acidentes","category-noticiasdestaque"],"_links":{"self":[{"href":"https:\/\/jorgezanoni.com.br\/2019\/wp-json\/wp\/v2\/posts\/35266","targetHints":{"allow":["GET"]}}],"collection":[{"href":"https:\/\/jorgezanoni.com.br\/2019\/wp-json\/wp\/v2\/posts"}],"about":[{"href":"https:\/\/jorgezanoni.com.br\/2019\/wp-json\/wp\/v2\/types\/post"}],"author":[{"embeddable":true,"href":"https:\/\/jorgezanoni.com.br\/2019\/wp-json\/wp\/v2\/users\/1"}],"replies":[{"embeddable":true,"href":"https:\/\/jorgezanoni.com.br\/2019\/wp-json\/wp\/v2\/comments?post=35266"}],"version-history":[{"count":0,"href":"https:\/\/jorgezanoni.com.br\/2019\/wp-json\/wp\/v2\/posts\/35266\/revisions"}],"wp:featuredmedia":[{"embeddable":true,"href":"https:\/\/jorgezanoni.com.br\/2019\/wp-json\/wp\/v2\/media\/35267"}],"wp:attachment":[{"href":"https:\/\/jorgezanoni.com.br\/2019\/wp-json\/wp\/v2\/media?parent=35266"}],"wp:term":[{"taxonomy":"category","embeddable":true,"href":"https:\/\/jorgezanoni.com.br\/2019\/wp-json\/wp\/v2\/categories?post=35266"},{"taxonomy":"post_tag","embeddable":true,"href":"https:\/\/jorgezanoni.com.br\/2019\/wp-json\/wp\/v2\/tags?post=35266"}],"curies":[{"name":"wp","href":"https:\/\/api.w.org\/{rel}","templated":true}]}}