{"id":35263,"date":"2020-09-20T18:12:04","date_gmt":"2020-09-20T18:12:04","guid":{"rendered":"https:\/\/jorgezanoni.com.br\/2019\/?p=35263"},"modified":"2020-09-20T18:12:04","modified_gmt":"2020-09-20T18:12:04","slug":"tres-pessoas-sao-detidas-em-operacao-policial-no-salto-botelho-em-lucelia","status":"publish","type":"post","link":"https:\/\/jorgezanoni.com.br\/2019\/tres-pessoas-sao-detidas-em-operacao-policial-no-salto-botelho-em-lucelia\/","title":{"rendered":"Tr\u00eas pessoas s\u00e3o detidas em opera\u00e7\u00e3o policial no Salto Botelho em Luc\u00e9lia"},"content":{"rendered":"<p style=\"text-align: justify;\">Uma nova ocorr\u00eancia ligada \u00e0 aglomera\u00e7\u00e3o de pessoas na regi\u00e3o do Salto Botelho, agora no C\u00f3rrego Lajeado, afluente do Rio Aguape\u00ed, em Luc\u00e9lia, neste s\u00e1bado (19), mobilizou a a\u00e7\u00e3o da Pol\u00edcia Militar no local. Al\u00e9m da atua\u00e7\u00e3o para dispersar a aglomera\u00e7\u00e3o n\u00e3o autorizada, a PM flagrou tr\u00e1fico de drogas e fez apreens\u00f5es e pris\u00e3o.<\/p>\n<p style=\"text-align: justify;\"><img loading=\"lazy\" decoding=\"async\" src=\"https:\/\/i1.wp.com\/www.sigamais.com\/arquivo\/uploads\/s1jpg16006037055f674639ea898.jpg?w=740&amp;ssl=1\" width=\"740\" height=\"555\" \/><\/p>\n<p style=\"text-align: justify;\">De acordo com a PM, um menor infrator foi preso por tr\u00e1fico de drogas e dois homens presos por porte. A opera\u00e7\u00e3o da PM no local contou com o trabalho de 20 policiais da 3\u00aa Cia PM de Osvaldo Cruz e da 2\u00aa PM de Adamantina, al\u00e9m do canil. A a\u00e7\u00e3o policial teve a supervis\u00e3o do capit\u00e3o PM Eder Bressan.<\/p>\n<p style=\"text-align: justify;\">Segundo divulgou a PM, no local haviam v\u00e1rias pessoas, que foram abordadas e tiveram seus ve\u00edculos e pertences vistoriados. Em uma das abordagens, os policiais localizaram 20 por\u00e7\u00f5es de maconha e R$ 42 na mochila de um adolescente. Com um homem foi localizado um cigarro artesanal de maconha e com outro homem, dois cigarros artesanais da mesma droga, prontos para consumo.<\/p>\n<p style=\"text-align: justify;\"><img loading=\"lazy\" decoding=\"async\" src=\"https:\/\/i0.wp.com\/www.sigamais.com\/arquivo\/uploads\/s2jpg16006037275f67464f8e79f.jpg?w=740&amp;ssl=1\" width=\"740\" height=\"555\" \/><\/p>\n<p style=\"text-align: justify;\">Na opera\u00e7\u00e3o, ap\u00f3s a abordagem, o p\u00fablico come\u00e7ou a dispersar e deixar o local. Em rela\u00e7\u00e3o \u00e0 localiza\u00e7\u00e3o das drogas, os policiais militares deram voz de pris\u00e3o aos dois homens adultos, por porte de drogas, e voz de apreens\u00e3o ao adolescente por ato infracional de tr\u00e1fico de drogas.<\/p>\n<p style=\"text-align: justify;\">Os casos foram apresentados pela PM ao plant\u00e3o da Pol\u00edcia Civil. Os dois adultos presos por porte foram ouvidos e liberados para responder em liberdade. O adolescente foi mantido apreendido, \u00e0 disposi\u00e7\u00e3o da Justi\u00e7a.<\/p>\n<p style=\"text-align: justify;\"><img loading=\"lazy\" decoding=\"async\" src=\"https:\/\/i0.wp.com\/www.sigamais.com\/arquivo\/uploads\/s3jpg16006037705f67467aa5cf3.jpg?w=740&amp;ssl=1\" width=\"740\" height=\"555\" \/><\/p>\n<p style=\"text-align: justify;\">As \u00e1reas de lazer \u00e0s margens do Rio Aguape\u00ed e no C\u00f3rrego Lajeado t\u00eam recebido muitas pessoas de Luc\u00e9lia e regi\u00e3o. O acesso de ve\u00edculos \u00e0s cachoeiras do Salto Botelho chegou a ser bloqueado pela Prefeitura, ap\u00f3s uma grande aglomera\u00e7\u00e3o registrada no fim de semana do feriado prolongado de 7 de setembro.<\/p>\n<p style=\"text-align: justify;\">Fonte: sigamais.com<\/p>\n","protected":false},"excerpt":{"rendered":"<p>Uma nova ocorr\u00eancia ligada \u00e0 aglomera\u00e7\u00e3o de pessoas na regi\u00e3o do Salto Botelho, agora no C\u00f3rrego Lajeado, afluente do Rio Aguape\u00ed, em Luc\u00e9lia, neste s\u00e1bado (19), mobilizou a a\u00e7\u00e3o da Pol\u00edcia Militar no local. Al\u00e9m da atua\u00e7\u00e3o para dispersar a aglomera\u00e7\u00e3o n\u00e3o autorizada, a PM flagrou tr\u00e1fico de drogas e fez apreens\u00f5es e pris\u00e3o. De [&hellip;]<\/p>\n","protected":false},"author":1,"featured_media":35264,"comment_status":"closed","ping_status":"open","sticky":false,"template":"","format":"standard","meta":{"footnotes":""},"categories":[110,2],"tags":[],"class_list":["post-35263","post","type-post","status-publish","format-standard","has-post-thumbnail","hentry","category-noticiasdestaque","category-policial"],"_links":{"self":[{"href":"https:\/\/jorgezanoni.com.br\/2019\/wp-json\/wp\/v2\/posts\/35263","targetHints":{"allow":["GET"]}}],"collection":[{"href":"https:\/\/jorgezanoni.com.br\/2019\/wp-json\/wp\/v2\/posts"}],"about":[{"href":"https:\/\/jorgezanoni.com.br\/2019\/wp-json\/wp\/v2\/types\/post"}],"author":[{"embeddable":true,"href":"https:\/\/jorgezanoni.com.br\/2019\/wp-json\/wp\/v2\/users\/1"}],"replies":[{"embeddable":true,"href":"https:\/\/jorgezanoni.com.br\/2019\/wp-json\/wp\/v2\/comments?post=35263"}],"version-history":[{"count":0,"href":"https:\/\/jorgezanoni.com.br\/2019\/wp-json\/wp\/v2\/posts\/35263\/revisions"}],"wp:featuredmedia":[{"embeddable":true,"href":"https:\/\/jorgezanoni.com.br\/2019\/wp-json\/wp\/v2\/media\/35264"}],"wp:attachment":[{"href":"https:\/\/jorgezanoni.com.br\/2019\/wp-json\/wp\/v2\/media?parent=35263"}],"wp:term":[{"taxonomy":"category","embeddable":true,"href":"https:\/\/jorgezanoni.com.br\/2019\/wp-json\/wp\/v2\/categories?post=35263"},{"taxonomy":"post_tag","embeddable":true,"href":"https:\/\/jorgezanoni.com.br\/2019\/wp-json\/wp\/v2\/tags?post=35263"}],"curies":[{"name":"wp","href":"https:\/\/api.w.org\/{rel}","templated":true}]}}